{"id":61554,"date":"2025-06-10T09:43:25","date_gmt":"2025-06-10T07:43:25","guid":{"rendered":"https:\/\/mf.ag\/?p=61554"},"modified":"2025-06-13T08:24:34","modified_gmt":"2025-06-13T06:24:34","slug":"inside-germanys-growing-executive-interim-management-market-an-interview-with-robert-sadjak","status":"publish","type":"post","link":"https:\/\/mf.ag\/en\/articles\/inside-germanys-growing-executive-interim-management-market-an-interview-with-robert-sadjak\/","title":{"rendered":"Inside Germany\u2019s Growing Executive Interim Management Market: An interview with Robert Sadjak\u00a0"},"content":{"rendered":"\n<p>As <a href=\"https:\/\/mf.ag\/de\/executive-interim-management\/\">Executive Interim Management<\/a> continues to establish itself as a critical strategic tool across Europe, Germany stands out with a mature yet evolving market. To understand the current landscape, trends, and challenges in the German Interim Management sector, our partner <a href=\"https:\/\/www.linkedin.com\/in\/thomas-tschol-a95227\/?originalSubdomain=at\" target=\"_blank\" rel=\"noreferrer noopener\">Thomas Tschol<\/a> spoke with <a href=\"https:\/\/www.linkedin.com\/in\/robertsadjak\/\" target=\"_blank\" rel=\"noreferrer noopener\">Robert Sadjak<\/a>, Managing Partner of <a href=\"https:\/\/www.valtus.de\/\" target=\"_blank\" rel=\"noreferrer noopener\">Valtus Germany<\/a> &#8211; part of the Valtus Group and member of the <a href=\"https:\/\/valtusgroup.com\/\" target=\"_blank\" rel=\"noreferrer noopener\">Valtus Alliance<\/a> network. Drawing on his extensive experience, Robert offers valuable perspectives on demand drivers, industry focus, client expectations, and the future outlook for interim leadership in Germany.&nbsp;<\/p>\n\n\n\n<h3 class=\"wp-block-heading\" id=\"h-how-would-you-describe-the-current-state-of-the-executive-interim-management-market-in-germany-has-demand-grown-in-recent-years-and-at-what-rate\">How would you describe the current state of the Executive Interim Management market in Germany? Has demand grown in recent years, and at what rate?\u00a0<\/h3>\n\n\n\n<p><em>The German Interim Management market has shown remarkable resilience despite economic challenges. According to the <a href=\"https:\/\/ddim.de\/german-interim-management-association\/\" target=\"_blank\" rel=\"noreferrer noopener\">DDIM (Dachgesellschaft Deutsches Interim Management)<\/a>, companies are increasingly turning to Interim Managers to address pressing challenges that require both specialist expertise and swift execution. The AIMP Market Study 2024\/25 reinforces this view, predicting that Interim Management will solidify its role as a strategic leadership tool, especially during transformation phases.<\/em>&nbsp;<\/p>\n\n\n\n<p><em>While growth rates vary across sectors, estimates place the annual market growth between 5 % and 10 %. This moderate upward trend is expected to continue into 2025, driven by evolving business needs and the increasing complexity of corporate environments.<\/em>&nbsp;<\/p>\n\n\n\n<h3 class=\"wp-block-heading\" id=\"h-which-interim-roles-are-currently-in-highest-demand-and-how-has-this-shifted-over-time\">Which interim roles are currently in highest demand, and how has this shifted over time?\u00a0<\/h3>\n\n\n\n<p><em>Executive Interim assignments in Germany predominantly focus on senior leadership positions, with roughly 70 % of mandates at the C-level. The highest demand is for:<\/em>&nbsp;<\/p>\n\n\n\n<ul class=\"wp-block-list\">\n<li><em>CFOs (Finance)<\/em>&nbsp;<\/li>\n<\/ul>\n\n\n\n<ul class=\"wp-block-list\">\n<li><em>CEOs \/ Managing Directors (General Management)<\/em>&nbsp;<\/li>\n<\/ul>\n\n\n\n<ul class=\"wp-block-list\">\n<li><em>COOs \/ Heads of Supply Chain Management (Operations)<\/em>&nbsp;<\/li>\n<\/ul>\n\n\n\n<ul class=\"wp-block-list\">\n<li><em>CHROs (Human Resources)<\/em>&nbsp;<\/li>\n<\/ul>\n\n\n\n<p><\/p>\n\n\n\n<div class=\"wp-block-media-text alignwide is-stacked-on-mobile is-vertically-aligned-center is-style-tw-overlap has-white-background-color has-background\" style=\"margin-top:0\"><figure class=\"wp-block-media-text__media\"><img loading=\"lazy\" decoding=\"async\" width=\"1024\" height=\"1024\" src=\"https:\/\/mf.ag\/wp-content\/uploads\/2025\/06\/Robert-Sadjak-Beratungs-Experte-2025-22-1024x1024.jpg\" alt=\"\" class=\"wp-image-61564 size-full\" srcset=\"https:\/\/mf.ag\/wp-content\/uploads\/2025\/06\/Robert-Sadjak-Beratungs-Experte-2025-22-1024x1024.jpg 1024w, https:\/\/mf.ag\/wp-content\/uploads\/2025\/06\/Robert-Sadjak-Beratungs-Experte-2025-22-300x300.jpg 300w, https:\/\/mf.ag\/wp-content\/uploads\/2025\/06\/Robert-Sadjak-Beratungs-Experte-2025-22-250x250.jpg 250w, https:\/\/mf.ag\/wp-content\/uploads\/2025\/06\/Robert-Sadjak-Beratungs-Experte-2025-22-768x768.jpg 768w, https:\/\/mf.ag\/wp-content\/uploads\/2025\/06\/Robert-Sadjak-Beratungs-Experte-2025-22-1536x1536.jpg 1536w, https:\/\/mf.ag\/wp-content\/uploads\/2025\/06\/Robert-Sadjak-Beratungs-Experte-2025-22-24x24.jpg 24w, https:\/\/mf.ag\/wp-content\/uploads\/2025\/06\/Robert-Sadjak-Beratungs-Experte-2025-22-48x48.jpg 48w, https:\/\/mf.ag\/wp-content\/uploads\/2025\/06\/Robert-Sadjak-Beratungs-Experte-2025-22-96x96.jpg 96w, https:\/\/mf.ag\/wp-content\/uploads\/2025\/06\/Robert-Sadjak-Beratungs-Experte-2025-22-150x150.jpg 150w, https:\/\/mf.ag\/wp-content\/uploads\/2025\/06\/Robert-Sadjak-Beratungs-Experte-2025-22.jpg 2000w\" sizes=\"auto, (max-width: 1024px) 100vw, 1024px\" \/><\/figure><div class=\"wp-block-media-text__content\">\n<p><em><em>Historically, Interim Managers were mainly deployed in crisis or replacement scenarios. However, today their role has expanded significantly into strategic projects such as digital transformation, post-merger integration, and operational professionalization. This evolution reflects the growing recognition of Interim Executives as proactive drivers of change rather than reactive stopgap solutions.<\/em>&nbsp;<\/em><\/p>\n<\/div><\/div>\n\n\n\n<h3 class=\"wp-block-heading\" id=\"h-which-industries-most-frequently-use-executive-interim-management-services-in-germany\">Which industries most frequently use Executive Interim Management services in Germany?\u00a0<\/h3>\n\n\n\n<p><em>Interim leadership is widely utilized across various sectors, with particularly strong demand in:<\/em>&nbsp;<\/p>\n\n\n\n<ul class=\"wp-block-list\">\n<li><em>Manufacturing<\/em>&nbsp;<\/li>\n<\/ul>\n\n\n\n<ul class=\"wp-block-list\">\n<li><em>Mechanical and Plant Engineering<\/em>&nbsp;<\/li>\n<\/ul>\n\n\n\n<ul class=\"wp-block-list\">\n<li><em>Automotive<\/em>&nbsp;<\/li>\n<\/ul>\n\n\n\n<ul class=\"wp-block-list\">\n<li><em>Defence<\/em>&nbsp;<\/li>\n<\/ul>\n\n\n\n<ul class=\"wp-block-list\">\n<li><em>Healthcare &amp; Pharmaceuticals<\/em>&nbsp;<\/li>\n<\/ul>\n\n\n\n<p><em>These industries face ongoing pressures such as digitalization, supply chain disruptions, and the need for rapid implementation of complex initiatives, making Interim Managers essential for maintaining agility and performance.<\/em>&nbsp;<\/p>\n\n\n\n<h3 class=\"wp-block-heading\" id=\"h-what-are-the-most-common-challenges-that-lead-clients-to-engage-interim-executives\">What are the most common challenges that lead clients to engage Interim Executives?\u00a0<\/h3>\n\n\n\n<p><em>The key triggers for interim deployments include:<\/em>&nbsp;<\/p>\n\n\n\n<ul class=\"wp-block-list\">\n<li><em>Restructuring and turnaround efforts<\/em>&nbsp;<\/li>\n<\/ul>\n\n\n\n<ul class=\"wp-block-list\">\n<li><em>Digital and organizational transformation<\/em>&nbsp;<\/li>\n<\/ul>\n\n\n\n<ul class=\"wp-block-list\">\n<li><em>Post-merger integration<\/em>&nbsp;<\/li>\n<\/ul>\n\n\n\n<ul class=\"wp-block-list\">\n<li><em>Crisis management<\/em>&nbsp;<\/li>\n<\/ul>\n\n\n\n<ul class=\"wp-block-list\">\n<li><em>Rapid international expansion or growth<\/em>&nbsp;<\/li>\n<\/ul>\n\n\n\n<p><em>Transformation and restructuring dominate the landscape, fuelled by inflationary pressures, supply chain bottlenecks, and accelerated digital adoption. Interim Managers bring the experience and focus necessary to navigate these complex scenarios effectively.<\/em>&nbsp;<\/p>\n\n\n\n<h3 class=\"wp-block-heading\" id=\"h-what-expectations-do-german-clients-typically-have-regarding-interim-managers-experience-availability-and-flexibility\">What expectations do German clients typically have regarding interim managers\u2019 experience, availability, and flexibility?\u00a0<\/h3>\n\n\n\n<p><em>Clients in Germany seek Interim Executives with:<\/em>&nbsp;<\/p>\n\n\n\n<ul class=\"wp-block-list\">\n<li><em>Extensive senior leadership experience, often 15+ years, plus proven interim track records<\/em>&nbsp;<\/li>\n<\/ul>\n\n\n\n<ul class=\"wp-block-list\">\n<li><em>Immediate availability, typically within 1\u20132 weeks<\/em>&nbsp;<\/li>\n<\/ul>\n\n\n\n<ul class=\"wp-block-list\">\n<li><em>A strong focus on delivering clearly defined short-term results<\/em>&nbsp;<\/li>\n<\/ul>\n\n\n\n<ul class=\"wp-block-list\">\n<li><em>High adaptability and the ability to integrate quickly into teams<\/em>&nbsp;<\/li>\n<\/ul>\n\n\n\n<p><em>The average Interim Manager in Germany is approximately 57 years old, indicating a pool of deeply seasoned professionals. Fast onboarding, solution orientation, and independence are essential for success.<\/em>&nbsp;<\/p>\n\n\n\n<h3 class=\"wp-block-heading\" id=\"h-are-there-legal-economic-or-cultural-factors-unique-to-germany-that-affect-the-use-of-executive-interim-management\">Are there legal, economic, or cultural factors unique to Germany that affect the use of Executive Interim Management?\u00a0<\/h3>\n\n\n\n<p><em>Several factors shape the German market\u2019s approach:<\/em>&nbsp;<\/p>\n\n\n\n<ul class=\"wp-block-list\">\n<li><em>Legal concerns about \u201cfalse self-employment\u201d make some companies cautious<\/em>&nbsp;<\/li>\n<\/ul>\n\n\n\n<ul class=\"wp-block-list\">\n<li><em>A cultural preference for long-term employment and internal succession still influences hiring decisions<\/em>&nbsp;<\/li>\n<\/ul>\n\n\n\n<ul class=\"wp-block-list\">\n<li><em>Compared to markets like France, German businesses tend to adopt temporary leadership more cautiously<\/em>&nbsp;<\/li>\n<\/ul>\n\n\n\n<p><em>As a result, Interim Management providers often invest significant effort in educating clients about the strategic value of interim leadership, supported by clear success cases.<\/em>&nbsp;<\/p>\n\n\n\n<h3 class=\"wp-block-heading\" id=\"h-how-mature-is-germany-s-executive-interim-management-ecosystem-is-there-broad-acceptance-and-a-strong-network-of-specialized-providers\">How mature is Germany\u2019s Executive Interim Management ecosystem? Is there broad acceptance and a strong network of specialized providers?\u00a0<\/h3>\n\n\n\n<p><em>Germany benefits from a well-developed Interim Management ecosystem anchored by:<\/em>&nbsp;<\/p>\n\n\n\n<ul class=\"wp-block-list\">\n<li><em>The DDIM association, which promotes industry standards and visibility<\/em>&nbsp;<\/li>\n<\/ul>\n\n\n\n<ul class=\"wp-block-list\">\n<li><em>A diverse array of specialized consultancies, providers, and digital platforms catering to various sectors and functions<\/em>&nbsp;<\/li>\n<\/ul>\n\n\n\n<ul class=\"wp-block-list\">\n<li><em>Increasing acceptance of Interim Management, particularly among medium to large enterprises, as a strategic leadership resource<\/em>&nbsp;<\/li>\n<\/ul>\n\n\n\n<p><em>That said, challenges remain in expanding awareness and adoption among SMEs and family-owned companies, which often discover interim leadership after facing bottlenecks or generational transitions.<\/em>&nbsp;<\/p>\n\n\n\n<p><em>Overall, the ecosystem continues to mature, driven by factors such as growing business complexity, talent shortages, and a shift in mindset toward viewing Interim Executives as strategic partners rather than last-resort options.<\/em>&nbsp;<\/p>\n\n\n\n<p>Robert Sadjak\u2019s insights underline the steady growth and strategic importance of Interim Management in Germany. With a strong foundation in senior-level assignments across critical sectors, the market is transitioning from crisis-driven mandates to broader, transformation-focused roles. While legal and cultural factors create some unique challenges, Germany\u2019s robust ecosystem &#8211; supported by organizations like DDIM and a growing network of specialized providers &#8211; is well positioned for further expansion. As companies grapple with increasing complexity and change, Interim Executives continue to emerge as indispensable partners in delivering agile, high-impact leadership across industries.&nbsp;<\/p>\n","protected":false},"excerpt":{"rendered":"<p>As Executive Interim Management continues to establish itself as a critical strategic tool across Europe, Germany stands out with a mature yet evolving market. To understand the current landscape, trends, and challenges in the German Interim Management sector, our partner Thomas Tschol spoke with Robert Sadjak, Managing Partner of Valtus Germany &#8211; part of the [&hellip;]<\/p>\n","protected":false},"author":31,"featured_media":61556,"comment_status":"closed","ping_status":"closed","sticky":false,"template":"","format":"standard","meta":{"inline_featured_image":false,"footnotes":""},"categories":[2788,3268],"tags":[3516,3546,3624],"class_list":["post-61554","post","type-post","status-publish","format-standard","has-post-thumbnail","hentry","category-articles","category-artikel","tag-executive-interim-management-en","tag-interim-management-en","tag-valtus-en"],"featured_image_urls_v2":{"full":["https:\/\/mf.ag\/wp-content\/uploads\/2025\/06\/Website-Bilder-Neu-53.png",1920,1080,false],"thumbnail":["https:\/\/mf.ag\/wp-content\/uploads\/2025\/06\/Website-Bilder-Neu-53-250x250.png",250,250,true],"medium":["https:\/\/mf.ag\/wp-content\/uploads\/2025\/06\/Website-Bilder-Neu-53-300x169.png",300,169,true],"medium_large":["https:\/\/mf.ag\/wp-content\/uploads\/2025\/06\/Website-Bilder-Neu-53-768x432.png",768,432,true],"large":["https:\/\/mf.ag\/wp-content\/uploads\/2025\/06\/Website-Bilder-Neu-53-1024x576.png",1024,576,true],"1536x1536":["https:\/\/mf.ag\/wp-content\/uploads\/2025\/06\/Website-Bilder-Neu-53-1536x864.png",1536,864,true],"2048x2048":["https:\/\/mf.ag\/wp-content\/uploads\/2025\/06\/Website-Bilder-Neu-53.png",1920,1080,false],"gform-image-choice-sm":["https:\/\/mf.ag\/wp-content\/uploads\/2025\/06\/Website-Bilder-Neu-53.png",300,169,false],"gform-image-choice-md":["https:\/\/mf.ag\/wp-content\/uploads\/2025\/06\/Website-Bilder-Neu-53.png",400,225,false],"gform-image-choice-lg":["https:\/\/mf.ag\/wp-content\/uploads\/2025\/06\/Website-Bilder-Neu-53.png",600,338,false],"profile_24":["https:\/\/mf.ag\/wp-content\/uploads\/2025\/06\/Website-Bilder-Neu-53-24x24.png",24,24,true],"profile_48":["https:\/\/mf.ag\/wp-content\/uploads\/2025\/06\/Website-Bilder-Neu-53-48x48.png",48,48,true],"profile_96":["https:\/\/mf.ag\/wp-content\/uploads\/2025\/06\/Website-Bilder-Neu-53-96x96.png",96,96,true],"profile_150":["https:\/\/mf.ag\/wp-content\/uploads\/2025\/06\/Website-Bilder-Neu-53-150x150.png",150,150,true],"profile_300":["https:\/\/mf.ag\/wp-content\/uploads\/2025\/06\/Website-Bilder-Neu-53-300x300.png",300,300,true]},"post_excerpt_stackable_v2":"<p>As Executive Interim Management continues to establish itself as a critical strategic tool across Europe, Germany stands out with a mature yet evolving market. To understand the current landscape, trends, and challenges in the German Interim Management sector, our partner Thomas Tschol spoke with Robert Sadjak, Managing Partner of Valtus Germany &#8211; part of the Valtus Group and member of the Valtus Alliance network. Drawing on his extensive experience, Robert offers valuable perspectives on demand drivers, industry focus, client expectations, and the future outlook for interim leadership in Germany.&nbsp; How would you describe the current state of the Executive Interim&hellip;<\/p>\n","category_list_v2":"<a href=\"https:\/\/mf.ag\/en\/category\/articles\/\" rel=\"category tag\">Articles<\/a>, <a href=\"https:\/\/mf.ag\/de\/category\/artikel\/\" rel=\"category tag\">Artikel<\/a>","author_info_v2":{"name":"Thomas Tschol","url":"https:\/\/mf.ag\/en\/author\/thomas\/"},"comments_num_v2":"0 comments","yoast_head":"<!-- This site is optimized with the Yoast SEO Premium plugin v25.8 (Yoast SEO v27.5) - https:\/\/yoast.com\/product\/yoast-seo-premium-wordpress\/ -->\n<title>Inside Germany\u2019s Growing Executive Interim Management Market: An interview with Robert Sadjak\u00a0 &#187; Management Factory<\/title>\n<meta name=\"robots\" content=\"index, follow, max-snippet:-1, max-image-preview:large, max-video-preview:-1\" \/>\n<link rel=\"canonical\" href=\"https:\/\/mf.ag\/en\/articles\/inside-germanys-growing-executive-interim-management-market-an-interview-with-robert-sadjak\/\" \/>\n<meta property=\"og:locale\" content=\"en_US\" \/>\n<meta property=\"og:type\" content=\"article\" \/>\n<meta property=\"og:title\" content=\"Inside Germany\u2019s Growing Executive Interim Management Market: An interview with Robert Sadjak\u00a0\" \/>\n<meta property=\"og:description\" content=\"As Executive Interim Management continues to establish itself as a critical strategic tool across Europe, Germany stands out with a mature yet evolving market. To understand the current landscape, trends, and challenges in the German Interim Management sector, our partner Thomas Tschol spoke with Robert Sadjak, Managing Partner of Valtus Germany &#8211; part of the [&hellip;]\" \/>\n<meta property=\"og:url\" content=\"https:\/\/mf.ag\/en\/articles\/inside-germanys-growing-executive-interim-management-market-an-interview-with-robert-sadjak\/\" \/>\n<meta property=\"og:site_name\" content=\"Management Factory\" \/>\n<meta property=\"article:published_time\" content=\"2025-06-10T07:43:25+00:00\" \/>\n<meta property=\"article:modified_time\" content=\"2025-06-13T06:24:34+00:00\" \/>\n<meta property=\"og:image\" content=\"https:\/\/mf.ag\/wp-content\/uploads\/2025\/06\/Website-Bilder-Neu-53-1024x576.png\" \/>\n\t<meta property=\"og:image:width\" content=\"1024\" \/>\n\t<meta property=\"og:image:height\" content=\"576\" \/>\n\t<meta property=\"og:image:type\" content=\"image\/png\" \/>\n<meta name=\"author\" content=\"Thomas Tschol\" \/>\n<meta name=\"twitter:card\" content=\"summary_large_image\" \/>\n<meta name=\"twitter:label1\" content=\"Written by\" \/>\n\t<meta name=\"twitter:data1\" content=\"Thomas Tschol\" \/>\n\t<meta name=\"twitter:label2\" content=\"Est. reading time\" \/>\n\t<meta name=\"twitter:data2\" content=\"6 minutes\" \/>\n<script type=\"application\/ld+json\" class=\"yoast-schema-graph\">{\"@context\":\"https:\\\/\\\/schema.org\",\"@graph\":[{\"@type\":\"Article\",\"@id\":\"https:\\\/\\\/mf.ag\\\/en\\\/articles\\\/inside-germanys-growing-executive-interim-management-market-an-interview-with-robert-sadjak\\\/#article\",\"isPartOf\":{\"@id\":\"https:\\\/\\\/mf.ag\\\/en\\\/articles\\\/inside-germanys-growing-executive-interim-management-market-an-interview-with-robert-sadjak\\\/\"},\"author\":{\"name\":\"Thomas Tschol\",\"@id\":\"https:\\\/\\\/mf.ag\\\/en\\\/#\\\/schema\\\/person\\\/1179cd2951ad520edd576f0446ff3205\"},\"headline\":\"Inside Germany\u2019s Growing Executive Interim Management Market: An interview with Robert Sadjak\u00a0\",\"datePublished\":\"2025-06-10T07:43:25+00:00\",\"dateModified\":\"2025-06-13T06:24:34+00:00\",\"mainEntityOfPage\":{\"@id\":\"https:\\\/\\\/mf.ag\\\/en\\\/articles\\\/inside-germanys-growing-executive-interim-management-market-an-interview-with-robert-sadjak\\\/\"},\"wordCount\":892,\"publisher\":{\"@id\":\"https:\\\/\\\/mf.ag\\\/en\\\/#organization\"},\"image\":{\"@id\":\"https:\\\/\\\/mf.ag\\\/en\\\/articles\\\/inside-germanys-growing-executive-interim-management-market-an-interview-with-robert-sadjak\\\/#primaryimage\"},\"thumbnailUrl\":\"https:\\\/\\\/mf.ag\\\/wp-content\\\/uploads\\\/2025\\\/06\\\/Website-Bilder-Neu-53.png\",\"keywords\":[\"Executive Interim Management\",\"Interim Management\",\"Valtus\"],\"articleSection\":[\"Articles\",\"Artikel\"],\"inLanguage\":\"en-US\"},{\"@type\":\"WebPage\",\"@id\":\"https:\\\/\\\/mf.ag\\\/en\\\/articles\\\/inside-germanys-growing-executive-interim-management-market-an-interview-with-robert-sadjak\\\/\",\"url\":\"https:\\\/\\\/mf.ag\\\/en\\\/articles\\\/inside-germanys-growing-executive-interim-management-market-an-interview-with-robert-sadjak\\\/\",\"name\":\"Inside Germany\u2019s Growing Executive Interim Management Market: An interview with Robert Sadjak\u00a0 &#187; Management Factory\",\"isPartOf\":{\"@id\":\"https:\\\/\\\/mf.ag\\\/en\\\/#website\"},\"primaryImageOfPage\":{\"@id\":\"https:\\\/\\\/mf.ag\\\/en\\\/articles\\\/inside-germanys-growing-executive-interim-management-market-an-interview-with-robert-sadjak\\\/#primaryimage\"},\"image\":{\"@id\":\"https:\\\/\\\/mf.ag\\\/en\\\/articles\\\/inside-germanys-growing-executive-interim-management-market-an-interview-with-robert-sadjak\\\/#primaryimage\"},\"thumbnailUrl\":\"https:\\\/\\\/mf.ag\\\/wp-content\\\/uploads\\\/2025\\\/06\\\/Website-Bilder-Neu-53.png\",\"datePublished\":\"2025-06-10T07:43:25+00:00\",\"dateModified\":\"2025-06-13T06:24:34+00:00\",\"breadcrumb\":{\"@id\":\"https:\\\/\\\/mf.ag\\\/en\\\/articles\\\/inside-germanys-growing-executive-interim-management-market-an-interview-with-robert-sadjak\\\/#breadcrumb\"},\"inLanguage\":\"en-US\",\"potentialAction\":[{\"@type\":\"ReadAction\",\"target\":[\"https:\\\/\\\/mf.ag\\\/en\\\/articles\\\/inside-germanys-growing-executive-interim-management-market-an-interview-with-robert-sadjak\\\/\"]}]},{\"@type\":\"ImageObject\",\"inLanguage\":\"en-US\",\"@id\":\"https:\\\/\\\/mf.ag\\\/en\\\/articles\\\/inside-germanys-growing-executive-interim-management-market-an-interview-with-robert-sadjak\\\/#primaryimage\",\"url\":\"https:\\\/\\\/mf.ag\\\/wp-content\\\/uploads\\\/2025\\\/06\\\/Website-Bilder-Neu-53.png\",\"contentUrl\":\"https:\\\/\\\/mf.ag\\\/wp-content\\\/uploads\\\/2025\\\/06\\\/Website-Bilder-Neu-53.png\",\"width\":1920,\"height\":1080},{\"@type\":\"BreadcrumbList\",\"@id\":\"https:\\\/\\\/mf.ag\\\/en\\\/articles\\\/inside-germanys-growing-executive-interim-management-market-an-interview-with-robert-sadjak\\\/#breadcrumb\",\"itemListElement\":[{\"@type\":\"ListItem\",\"position\":1,\"name\":\"Home\",\"item\":\"https:\\\/\\\/mf.ag\\\/en\\\/\"},{\"@type\":\"ListItem\",\"position\":2,\"name\":\"Inside Germany\u2019s Growing Executive Interim Management Market: An interview with Robert Sadjak\u00a0\"}]},{\"@type\":\"WebSite\",\"@id\":\"https:\\\/\\\/mf.ag\\\/en\\\/#website\",\"url\":\"https:\\\/\\\/mf.ag\\\/en\\\/\",\"name\":\"Management Factory\",\"description\":\"Mit Executive Interim Management und Financial Advisory das Gesch\u00e4ft voranbringen\",\"publisher\":{\"@id\":\"https:\\\/\\\/mf.ag\\\/en\\\/#organization\"},\"potentialAction\":[{\"@type\":\"SearchAction\",\"target\":{\"@type\":\"EntryPoint\",\"urlTemplate\":\"https:\\\/\\\/mf.ag\\\/en\\\/?s={search_term_string}\"},\"query-input\":{\"@type\":\"PropertyValueSpecification\",\"valueRequired\":true,\"valueName\":\"search_term_string\"}}],\"inLanguage\":\"en-US\"},{\"@type\":\"Organization\",\"@id\":\"https:\\\/\\\/mf.ag\\\/en\\\/#organization\",\"name\":\"Management Factory\",\"url\":\"https:\\\/\\\/mf.ag\\\/en\\\/\",\"logo\":{\"@type\":\"ImageObject\",\"inLanguage\":\"en-US\",\"@id\":\"https:\\\/\\\/mf.ag\\\/en\\\/#\\\/schema\\\/logo\\\/image\\\/\",\"url\":\"\",\"contentUrl\":\"\",\"caption\":\"Management Factory\"},\"image\":{\"@id\":\"https:\\\/\\\/mf.ag\\\/en\\\/#\\\/schema\\\/logo\\\/image\\\/\"}},{\"@type\":\"Person\",\"@id\":\"https:\\\/\\\/mf.ag\\\/en\\\/#\\\/schema\\\/person\\\/1179cd2951ad520edd576f0446ff3205\",\"name\":\"Thomas Tschol\",\"image\":{\"@type\":\"ImageObject\",\"inLanguage\":\"en-US\",\"@id\":\"https:\\\/\\\/secure.gravatar.com\\\/avatar\\\/be3b553a83b92c160bf704d95ad59a1a1541f86f20cf415aca95f341e85c274a?s=96&r=g\",\"url\":\"https:\\\/\\\/secure.gravatar.com\\\/avatar\\\/be3b553a83b92c160bf704d95ad59a1a1541f86f20cf415aca95f341e85c274a?s=96&r=g\",\"contentUrl\":\"https:\\\/\\\/secure.gravatar.com\\\/avatar\\\/be3b553a83b92c160bf704d95ad59a1a1541f86f20cf415aca95f341e85c274a?s=96&r=g\",\"caption\":\"Thomas Tschol\"},\"description\":\"Thomas Tschol z\u00e4hlt zu den renommiertesten Executive Interim Managern \u00d6sterreichs und verf\u00fcgt \u00fcber eine herausragende Expertise in der Unternehmensrestrukturierung. Im Jahr 2001 gr\u00fcndete er die Management Factory Corporate Advisory GmbH und pr\u00e4gte seither ma\u00dfgeblich deren Entwicklung. F\u00fcr seine au\u00dfergew\u00f6hnlichen Leistungen wurde er 2017 von der D\u00d6IM als Interim Manager des Jahres ausgezeichnet. Heute gilt er als einer der f\u00fchrenden Experten f\u00fcr anspruchsvolle Transformations\u2011 und Sanierungsmandate.\",\"sameAs\":[\"https:\\\/\\\/mf.ag\\\/de\\\/thomas-tschol\\\/\",\"https:\\\/\\\/www.linkedin.com\\\/in\\\/thomas-tschol\\\/\"],\"url\":\"https:\\\/\\\/mf.ag\\\/en\\\/author\\\/thomas\\\/\"}]}<\/script>\n<!-- \/ Yoast SEO Premium plugin. -->","yoast_head_json":{"title":"Inside Germany\u2019s Growing Executive Interim Management Market: An interview with Robert Sadjak\u00a0 &#187; Management Factory","robots":{"index":"index","follow":"follow","max-snippet":"max-snippet:-1","max-image-preview":"max-image-preview:large","max-video-preview":"max-video-preview:-1"},"canonical":"https:\/\/mf.ag\/en\/articles\/inside-germanys-growing-executive-interim-management-market-an-interview-with-robert-sadjak\/","og_locale":"en_US","og_type":"article","og_title":"Inside Germany\u2019s Growing Executive Interim Management Market: An interview with Robert Sadjak\u00a0","og_description":"As Executive Interim Management continues to establish itself as a critical strategic tool across Europe, Germany stands out with a mature yet evolving market. To understand the current landscape, trends, and challenges in the German Interim Management sector, our partner Thomas Tschol spoke with Robert Sadjak, Managing Partner of Valtus Germany &#8211; part of the [&hellip;]","og_url":"https:\/\/mf.ag\/en\/articles\/inside-germanys-growing-executive-interim-management-market-an-interview-with-robert-sadjak\/","og_site_name":"Management Factory","article_published_time":"2025-06-10T07:43:25+00:00","article_modified_time":"2025-06-13T06:24:34+00:00","og_image":[{"width":1024,"height":576,"url":"https:\/\/mf.ag\/wp-content\/uploads\/2025\/06\/Website-Bilder-Neu-53-1024x576.png","type":"image\/png"}],"author":"Thomas Tschol","twitter_card":"summary_large_image","twitter_misc":{"Written by":"Thomas Tschol","Est. reading time":"6 minutes"},"schema":{"@context":"https:\/\/schema.org","@graph":[{"@type":"Article","@id":"https:\/\/mf.ag\/en\/articles\/inside-germanys-growing-executive-interim-management-market-an-interview-with-robert-sadjak\/#article","isPartOf":{"@id":"https:\/\/mf.ag\/en\/articles\/inside-germanys-growing-executive-interim-management-market-an-interview-with-robert-sadjak\/"},"author":{"name":"Thomas Tschol","@id":"https:\/\/mf.ag\/en\/#\/schema\/person\/1179cd2951ad520edd576f0446ff3205"},"headline":"Inside Germany\u2019s Growing Executive Interim Management Market: An interview with Robert Sadjak\u00a0","datePublished":"2025-06-10T07:43:25+00:00","dateModified":"2025-06-13T06:24:34+00:00","mainEntityOfPage":{"@id":"https:\/\/mf.ag\/en\/articles\/inside-germanys-growing-executive-interim-management-market-an-interview-with-robert-sadjak\/"},"wordCount":892,"publisher":{"@id":"https:\/\/mf.ag\/en\/#organization"},"image":{"@id":"https:\/\/mf.ag\/en\/articles\/inside-germanys-growing-executive-interim-management-market-an-interview-with-robert-sadjak\/#primaryimage"},"thumbnailUrl":"https:\/\/mf.ag\/wp-content\/uploads\/2025\/06\/Website-Bilder-Neu-53.png","keywords":["Executive Interim Management","Interim Management","Valtus"],"articleSection":["Articles","Artikel"],"inLanguage":"en-US"},{"@type":"WebPage","@id":"https:\/\/mf.ag\/en\/articles\/inside-germanys-growing-executive-interim-management-market-an-interview-with-robert-sadjak\/","url":"https:\/\/mf.ag\/en\/articles\/inside-germanys-growing-executive-interim-management-market-an-interview-with-robert-sadjak\/","name":"Inside Germany\u2019s Growing Executive Interim Management Market: An interview with Robert Sadjak\u00a0 &#187; Management Factory","isPartOf":{"@id":"https:\/\/mf.ag\/en\/#website"},"primaryImageOfPage":{"@id":"https:\/\/mf.ag\/en\/articles\/inside-germanys-growing-executive-interim-management-market-an-interview-with-robert-sadjak\/#primaryimage"},"image":{"@id":"https:\/\/mf.ag\/en\/articles\/inside-germanys-growing-executive-interim-management-market-an-interview-with-robert-sadjak\/#primaryimage"},"thumbnailUrl":"https:\/\/mf.ag\/wp-content\/uploads\/2025\/06\/Website-Bilder-Neu-53.png","datePublished":"2025-06-10T07:43:25+00:00","dateModified":"2025-06-13T06:24:34+00:00","breadcrumb":{"@id":"https:\/\/mf.ag\/en\/articles\/inside-germanys-growing-executive-interim-management-market-an-interview-with-robert-sadjak\/#breadcrumb"},"inLanguage":"en-US","potentialAction":[{"@type":"ReadAction","target":["https:\/\/mf.ag\/en\/articles\/inside-germanys-growing-executive-interim-management-market-an-interview-with-robert-sadjak\/"]}]},{"@type":"ImageObject","inLanguage":"en-US","@id":"https:\/\/mf.ag\/en\/articles\/inside-germanys-growing-executive-interim-management-market-an-interview-with-robert-sadjak\/#primaryimage","url":"https:\/\/mf.ag\/wp-content\/uploads\/2025\/06\/Website-Bilder-Neu-53.png","contentUrl":"https:\/\/mf.ag\/wp-content\/uploads\/2025\/06\/Website-Bilder-Neu-53.png","width":1920,"height":1080},{"@type":"BreadcrumbList","@id":"https:\/\/mf.ag\/en\/articles\/inside-germanys-growing-executive-interim-management-market-an-interview-with-robert-sadjak\/#breadcrumb","itemListElement":[{"@type":"ListItem","position":1,"name":"Home","item":"https:\/\/mf.ag\/en\/"},{"@type":"ListItem","position":2,"name":"Inside Germany\u2019s Growing Executive Interim Management Market: An interview with Robert Sadjak\u00a0"}]},{"@type":"WebSite","@id":"https:\/\/mf.ag\/en\/#website","url":"https:\/\/mf.ag\/en\/","name":"Management Factory","description":"Mit Executive Interim Management und Financial Advisory das Gesch\u00e4ft voranbringen","publisher":{"@id":"https:\/\/mf.ag\/en\/#organization"},"potentialAction":[{"@type":"SearchAction","target":{"@type":"EntryPoint","urlTemplate":"https:\/\/mf.ag\/en\/?s={search_term_string}"},"query-input":{"@type":"PropertyValueSpecification","valueRequired":true,"valueName":"search_term_string"}}],"inLanguage":"en-US"},{"@type":"Organization","@id":"https:\/\/mf.ag\/en\/#organization","name":"Management Factory","url":"https:\/\/mf.ag\/en\/","logo":{"@type":"ImageObject","inLanguage":"en-US","@id":"https:\/\/mf.ag\/en\/#\/schema\/logo\/image\/","url":"","contentUrl":"","caption":"Management Factory"},"image":{"@id":"https:\/\/mf.ag\/en\/#\/schema\/logo\/image\/"}},{"@type":"Person","@id":"https:\/\/mf.ag\/en\/#\/schema\/person\/1179cd2951ad520edd576f0446ff3205","name":"Thomas Tschol","image":{"@type":"ImageObject","inLanguage":"en-US","@id":"https:\/\/secure.gravatar.com\/avatar\/be3b553a83b92c160bf704d95ad59a1a1541f86f20cf415aca95f341e85c274a?s=96&r=g","url":"https:\/\/secure.gravatar.com\/avatar\/be3b553a83b92c160bf704d95ad59a1a1541f86f20cf415aca95f341e85c274a?s=96&r=g","contentUrl":"https:\/\/secure.gravatar.com\/avatar\/be3b553a83b92c160bf704d95ad59a1a1541f86f20cf415aca95f341e85c274a?s=96&r=g","caption":"Thomas Tschol"},"description":"Thomas Tschol z\u00e4hlt zu den renommiertesten Executive Interim Managern \u00d6sterreichs und verf\u00fcgt \u00fcber eine herausragende Expertise in der Unternehmensrestrukturierung. Im Jahr 2001 gr\u00fcndete er die Management Factory Corporate Advisory GmbH und pr\u00e4gte seither ma\u00dfgeblich deren Entwicklung. F\u00fcr seine au\u00dfergew\u00f6hnlichen Leistungen wurde er 2017 von der D\u00d6IM als Interim Manager des Jahres ausgezeichnet. Heute gilt er als einer der f\u00fchrenden Experten f\u00fcr anspruchsvolle Transformations\u2011 und Sanierungsmandate.","sameAs":["https:\/\/mf.ag\/de\/thomas-tschol\/","https:\/\/www.linkedin.com\/in\/thomas-tschol\/"],"url":"https:\/\/mf.ag\/en\/author\/thomas\/"}]}},"_links":{"self":[{"href":"https:\/\/mf.ag\/en\/wp-json\/wp\/v2\/posts\/61554","targetHints":{"allow":["GET"]}}],"collection":[{"href":"https:\/\/mf.ag\/en\/wp-json\/wp\/v2\/posts"}],"about":[{"href":"https:\/\/mf.ag\/en\/wp-json\/wp\/v2\/types\/post"}],"author":[{"embeddable":true,"href":"https:\/\/mf.ag\/en\/wp-json\/wp\/v2\/users\/31"}],"replies":[{"embeddable":true,"href":"https:\/\/mf.ag\/en\/wp-json\/wp\/v2\/comments?post=61554"}],"version-history":[{"count":5,"href":"https:\/\/mf.ag\/en\/wp-json\/wp\/v2\/posts\/61554\/revisions"}],"predecessor-version":[{"id":61597,"href":"https:\/\/mf.ag\/en\/wp-json\/wp\/v2\/posts\/61554\/revisions\/61597"}],"wp:featuredmedia":[{"embeddable":true,"href":"https:\/\/mf.ag\/en\/wp-json\/wp\/v2\/media\/61556"}],"wp:attachment":[{"href":"https:\/\/mf.ag\/en\/wp-json\/wp\/v2\/media?parent=61554"}],"wp:term":[{"taxonomy":"category","embeddable":true,"href":"https:\/\/mf.ag\/en\/wp-json\/wp\/v2\/categories?post=61554"},{"taxonomy":"post_tag","embeddable":true,"href":"https:\/\/mf.ag\/en\/wp-json\/wp\/v2\/tags?post=61554"}],"curies":[{"name":"wp","href":"https:\/\/api.w.org\/{rel}","templated":true}]}}