{"id":57523,"date":"2024-09-09T08:36:55","date_gmt":"2024-09-09T06:36:55","guid":{"rendered":"https:\/\/mf.ag\/?p=57523"},"modified":"2024-10-25T07:19:00","modified_gmt":"2024-10-25T05:19:00","slug":"management-factory-and-valtus-are-expanding-in-canada-welcome-xnorth","status":"publish","type":"post","link":"https:\/\/mf.ag\/en\/articles\/management-factory-and-valtus-are-expanding-in-canada-welcome-xnorth\/","title":{"rendered":"Management Factory and Valtus are expanding in Canada: Welcome xNorth!"},"content":{"rendered":"\n<p>We are expanding our footprint across North America by welcoming a new partner in Canada &#8211;\u00a0<a href=\"https:\/\/www.linkedin.com\/company\/xnorth\/\" target=\"_blank\" rel=\"noreferrer noopener\">xNorth &#8211; Executive Interim Management<\/a>!<br><br>Building on our recent success in the United States, we&#8217;re thrilled to strengthen our international network with xNorth, a leading <a href=\"https:\/\/mf.ag\/en\/executive-interim-management\/\">Executive Interim Management<\/a> firm based in Toronto with nationwide capabilities.<br><br>Led by former industry executives, xNorth excels in providing immediate access to seasoned professionals who guide businesses through transformation, growth, and crisis. With a deep understanding of the Canadian market and a robust network of elite executives, xNorth supports both local and international companies through successful transitions, including corporate turnarounds, digital transformations, and M&amp;A.<br><br>In recognition of their impact, xNorth was named Startup of the Year by the\u00a0<a href=\"https:\/\/www.linkedin.com\/company\/france-canada-chamber-of-commerce-ontario\/\" target=\"_blank\" rel=\"noreferrer noopener\">France Canada Chamber of Commerce (ON, MB)<\/a>\u00a0in February 2024.<br><br><a href=\"https:\/\/www.linkedin.com\/in\/benoit-creneau\/\" target=\"_blank\" rel=\"noreferrer noopener\">Beno\u00eet Cr\u00e9neau<\/a>, President &amp; CEO at <a href=\"https:\/\/www.xnorthgroup.com\/\" target=\"_blank\" rel=\"noreferrer noopener\">xNor<\/a><a href=\"https:\/\/www.xnorthgroup.com\/\">th<\/a>, says, \u201cJoining Valtus Alliance enables us to offer world-class solutions to our clients, both locally and internationally. This partnership is a natural step in accelerating our global expansion.\u201d<br><br>As the demand for Executive Interim Management continues to grow in Canada, Valtus Alliance is committed to raising awareness of this powerful solution, helping businesses navigate complex challenges with precision and expertise.<br><br><a href=\"https:\/\/www.linkedin.com\/in\/aymericbas\/\" target=\"_blank\" rel=\"noreferrer noopener\">Aymeric Bas<\/a>, Managing Partner International &amp; Chief Revenue Officer at\u00a0<a href=\"https:\/\/www.linkedin.com\/company\/valtus\/\" target=\"_blank\" rel=\"noreferrer noopener\">VALTUS &#8211; Leader Europ\u00e9en du Management de Transition<\/a>, adds, \u201cExpanding our network across North America deepens our ability to provide culturally nuanced Interim Management solutions, ensuring that our clients receive a seamless support.<\/p>\n","protected":false},"excerpt":{"rendered":"<p>We are expanding our footprint across North America by welcoming a new partner in Canada &#8211;\u00a0xNorth &#8211; Executive Interim Management! Building on our recent success in the United States, we&#8217;re thrilled to strengthen our international network with xNorth, a leading Executive Interim Management firm based in Toronto with nationwide capabilities. Led by former industry executives, [&hellip;]<\/p>\n","protected":false},"author":32,"featured_media":57524,"comment_status":"closed","ping_status":"closed","sticky":false,"template":"","format":"standard","meta":{"inline_featured_image":false,"footnotes":""},"categories":[2788],"tags":[3914,3915,3516,3624,3255],"class_list":["post-57523","post","type-post","status-publish","format-standard","has-post-thumbnail","hentry","category-articles","tag-america","tag-canada","tag-executive-interim-management-en","tag-valtus-en","tag-valtus-alliance"],"featured_image_urls_v2":{"full":["https:\/\/mf.ag\/wp-content\/uploads\/2024\/09\/xNorth-final-Homepage.png",1920,1080,false],"thumbnail":["https:\/\/mf.ag\/wp-content\/uploads\/2024\/09\/xNorth-final-Homepage-250x250.png",250,250,true],"medium":["https:\/\/mf.ag\/wp-content\/uploads\/2024\/09\/xNorth-final-Homepage-300x169.png",300,169,true],"medium_large":["https:\/\/mf.ag\/wp-content\/uploads\/2024\/09\/xNorth-final-Homepage-768x432.png",768,432,true],"large":["https:\/\/mf.ag\/wp-content\/uploads\/2024\/09\/xNorth-final-Homepage-1024x576.png",1024,576,true],"1536x1536":["https:\/\/mf.ag\/wp-content\/uploads\/2024\/09\/xNorth-final-Homepage-1536x864.png",1536,864,true],"2048x2048":["https:\/\/mf.ag\/wp-content\/uploads\/2024\/09\/xNorth-final-Homepage.png",1920,1080,false],"gform-image-choice-sm":["https:\/\/mf.ag\/wp-content\/uploads\/2024\/09\/xNorth-final-Homepage.png",300,169,false],"gform-image-choice-md":["https:\/\/mf.ag\/wp-content\/uploads\/2024\/09\/xNorth-final-Homepage.png",400,225,false],"gform-image-choice-lg":["https:\/\/mf.ag\/wp-content\/uploads\/2024\/09\/xNorth-final-Homepage.png",600,338,false],"profile_24":["https:\/\/mf.ag\/wp-content\/uploads\/2024\/09\/xNorth-final-Homepage-24x24.png",24,24,true],"profile_48":["https:\/\/mf.ag\/wp-content\/uploads\/2024\/09\/xNorth-final-Homepage-48x48.png",48,48,true],"profile_96":["https:\/\/mf.ag\/wp-content\/uploads\/2024\/09\/xNorth-final-Homepage-96x96.png",96,96,true],"profile_150":["https:\/\/mf.ag\/wp-content\/uploads\/2024\/09\/xNorth-final-Homepage-150x150.png",150,150,true],"profile_300":["https:\/\/mf.ag\/wp-content\/uploads\/2024\/09\/xNorth-final-Homepage-300x300.png",300,300,true]},"post_excerpt_stackable_v2":"<p>We are expanding our footprint across North America by welcoming a new partner in Canada &#8211;\u00a0xNorth &#8211; Executive Interim Management!Building on our recent success in the United States, we&#8217;re thrilled to strengthen our international network with xNorth, a leading Executive Interim Management firm based in Toronto with nationwide capabilities.Led by former industry executives, xNorth excels in providing immediate access to seasoned professionals who guide businesses through transformation, growth, and crisis. With a deep understanding of the Canadian market and a robust network of elite executives, xNorth supports both local and international companies through successful transitions, including corporate turnarounds, digital transformations,&hellip;<\/p>\n","category_list_v2":"<a href=\"https:\/\/mf.ag\/en\/category\/articles\/\" rel=\"category tag\">Articles<\/a>","author_info_v2":{"name":"VALTUS Management Factory","url":"https:\/\/mf.ag\/en\/author\/managementfactory\/"},"comments_num_v2":"0 comments","yoast_head":"<!-- This site is optimized with the Yoast SEO Premium plugin v25.8 (Yoast SEO v27.5) - https:\/\/yoast.com\/product\/yoast-seo-premium-wordpress\/ -->\n<title>Management Factory and Valtus are expanding in Canada: Welcome xNorth! &#187; Management Factory<\/title>\n<meta name=\"robots\" content=\"index, follow, max-snippet:-1, max-image-preview:large, max-video-preview:-1\" \/>\n<link rel=\"canonical\" href=\"https:\/\/mf.ag\/en\/articles\/management-factory-and-valtus-are-expanding-in-canada-welcome-xnorth\/\" \/>\n<meta property=\"og:locale\" content=\"en_US\" \/>\n<meta property=\"og:type\" content=\"article\" \/>\n<meta property=\"og:title\" content=\"Management Factory and Valtus are expanding in Canada: Welcome xNorth!\" \/>\n<meta property=\"og:description\" content=\"We are expanding our footprint across North America by welcoming a new partner in Canada &#8211;\u00a0xNorth &#8211; Executive Interim Management! Building on our recent success in the United States, we&#8217;re thrilled to strengthen our international network with xNorth, a leading Executive Interim Management firm based in Toronto with nationwide capabilities. Led by former industry executives, [&hellip;]\" \/>\n<meta property=\"og:url\" content=\"https:\/\/mf.ag\/en\/articles\/management-factory-and-valtus-are-expanding-in-canada-welcome-xnorth\/\" \/>\n<meta property=\"og:site_name\" content=\"Management Factory\" \/>\n<meta property=\"article:published_time\" content=\"2024-09-09T06:36:55+00:00\" \/>\n<meta property=\"article:modified_time\" content=\"2024-10-25T05:19:00+00:00\" \/>\n<meta property=\"og:image\" content=\"https:\/\/mf.ag\/wp-content\/uploads\/2024\/09\/xNorth-final-Homepage-1024x576.png\" \/>\n\t<meta property=\"og:image:width\" content=\"1024\" \/>\n\t<meta property=\"og:image:height\" content=\"576\" \/>\n\t<meta property=\"og:image:type\" content=\"image\/png\" \/>\n<meta name=\"author\" content=\"VALTUS Management Factory\" \/>\n<meta name=\"twitter:card\" content=\"summary_large_image\" \/>\n<meta name=\"twitter:label1\" content=\"Written by\" \/>\n\t<meta name=\"twitter:data1\" content=\"VALTUS Management Factory\" \/>\n\t<meta name=\"twitter:label2\" content=\"Est. reading time\" \/>\n\t<meta name=\"twitter:data2\" content=\"2 minutes\" \/>\n<script type=\"application\/ld+json\" class=\"yoast-schema-graph\">{\"@context\":\"https:\\\/\\\/schema.org\",\"@graph\":[{\"@type\":\"Article\",\"@id\":\"https:\\\/\\\/mf.ag\\\/en\\\/articles\\\/management-factory-and-valtus-are-expanding-in-canada-welcome-xnorth\\\/#article\",\"isPartOf\":{\"@id\":\"https:\\\/\\\/mf.ag\\\/en\\\/articles\\\/management-factory-and-valtus-are-expanding-in-canada-welcome-xnorth\\\/\"},\"author\":{\"name\":\"VALTUS Management Factory\",\"@id\":\"https:\\\/\\\/mf.ag\\\/en\\\/#\\\/schema\\\/person\\\/1b1a766599b72b46cce17aecef0a2280\"},\"headline\":\"Management Factory and Valtus are expanding in Canada: Welcome xNorth!\",\"datePublished\":\"2024-09-09T06:36:55+00:00\",\"dateModified\":\"2024-10-25T05:19:00+00:00\",\"mainEntityOfPage\":{\"@id\":\"https:\\\/\\\/mf.ag\\\/en\\\/articles\\\/management-factory-and-valtus-are-expanding-in-canada-welcome-xnorth\\\/\"},\"wordCount\":254,\"publisher\":{\"@id\":\"https:\\\/\\\/mf.ag\\\/en\\\/#organization\"},\"image\":{\"@id\":\"https:\\\/\\\/mf.ag\\\/en\\\/articles\\\/management-factory-and-valtus-are-expanding-in-canada-welcome-xnorth\\\/#primaryimage\"},\"thumbnailUrl\":\"https:\\\/\\\/mf.ag\\\/wp-content\\\/uploads\\\/2024\\\/09\\\/xNorth-final-Homepage.png\",\"keywords\":[\"america\",\"Canada\",\"Executive Interim Management\",\"Valtus\",\"Valtus Alliance\"],\"articleSection\":[\"Articles\"],\"inLanguage\":\"en-US\"},{\"@type\":\"WebPage\",\"@id\":\"https:\\\/\\\/mf.ag\\\/en\\\/articles\\\/management-factory-and-valtus-are-expanding-in-canada-welcome-xnorth\\\/\",\"url\":\"https:\\\/\\\/mf.ag\\\/en\\\/articles\\\/management-factory-and-valtus-are-expanding-in-canada-welcome-xnorth\\\/\",\"name\":\"Management Factory and Valtus are expanding in Canada: Welcome xNorth! &#187; Management Factory\",\"isPartOf\":{\"@id\":\"https:\\\/\\\/mf.ag\\\/en\\\/#website\"},\"primaryImageOfPage\":{\"@id\":\"https:\\\/\\\/mf.ag\\\/en\\\/articles\\\/management-factory-and-valtus-are-expanding-in-canada-welcome-xnorth\\\/#primaryimage\"},\"image\":{\"@id\":\"https:\\\/\\\/mf.ag\\\/en\\\/articles\\\/management-factory-and-valtus-are-expanding-in-canada-welcome-xnorth\\\/#primaryimage\"},\"thumbnailUrl\":\"https:\\\/\\\/mf.ag\\\/wp-content\\\/uploads\\\/2024\\\/09\\\/xNorth-final-Homepage.png\",\"datePublished\":\"2024-09-09T06:36:55+00:00\",\"dateModified\":\"2024-10-25T05:19:00+00:00\",\"breadcrumb\":{\"@id\":\"https:\\\/\\\/mf.ag\\\/en\\\/articles\\\/management-factory-and-valtus-are-expanding-in-canada-welcome-xnorth\\\/#breadcrumb\"},\"inLanguage\":\"en-US\",\"potentialAction\":[{\"@type\":\"ReadAction\",\"target\":[\"https:\\\/\\\/mf.ag\\\/en\\\/articles\\\/management-factory-and-valtus-are-expanding-in-canada-welcome-xnorth\\\/\"]}]},{\"@type\":\"ImageObject\",\"inLanguage\":\"en-US\",\"@id\":\"https:\\\/\\\/mf.ag\\\/en\\\/articles\\\/management-factory-and-valtus-are-expanding-in-canada-welcome-xnorth\\\/#primaryimage\",\"url\":\"https:\\\/\\\/mf.ag\\\/wp-content\\\/uploads\\\/2024\\\/09\\\/xNorth-final-Homepage.png\",\"contentUrl\":\"https:\\\/\\\/mf.ag\\\/wp-content\\\/uploads\\\/2024\\\/09\\\/xNorth-final-Homepage.png\",\"width\":1920,\"height\":1080},{\"@type\":\"BreadcrumbList\",\"@id\":\"https:\\\/\\\/mf.ag\\\/en\\\/articles\\\/management-factory-and-valtus-are-expanding-in-canada-welcome-xnorth\\\/#breadcrumb\",\"itemListElement\":[{\"@type\":\"ListItem\",\"position\":1,\"name\":\"Home\",\"item\":\"https:\\\/\\\/mf.ag\\\/en\\\/\"},{\"@type\":\"ListItem\",\"position\":2,\"name\":\"Management Factory and Valtus are expanding in Canada: Welcome xNorth!\"}]},{\"@type\":\"WebSite\",\"@id\":\"https:\\\/\\\/mf.ag\\\/en\\\/#website\",\"url\":\"https:\\\/\\\/mf.ag\\\/en\\\/\",\"name\":\"Management Factory\",\"description\":\"Mit Executive Interim Management und Financial Advisory das Gesch\u00e4ft voranbringen\",\"publisher\":{\"@id\":\"https:\\\/\\\/mf.ag\\\/en\\\/#organization\"},\"potentialAction\":[{\"@type\":\"SearchAction\",\"target\":{\"@type\":\"EntryPoint\",\"urlTemplate\":\"https:\\\/\\\/mf.ag\\\/en\\\/?s={search_term_string}\"},\"query-input\":{\"@type\":\"PropertyValueSpecification\",\"valueRequired\":true,\"valueName\":\"search_term_string\"}}],\"inLanguage\":\"en-US\"},{\"@type\":\"Organization\",\"@id\":\"https:\\\/\\\/mf.ag\\\/en\\\/#organization\",\"name\":\"Management Factory\",\"url\":\"https:\\\/\\\/mf.ag\\\/en\\\/\",\"logo\":{\"@type\":\"ImageObject\",\"inLanguage\":\"en-US\",\"@id\":\"https:\\\/\\\/mf.ag\\\/en\\\/#\\\/schema\\\/logo\\\/image\\\/\",\"url\":\"\",\"contentUrl\":\"\",\"caption\":\"Management Factory\"},\"image\":{\"@id\":\"https:\\\/\\\/mf.ag\\\/en\\\/#\\\/schema\\\/logo\\\/image\\\/\"}},{\"@type\":\"Person\",\"@id\":\"https:\\\/\\\/mf.ag\\\/en\\\/#\\\/schema\\\/person\\\/1b1a766599b72b46cce17aecef0a2280\",\"name\":\"VALTUS Management Factory\",\"image\":{\"@type\":\"ImageObject\",\"inLanguage\":\"en-US\",\"@id\":\"https:\\\/\\\/secure.gravatar.com\\\/avatar\\\/2e920f1a23e073db8a64336053afe342ca0876d1bcaeba2cb8be10b4812cf9de?s=96&r=g\",\"url\":\"https:\\\/\\\/secure.gravatar.com\\\/avatar\\\/2e920f1a23e073db8a64336053afe342ca0876d1bcaeba2cb8be10b4812cf9de?s=96&r=g\",\"contentUrl\":\"https:\\\/\\\/secure.gravatar.com\\\/avatar\\\/2e920f1a23e073db8a64336053afe342ca0876d1bcaeba2cb8be10b4812cf9de?s=96&r=g\",\"caption\":\"VALTUS Management Factory\"},\"description\":\"VALTUS Management Factory ist ein f\u00fchrendes Unternehmen f\u00fcr Executive Interim Management, Financial Advisory und Restrukturierung in \u00d6sterreich und unterst\u00fctzt Organisationen in Transformations-, Wachstums- und Krisensituationen mit erfahrenen F\u00fchrungspers\u00f6nlichkeiten. Als Teil der internationalen Valtus Group verbindet das Unternehmen operative Umsetzungskompetenz mit globaler Management- und Restrukturierungsexpertise.\",\"url\":\"https:\\\/\\\/mf.ag\\\/en\\\/author\\\/managementfactory\\\/\"}]}<\/script>\n<!-- \/ Yoast SEO Premium plugin. -->","yoast_head_json":{"title":"Management Factory and Valtus are expanding in Canada: Welcome xNorth! &#187; Management Factory","robots":{"index":"index","follow":"follow","max-snippet":"max-snippet:-1","max-image-preview":"max-image-preview:large","max-video-preview":"max-video-preview:-1"},"canonical":"https:\/\/mf.ag\/en\/articles\/management-factory-and-valtus-are-expanding-in-canada-welcome-xnorth\/","og_locale":"en_US","og_type":"article","og_title":"Management Factory and Valtus are expanding in Canada: Welcome xNorth!","og_description":"We are expanding our footprint across North America by welcoming a new partner in Canada &#8211;\u00a0xNorth &#8211; Executive Interim Management! Building on our recent success in the United States, we&#8217;re thrilled to strengthen our international network with xNorth, a leading Executive Interim Management firm based in Toronto with nationwide capabilities. Led by former industry executives, [&hellip;]","og_url":"https:\/\/mf.ag\/en\/articles\/management-factory-and-valtus-are-expanding-in-canada-welcome-xnorth\/","og_site_name":"Management Factory","article_published_time":"2024-09-09T06:36:55+00:00","article_modified_time":"2024-10-25T05:19:00+00:00","og_image":[{"width":1024,"height":576,"url":"https:\/\/mf.ag\/wp-content\/uploads\/2024\/09\/xNorth-final-Homepage-1024x576.png","type":"image\/png"}],"author":"VALTUS Management Factory","twitter_card":"summary_large_image","twitter_misc":{"Written by":"VALTUS Management Factory","Est. reading time":"2 minutes"},"schema":{"@context":"https:\/\/schema.org","@graph":[{"@type":"Article","@id":"https:\/\/mf.ag\/en\/articles\/management-factory-and-valtus-are-expanding-in-canada-welcome-xnorth\/#article","isPartOf":{"@id":"https:\/\/mf.ag\/en\/articles\/management-factory-and-valtus-are-expanding-in-canada-welcome-xnorth\/"},"author":{"name":"VALTUS Management Factory","@id":"https:\/\/mf.ag\/en\/#\/schema\/person\/1b1a766599b72b46cce17aecef0a2280"},"headline":"Management Factory and Valtus are expanding in Canada: Welcome xNorth!","datePublished":"2024-09-09T06:36:55+00:00","dateModified":"2024-10-25T05:19:00+00:00","mainEntityOfPage":{"@id":"https:\/\/mf.ag\/en\/articles\/management-factory-and-valtus-are-expanding-in-canada-welcome-xnorth\/"},"wordCount":254,"publisher":{"@id":"https:\/\/mf.ag\/en\/#organization"},"image":{"@id":"https:\/\/mf.ag\/en\/articles\/management-factory-and-valtus-are-expanding-in-canada-welcome-xnorth\/#primaryimage"},"thumbnailUrl":"https:\/\/mf.ag\/wp-content\/uploads\/2024\/09\/xNorth-final-Homepage.png","keywords":["america","Canada","Executive Interim Management","Valtus","Valtus Alliance"],"articleSection":["Articles"],"inLanguage":"en-US"},{"@type":"WebPage","@id":"https:\/\/mf.ag\/en\/articles\/management-factory-and-valtus-are-expanding-in-canada-welcome-xnorth\/","url":"https:\/\/mf.ag\/en\/articles\/management-factory-and-valtus-are-expanding-in-canada-welcome-xnorth\/","name":"Management Factory and Valtus are expanding in Canada: Welcome xNorth! &#187; Management Factory","isPartOf":{"@id":"https:\/\/mf.ag\/en\/#website"},"primaryImageOfPage":{"@id":"https:\/\/mf.ag\/en\/articles\/management-factory-and-valtus-are-expanding-in-canada-welcome-xnorth\/#primaryimage"},"image":{"@id":"https:\/\/mf.ag\/en\/articles\/management-factory-and-valtus-are-expanding-in-canada-welcome-xnorth\/#primaryimage"},"thumbnailUrl":"https:\/\/mf.ag\/wp-content\/uploads\/2024\/09\/xNorth-final-Homepage.png","datePublished":"2024-09-09T06:36:55+00:00","dateModified":"2024-10-25T05:19:00+00:00","breadcrumb":{"@id":"https:\/\/mf.ag\/en\/articles\/management-factory-and-valtus-are-expanding-in-canada-welcome-xnorth\/#breadcrumb"},"inLanguage":"en-US","potentialAction":[{"@type":"ReadAction","target":["https:\/\/mf.ag\/en\/articles\/management-factory-and-valtus-are-expanding-in-canada-welcome-xnorth\/"]}]},{"@type":"ImageObject","inLanguage":"en-US","@id":"https:\/\/mf.ag\/en\/articles\/management-factory-and-valtus-are-expanding-in-canada-welcome-xnorth\/#primaryimage","url":"https:\/\/mf.ag\/wp-content\/uploads\/2024\/09\/xNorth-final-Homepage.png","contentUrl":"https:\/\/mf.ag\/wp-content\/uploads\/2024\/09\/xNorth-final-Homepage.png","width":1920,"height":1080},{"@type":"BreadcrumbList","@id":"https:\/\/mf.ag\/en\/articles\/management-factory-and-valtus-are-expanding-in-canada-welcome-xnorth\/#breadcrumb","itemListElement":[{"@type":"ListItem","position":1,"name":"Home","item":"https:\/\/mf.ag\/en\/"},{"@type":"ListItem","position":2,"name":"Management Factory and Valtus are expanding in Canada: Welcome xNorth!"}]},{"@type":"WebSite","@id":"https:\/\/mf.ag\/en\/#website","url":"https:\/\/mf.ag\/en\/","name":"Management Factory","description":"Mit Executive Interim Management und Financial Advisory das Gesch\u00e4ft voranbringen","publisher":{"@id":"https:\/\/mf.ag\/en\/#organization"},"potentialAction":[{"@type":"SearchAction","target":{"@type":"EntryPoint","urlTemplate":"https:\/\/mf.ag\/en\/?s={search_term_string}"},"query-input":{"@type":"PropertyValueSpecification","valueRequired":true,"valueName":"search_term_string"}}],"inLanguage":"en-US"},{"@type":"Organization","@id":"https:\/\/mf.ag\/en\/#organization","name":"Management Factory","url":"https:\/\/mf.ag\/en\/","logo":{"@type":"ImageObject","inLanguage":"en-US","@id":"https:\/\/mf.ag\/en\/#\/schema\/logo\/image\/","url":"","contentUrl":"","caption":"Management Factory"},"image":{"@id":"https:\/\/mf.ag\/en\/#\/schema\/logo\/image\/"}},{"@type":"Person","@id":"https:\/\/mf.ag\/en\/#\/schema\/person\/1b1a766599b72b46cce17aecef0a2280","name":"VALTUS Management Factory","image":{"@type":"ImageObject","inLanguage":"en-US","@id":"https:\/\/secure.gravatar.com\/avatar\/2e920f1a23e073db8a64336053afe342ca0876d1bcaeba2cb8be10b4812cf9de?s=96&r=g","url":"https:\/\/secure.gravatar.com\/avatar\/2e920f1a23e073db8a64336053afe342ca0876d1bcaeba2cb8be10b4812cf9de?s=96&r=g","contentUrl":"https:\/\/secure.gravatar.com\/avatar\/2e920f1a23e073db8a64336053afe342ca0876d1bcaeba2cb8be10b4812cf9de?s=96&r=g","caption":"VALTUS Management Factory"},"description":"VALTUS Management Factory ist ein f\u00fchrendes Unternehmen f\u00fcr Executive Interim Management, Financial Advisory und Restrukturierung in \u00d6sterreich und unterst\u00fctzt Organisationen in Transformations-, Wachstums- und Krisensituationen mit erfahrenen F\u00fchrungspers\u00f6nlichkeiten. Als Teil der internationalen Valtus Group verbindet das Unternehmen operative Umsetzungskompetenz mit globaler Management- und Restrukturierungsexpertise.","url":"https:\/\/mf.ag\/en\/author\/managementfactory\/"}]}},"_links":{"self":[{"href":"https:\/\/mf.ag\/en\/wp-json\/wp\/v2\/posts\/57523","targetHints":{"allow":["GET"]}}],"collection":[{"href":"https:\/\/mf.ag\/en\/wp-json\/wp\/v2\/posts"}],"about":[{"href":"https:\/\/mf.ag\/en\/wp-json\/wp\/v2\/types\/post"}],"author":[{"embeddable":true,"href":"https:\/\/mf.ag\/en\/wp-json\/wp\/v2\/users\/32"}],"replies":[{"embeddable":true,"href":"https:\/\/mf.ag\/en\/wp-json\/wp\/v2\/comments?post=57523"}],"version-history":[{"count":2,"href":"https:\/\/mf.ag\/en\/wp-json\/wp\/v2\/posts\/57523\/revisions"}],"predecessor-version":[{"id":58422,"href":"https:\/\/mf.ag\/en\/wp-json\/wp\/v2\/posts\/57523\/revisions\/58422"}],"wp:featuredmedia":[{"embeddable":true,"href":"https:\/\/mf.ag\/en\/wp-json\/wp\/v2\/media\/57524"}],"wp:attachment":[{"href":"https:\/\/mf.ag\/en\/wp-json\/wp\/v2\/media?parent=57523"}],"wp:term":[{"taxonomy":"category","embeddable":true,"href":"https:\/\/mf.ag\/en\/wp-json\/wp\/v2\/categories?post=57523"},{"taxonomy":"post_tag","embeddable":true,"href":"https:\/\/mf.ag\/en\/wp-json\/wp\/v2\/tags?post=57523"}],"curies":[{"name":"wp","href":"https:\/\/api.w.org\/{rel}","templated":true}]}}