{"id":55020,"date":"2023-11-15T09:23:29","date_gmt":"2023-11-15T08:23:29","guid":{"rendered":"https:\/\/mf.ag\/?p=55020"},"modified":"2025-10-17T12:28:51","modified_gmt":"2025-10-17T10:28:51","slug":"valtus-alliance-the-largest-executive-interim-management-provider-in-europe","status":"publish","type":"post","link":"https:\/\/mf.ag\/en\/articles\/valtus-alliance-the-largest-executive-interim-management-provider-in-europe\/","title":{"rendered":"Valtus Alliance: The largest executive interim management provider in Europe"},"content":{"rendered":"\n<p>Companies are increasingly in need of executive interim managers at home and abroad. Through the Valtus Alliance with companies in twelve countries, we as Management Factory can also support our clients internationally at any time. Find out more about the Valtus Alliance here and take a look behind the scenes at our partner meeting in Paris 2023.<\/p>\n\n\n\n<p><strong>Strong network<\/strong><\/p>\n\n\n\n<p>The Valtus Alliance consists of the six companies of the Valtus Group:<\/p>\n\n\n\n<ol class=\"wp-block-list\">\n<li><a href=\"https:\/\/www.valtus.fr\/\">Valtus<\/a> France<\/li>\n\n\n\n<li><a href=\"https:\/\/valtus.uk\/\">Valtus<\/a> UK in England<\/li>\n\n\n\n<li><a href=\"https:\/\/nordicinterim.com\/\">Nordic Interim<\/a> Interim Sweden<\/li>\n\n\n\n<li><a href=\"https:\/\/nordicinterim.dk\/\">Nordic Interim <\/a>Denmark<\/li>\n\n\n\n<li><a href=\"https:\/\/nordicinterim.fi\/\">Nordic Interim<\/a> Finland<\/li>\n\n\n\n<li><a href=\"https:\/\/mf.ag\/en\/\">Management Factory<\/a> in Austria<\/li>\n<\/ol>\n\n\n\n<p>and seven network partners in Europe, South America, Latin America and Southeast Asia:<\/p>\n\n\n\n<ol class=\"wp-block-list\">\n<li><a href=\"https:\/\/www.valpeo.com\/\">Valpeo <\/a>in the BENELUX countries<\/li>\n\n\n\n<li><a href=\"https:\/\/dukekay.com\/en\/home-2\/\">Duke &amp; Kay<\/a> in Italy<\/li>\n\n\n\n<li><a href=\"https:\/\/epunto.es\/\">Epunto Interim<\/a> in Spain<\/li>\n\n\n\n<li><a href=\"https:\/\/incepto.com\/\">Incepto Interim<\/a> in Norway<\/li>\n\n\n\n<li><a href=\"https:\/\/www.telostransition.com\/\">Telos Transition<\/a> in Brazil, Argentina and Colombia<\/li>\n\n\n\n<li><a href=\"https:\/\/www.radialis.asia\/\">Radialis<\/a> in Singapore<\/li>\n\n\n\n<li><a href=\"https:\/\/ezentiagroup.com\/en\/\" target=\"_blank\" rel=\"noreferrer noopener\">Ezentia Group<\/a> in Mexico<\/li>\n<\/ol>\n\n\n\n<p>With over 700 mandates per year, the Valtus Alliance is not only by far the largest executive interim provider in Europe, but we are also increasingly offering our services globally. In recent years, we have been able to provide interim managers for clients in over 50 countries.<\/p>\n\n\n\n<figure class=\"wp-block-image size-large\"><img loading=\"lazy\" decoding=\"async\" width=\"1024\" height=\"672\" src=\"https:\/\/mf.ag\/wp-content\/uploads\/2023\/11\/ValtusBild2-1024x672.jpg\" alt=\"\" class=\"wp-image-54828\" srcset=\"https:\/\/mf.ag\/wp-content\/uploads\/2023\/11\/ValtusBild2-1024x672.jpg 1024w, https:\/\/mf.ag\/wp-content\/uploads\/2023\/11\/ValtusBild2-300x197.jpg 300w, https:\/\/mf.ag\/wp-content\/uploads\/2023\/11\/ValtusBild2-768x504.jpg 768w, https:\/\/mf.ag\/wp-content\/uploads\/2023\/11\/ValtusBild2.jpg 1386w\" sizes=\"auto, (max-width: 1024px) 100vw, 1024px\" \/><\/figure>\n\n\n\n<p>While the turnover of the Valtus Alliance companies has doubled since 2019, the cross-border business has grown by a factor of four. The reasons for this strong national and international growth can be found on both the demand and supply side. In volatile times, it is becoming increasingly difficult for companies to find good managers. C-level candidates are being sought for longer and longer, and many experienced managers no longer want to accept a permanent position.<\/p>\n\n\n\n<figure class=\"wp-block-image aligncenter size-full is-resized\"><img loading=\"lazy\" decoding=\"async\" width=\"605\" height=\"292\" src=\"https:\/\/mf.ag\/wp-content\/uploads\/2023\/11\/ValtusBild3.png\" alt=\"\" class=\"wp-image-54830\" style=\"aspect-ratio:2.0719178082191783;width:605px;height:auto\" srcset=\"https:\/\/mf.ag\/wp-content\/uploads\/2023\/11\/ValtusBild3.png 605w, https:\/\/mf.ag\/wp-content\/uploads\/2023\/11\/ValtusBild3-300x145.png 300w\" sizes=\"auto, (max-width: 605px) 100vw, 605px\" \/><\/figure>\n\n\n\n<p><strong>Valtus Alliance meeting in Paris<\/strong><\/p>\n\n\n\n<p>In order to meet the increasing demand for interim management and further expand the Group&#8217;s international business, the partners of the twelve Valtus Alliance companies met in Paris in November 2023. The following topics were discussed:<\/p>\n\n\n\n<ol class=\"wp-block-list\">\n<li>MARKET: The global executive interim management market, currently worth around EUR 8 billion, is growing by 10-15 percent annually. The demand for top managers who can be deployed at short notice will continue to rise.<\/li>\n\n\n\n<li>DISTRIBUTION: The Valtus Alliance will implement a global key account management system to provide even better support to international companies and private equity funds.<\/li>\n\n\n\n<li>RESTRUCTURING: The Valtus Alliance will establish a European network of restructuring managers in order to manage cross-border turnarounds with the usual quality.<\/li>\n\n\n\n<li>ESG: Valtus was awarded platinum in the EcoVadis CSR ranking (top 1 percent).<\/li>\n\n\n\n<li>LEARNING: The Valtus Academy is launched.<\/li>\n\n\n\n<li>OPERATIONAL EXCELLENCE: The Valtus Alliance partners exchange numerous examples of best practice in Paris in order to further improve all services in terms of quality and speed.<\/li>\n\n\n\n<li>GROWING TOGETHER: The Valtus Alliance partners want to continue to grow together operationally and under company law over the next few years.<\/li>\n\n\n\n<li>OUR SLOGAN: Moving Business Forward. Fast!<\/li>\n\n\n\n<li>OUR VALUES: Dare, Care, Share. We are bold, we care about our clients, our employees and our interim managers &#8211; and we share our knowledge and our networks.<\/li>\n\n\n\n<li>OUR MISSION: We unleash human magic to help people and businesses reach their full potential.<\/li>\n<\/ol>\n\n\n\n<p><strong>Guest lecture on polarization in society and the economy<\/strong><\/p>\n\n\n\n<p>The Valtus Alliance meeting in Paris also featured an exciting guest lecture by Bruno Stagno Ugarte, Chief Advocacy Officer of Human Rights Watch and former Foreign Minister and UN Ambassador of Costa Rica. Under the title &#8220;The End of Convergence and the Coming Divergence in the World&#8221;, he shed light on the current global challenges and the causes of increasing polarization in politics, business and the media. According to Ugarte, after the relatively stable world order during the Cold War, we now find ourselves in an unstable multipolar world with a successively increasing number of armed conflicts and refugees. Ironically, from the guest speaker&#8217;s point of view, big business is currently the most relevant global force for rapprochement and integration:<\/p>\n\n\n\n<figure class=\"wp-block-image size-full\"><img loading=\"lazy\" decoding=\"async\" width=\"605\" height=\"294\" src=\"https:\/\/mf.ag\/wp-content\/uploads\/2023\/11\/ValtusBild4.png\" alt=\"\" class=\"wp-image-54832\" srcset=\"https:\/\/mf.ag\/wp-content\/uploads\/2023\/11\/ValtusBild4.png 605w, https:\/\/mf.ag\/wp-content\/uploads\/2023\/11\/ValtusBild4-300x146.png 300w\" sizes=\"auto, (max-width: 605px) 100vw, 605px\" \/><\/figure>\n\n\n\n<p>The presentation kept the Valtus Alliance partners busy throughout the evening. On the one hand, critical developments were addressed that give cause for concern, especially since cross-border cooperation is useful and necessary for many reasons. The Valtus Alliance partners agreed that they wanted to strengthen international cooperation based on trust: The expansion of the Valtus Alliance should make a contribution, albeit a small one, to achieving this goal. Over the next few years, the plan is to continue to grow in Europe, the USA, the Middle East and Asia and to work together even more closely across borders.<\/p>\n\n\n\n<p>At the end of the three-day partner meeting in Paris, prizes were awarded for cross-border success stories: Best Inbound and Best Outboud Provider, Best International Key Account Management, &#8220;Super Booster of the Year&#8221; and Best Overall Contribution to Cross Border Business. Management Factory won in the &#8220;Super Booster of the Year&#8221; category (Best Newcomer in Allianz):<\/p>\n\n\n\n<figure class=\"wp-block-image size-full is-resized\"><img loading=\"lazy\" decoding=\"async\" width=\"605\" height=\"487\" src=\"https:\/\/mf.ag\/wp-content\/uploads\/2023\/11\/ValtusBild5.jpg\" alt=\"Tom Forrest von Valtus UK, Wim de Mulder von Valpeo, Aymeric Bas, Yves Megret und Claudie Hamerstehl von Valtus France, Niklas Bj\u00f6rkmann von Nordic Interim sowie Martin Pfeffer, Thomas Tschol und Christian Kniescheck von der Management Factory.\" class=\"wp-image-54834\" style=\"aspect-ratio:1.242299794661191;width:700px;height:auto\" srcset=\"https:\/\/mf.ag\/wp-content\/uploads\/2023\/11\/ValtusBild5.jpg 605w, https:\/\/mf.ag\/wp-content\/uploads\/2023\/11\/ValtusBild5-300x241.jpg 300w\" sizes=\"auto, (max-width: 605px) 100vw, 605px\" \/><figcaption class=\"wp-element-caption\"><em>Tom Forrest from Valtus UK, Wim de Mulder from Valpeo, Aymeric Bas, Yves Megret and Claudie Hamerstehl from Valtus France, Niklas Bj\u00f6rkmann from Nordic Interim and Martin Pfeffer, Thomas Tschol and Christian Kniescheck from Management Factory.<\/em><br><\/figcaption><\/figure>\n","protected":false},"excerpt":{"rendered":"<p>Companies are increasingly in need of executive interim managers at home and abroad. Through the Valtus Alliance with companies in twelve countries, we as Management Factory can also support our clients internationally at any time. Find out more about the Valtus Alliance here and take a look behind the scenes at our partner meeting in [&hellip;]<\/p>\n","protected":false},"author":30,"featured_media":54856,"comment_status":"closed","ping_status":"closed","sticky":false,"template":"","format":"standard","meta":{"inline_featured_image":false,"footnotes":""},"categories":[2788],"tags":[3516,3573,3624],"class_list":["post-55020","post","type-post","status-publish","format-standard","has-post-thumbnail","hentry","category-articles","tag-executive-interim-management-en","tag-nordic-interim-en","tag-valtus-en"],"featured_image_urls_v2":{"full":["https:\/\/mf.ag\/wp-content\/uploads\/2023\/11\/Valtus-Final.png",3708,2000,false],"thumbnail":["https:\/\/mf.ag\/wp-content\/uploads\/2023\/11\/Valtus-Final-250x250.png",250,250,true],"medium":["https:\/\/mf.ag\/wp-content\/uploads\/2023\/11\/Valtus-Final-300x162.png",300,162,true],"medium_large":["https:\/\/mf.ag\/wp-content\/uploads\/2023\/11\/Valtus-Final-768x414.png",768,414,true],"large":["https:\/\/mf.ag\/wp-content\/uploads\/2023\/11\/Valtus-Final-1024x552.png",1024,552,true],"1536x1536":["https:\/\/mf.ag\/wp-content\/uploads\/2023\/11\/Valtus-Final-1536x828.png",1536,828,true],"2048x2048":["https:\/\/mf.ag\/wp-content\/uploads\/2023\/11\/Valtus-Final-2048x1105.png",2048,1105,true],"gform-image-choice-sm":["https:\/\/mf.ag\/wp-content\/uploads\/2023\/11\/Valtus-Final.png",300,162,false],"gform-image-choice-md":["https:\/\/mf.ag\/wp-content\/uploads\/2023\/11\/Valtus-Final.png",400,216,false],"gform-image-choice-lg":["https:\/\/mf.ag\/wp-content\/uploads\/2023\/11\/Valtus-Final.png",600,324,false],"profile_24":["https:\/\/mf.ag\/wp-content\/uploads\/2023\/11\/Valtus-Final-24x24.png",24,24,true],"profile_48":["https:\/\/mf.ag\/wp-content\/uploads\/2023\/11\/Valtus-Final-48x48.png",48,48,true],"profile_96":["https:\/\/mf.ag\/wp-content\/uploads\/2023\/11\/Valtus-Final-96x96.png",96,96,true],"profile_150":["https:\/\/mf.ag\/wp-content\/uploads\/2023\/11\/Valtus-Final-150x150.png",150,150,true],"profile_300":["https:\/\/mf.ag\/wp-content\/uploads\/2023\/11\/Valtus-Final-300x300.png",300,300,true]},"post_excerpt_stackable_v2":"<p>Companies are increasingly in need of executive interim managers at home and abroad. Through the Valtus Alliance with companies in twelve countries, we as Management Factory can also support our clients internationally at any time. Find out more about the Valtus Alliance here and take a look behind the scenes at our partner meeting in Paris 2023. Strong network The Valtus Alliance consists of the six companies of the Valtus Group: Valtus France Valtus UK in England Nordic Interim Interim Sweden Nordic Interim Denmark Nordic Interim Finland Management Factory in Austria and seven network partners in Europe, South America, Latin&hellip;<\/p>\n","category_list_v2":"<a href=\"https:\/\/mf.ag\/en\/category\/articles\/\" rel=\"category tag\">Articles<\/a>","author_info_v2":{"name":"Christian Kniescheck","url":"https:\/\/mf.ag\/en\/author\/christian\/"},"comments_num_v2":"0 comments","yoast_head":"<!-- This site is optimized with the Yoast SEO Premium plugin v25.8 (Yoast SEO v27.4) - https:\/\/yoast.com\/product\/yoast-seo-premium-wordpress\/ -->\n<title>Valtus Alliance: The largest executive interim management provider in Europe &#187; Management Factory<\/title>\n<meta name=\"robots\" content=\"index, follow, max-snippet:-1, max-image-preview:large, max-video-preview:-1\" \/>\n<link rel=\"canonical\" href=\"https:\/\/mf.ag\/en\/articles\/valtus-alliance-the-largest-executive-interim-management-provider-in-europe\/\" \/>\n<meta property=\"og:locale\" content=\"en_US\" \/>\n<meta property=\"og:type\" content=\"article\" \/>\n<meta property=\"og:title\" content=\"Valtus Alliance: The largest executive interim management provider in Europe\" \/>\n<meta property=\"og:description\" content=\"Companies are increasingly in need of executive interim managers at home and abroad. Through the Valtus Alliance with companies in twelve countries, we as Management Factory can also support our clients internationally at any time. Find out more about the Valtus Alliance here and take a look behind the scenes at our partner meeting in [&hellip;]\" \/>\n<meta property=\"og:url\" content=\"https:\/\/mf.ag\/en\/articles\/valtus-alliance-the-largest-executive-interim-management-provider-in-europe\/\" \/>\n<meta property=\"og:site_name\" content=\"Management Factory\" \/>\n<meta property=\"article:published_time\" content=\"2023-11-15T08:23:29+00:00\" \/>\n<meta property=\"article:modified_time\" content=\"2025-10-17T10:28:51+00:00\" \/>\n<meta property=\"og:image\" content=\"https:\/\/mf.ag\/wp-content\/uploads\/2023\/11\/Valtus-Final-1024x552.png\" \/>\n\t<meta property=\"og:image:width\" content=\"1024\" \/>\n\t<meta property=\"og:image:height\" content=\"552\" \/>\n\t<meta property=\"og:image:type\" content=\"image\/png\" \/>\n<meta name=\"author\" content=\"Christian Kniescheck\" \/>\n<meta name=\"twitter:card\" content=\"summary_large_image\" \/>\n<meta name=\"twitter:label1\" content=\"Written by\" \/>\n\t<meta name=\"twitter:data1\" content=\"Christian Kniescheck\" \/>\n\t<meta name=\"twitter:label2\" content=\"Est. reading time\" \/>\n\t<meta name=\"twitter:data2\" content=\"6 minutes\" \/>\n<script type=\"application\/ld+json\" class=\"yoast-schema-graph\">{\"@context\":\"https:\\\/\\\/schema.org\",\"@graph\":[{\"@type\":\"Article\",\"@id\":\"https:\\\/\\\/mf.ag\\\/en\\\/articles\\\/valtus-alliance-the-largest-executive-interim-management-provider-in-europe\\\/#article\",\"isPartOf\":{\"@id\":\"https:\\\/\\\/mf.ag\\\/en\\\/articles\\\/valtus-alliance-the-largest-executive-interim-management-provider-in-europe\\\/\"},\"author\":{\"name\":\"Christian Kniescheck\",\"@id\":\"https:\\\/\\\/mf.ag\\\/en\\\/#\\\/schema\\\/person\\\/bdb59c06c8f7b6ef513b7a6b1e300f46\"},\"headline\":\"Valtus Alliance: The largest executive interim management provider in Europe\",\"datePublished\":\"2023-11-15T08:23:29+00:00\",\"dateModified\":\"2025-10-17T10:28:51+00:00\",\"mainEntityOfPage\":{\"@id\":\"https:\\\/\\\/mf.ag\\\/en\\\/articles\\\/valtus-alliance-the-largest-executive-interim-management-provider-in-europe\\\/\"},\"wordCount\":821,\"publisher\":{\"@id\":\"https:\\\/\\\/mf.ag\\\/en\\\/#organization\"},\"image\":{\"@id\":\"https:\\\/\\\/mf.ag\\\/en\\\/articles\\\/valtus-alliance-the-largest-executive-interim-management-provider-in-europe\\\/#primaryimage\"},\"thumbnailUrl\":\"https:\\\/\\\/mf.ag\\\/wp-content\\\/uploads\\\/2023\\\/11\\\/Valtus-Final.png\",\"keywords\":[\"Executive Interim Management\",\"Nordic Interim\",\"Valtus\"],\"articleSection\":[\"Articles\"],\"inLanguage\":\"en-US\"},{\"@type\":\"WebPage\",\"@id\":\"https:\\\/\\\/mf.ag\\\/en\\\/articles\\\/valtus-alliance-the-largest-executive-interim-management-provider-in-europe\\\/\",\"url\":\"https:\\\/\\\/mf.ag\\\/en\\\/articles\\\/valtus-alliance-the-largest-executive-interim-management-provider-in-europe\\\/\",\"name\":\"Valtus Alliance: The largest executive interim management provider in Europe &#187; Management Factory\",\"isPartOf\":{\"@id\":\"https:\\\/\\\/mf.ag\\\/en\\\/#website\"},\"primaryImageOfPage\":{\"@id\":\"https:\\\/\\\/mf.ag\\\/en\\\/articles\\\/valtus-alliance-the-largest-executive-interim-management-provider-in-europe\\\/#primaryimage\"},\"image\":{\"@id\":\"https:\\\/\\\/mf.ag\\\/en\\\/articles\\\/valtus-alliance-the-largest-executive-interim-management-provider-in-europe\\\/#primaryimage\"},\"thumbnailUrl\":\"https:\\\/\\\/mf.ag\\\/wp-content\\\/uploads\\\/2023\\\/11\\\/Valtus-Final.png\",\"datePublished\":\"2023-11-15T08:23:29+00:00\",\"dateModified\":\"2025-10-17T10:28:51+00:00\",\"breadcrumb\":{\"@id\":\"https:\\\/\\\/mf.ag\\\/en\\\/articles\\\/valtus-alliance-the-largest-executive-interim-management-provider-in-europe\\\/#breadcrumb\"},\"inLanguage\":\"en-US\",\"potentialAction\":[{\"@type\":\"ReadAction\",\"target\":[\"https:\\\/\\\/mf.ag\\\/en\\\/articles\\\/valtus-alliance-the-largest-executive-interim-management-provider-in-europe\\\/\"]}]},{\"@type\":\"ImageObject\",\"inLanguage\":\"en-US\",\"@id\":\"https:\\\/\\\/mf.ag\\\/en\\\/articles\\\/valtus-alliance-the-largest-executive-interim-management-provider-in-europe\\\/#primaryimage\",\"url\":\"https:\\\/\\\/mf.ag\\\/wp-content\\\/uploads\\\/2023\\\/11\\\/Valtus-Final.png\",\"contentUrl\":\"https:\\\/\\\/mf.ag\\\/wp-content\\\/uploads\\\/2023\\\/11\\\/Valtus-Final.png\",\"width\":3708,\"height\":2000},{\"@type\":\"BreadcrumbList\",\"@id\":\"https:\\\/\\\/mf.ag\\\/en\\\/articles\\\/valtus-alliance-the-largest-executive-interim-management-provider-in-europe\\\/#breadcrumb\",\"itemListElement\":[{\"@type\":\"ListItem\",\"position\":1,\"name\":\"Home\",\"item\":\"https:\\\/\\\/mf.ag\\\/en\\\/\"},{\"@type\":\"ListItem\",\"position\":2,\"name\":\"Valtus Alliance: The largest executive interim management provider in Europe\"}]},{\"@type\":\"WebSite\",\"@id\":\"https:\\\/\\\/mf.ag\\\/en\\\/#website\",\"url\":\"https:\\\/\\\/mf.ag\\\/en\\\/\",\"name\":\"Management Factory\",\"description\":\"Mit Executive Interim Management und Financial Advisory das Gesch\u00e4ft voranbringen\",\"publisher\":{\"@id\":\"https:\\\/\\\/mf.ag\\\/en\\\/#organization\"},\"potentialAction\":[{\"@type\":\"SearchAction\",\"target\":{\"@type\":\"EntryPoint\",\"urlTemplate\":\"https:\\\/\\\/mf.ag\\\/en\\\/?s={search_term_string}\"},\"query-input\":{\"@type\":\"PropertyValueSpecification\",\"valueRequired\":true,\"valueName\":\"search_term_string\"}}],\"inLanguage\":\"en-US\"},{\"@type\":\"Organization\",\"@id\":\"https:\\\/\\\/mf.ag\\\/en\\\/#organization\",\"name\":\"Management Factory\",\"url\":\"https:\\\/\\\/mf.ag\\\/en\\\/\",\"logo\":{\"@type\":\"ImageObject\",\"inLanguage\":\"en-US\",\"@id\":\"https:\\\/\\\/mf.ag\\\/en\\\/#\\\/schema\\\/logo\\\/image\\\/\",\"url\":\"\",\"contentUrl\":\"\",\"caption\":\"Management Factory\"},\"image\":{\"@id\":\"https:\\\/\\\/mf.ag\\\/en\\\/#\\\/schema\\\/logo\\\/image\\\/\"}},{\"@type\":\"Person\",\"@id\":\"https:\\\/\\\/mf.ag\\\/en\\\/#\\\/schema\\\/person\\\/bdb59c06c8f7b6ef513b7a6b1e300f46\",\"name\":\"Christian Kniescheck\",\"image\":{\"@type\":\"ImageObject\",\"inLanguage\":\"en-US\",\"@id\":\"https:\\\/\\\/secure.gravatar.com\\\/avatar\\\/7a9e2ca8d8c8b34938ef1bd13dcafb99afc539d0704cfa454e523fce1cccb56d?s=96&r=g\",\"url\":\"https:\\\/\\\/secure.gravatar.com\\\/avatar\\\/7a9e2ca8d8c8b34938ef1bd13dcafb99afc539d0704cfa454e523fce1cccb56d?s=96&r=g\",\"contentUrl\":\"https:\\\/\\\/secure.gravatar.com\\\/avatar\\\/7a9e2ca8d8c8b34938ef1bd13dcafb99afc539d0704cfa454e523fce1cccb56d?s=96&r=g\",\"caption\":\"Christian Kniescheck\"},\"description\":\"Mag. Christian Kniescheck, MBA CTE CSE, ist Partner der Management Factory und seit \u00fcber f\u00fcnfundzwanzig Jahren im Executive Interim Management und in der Unternehmensberatung t\u00e4tig. Er gilt als ausgewiesener Experte f\u00fcr Change Management und Operational Excellence und \u00fcbernimmt anspruchsvolle Restrukturierungs\u2011 und Transformationsmandate pers\u00f6nlich. F\u00fcr seine herausragenden Leistungen wurde er 2021 sowohl mit dem besten Interim Management Projekt des Jahres (D\u00d6IM) als auch mit dem Constantinus Award (WKO, Incite) ausgezeichnet.\",\"sameAs\":[\"https:\\\/\\\/mf.ag\\\/de\\\/christian-kniescheck\\\/\",\"https:\\\/\\\/www.linkedin.com\\\/in\\\/christian-kniescheck\\\/\"],\"jobTitle\":\"Partner\",\"worksFor\":\"VALTUS Management Factory\",\"url\":\"https:\\\/\\\/mf.ag\\\/en\\\/author\\\/christian\\\/\"}]}<\/script>\n<!-- \/ Yoast SEO Premium plugin. -->","yoast_head_json":{"title":"Valtus Alliance: The largest executive interim management provider in Europe &#187; Management Factory","robots":{"index":"index","follow":"follow","max-snippet":"max-snippet:-1","max-image-preview":"max-image-preview:large","max-video-preview":"max-video-preview:-1"},"canonical":"https:\/\/mf.ag\/en\/articles\/valtus-alliance-the-largest-executive-interim-management-provider-in-europe\/","og_locale":"en_US","og_type":"article","og_title":"Valtus Alliance: The largest executive interim management provider in Europe","og_description":"Companies are increasingly in need of executive interim managers at home and abroad. Through the Valtus Alliance with companies in twelve countries, we as Management Factory can also support our clients internationally at any time. Find out more about the Valtus Alliance here and take a look behind the scenes at our partner meeting in [&hellip;]","og_url":"https:\/\/mf.ag\/en\/articles\/valtus-alliance-the-largest-executive-interim-management-provider-in-europe\/","og_site_name":"Management Factory","article_published_time":"2023-11-15T08:23:29+00:00","article_modified_time":"2025-10-17T10:28:51+00:00","og_image":[{"width":1024,"height":552,"url":"https:\/\/mf.ag\/wp-content\/uploads\/2023\/11\/Valtus-Final-1024x552.png","type":"image\/png"}],"author":"Christian Kniescheck","twitter_card":"summary_large_image","twitter_misc":{"Written by":"Christian Kniescheck","Est. reading time":"6 minutes"},"schema":{"@context":"https:\/\/schema.org","@graph":[{"@type":"Article","@id":"https:\/\/mf.ag\/en\/articles\/valtus-alliance-the-largest-executive-interim-management-provider-in-europe\/#article","isPartOf":{"@id":"https:\/\/mf.ag\/en\/articles\/valtus-alliance-the-largest-executive-interim-management-provider-in-europe\/"},"author":{"name":"Christian Kniescheck","@id":"https:\/\/mf.ag\/en\/#\/schema\/person\/bdb59c06c8f7b6ef513b7a6b1e300f46"},"headline":"Valtus Alliance: The largest executive interim management provider in Europe","datePublished":"2023-11-15T08:23:29+00:00","dateModified":"2025-10-17T10:28:51+00:00","mainEntityOfPage":{"@id":"https:\/\/mf.ag\/en\/articles\/valtus-alliance-the-largest-executive-interim-management-provider-in-europe\/"},"wordCount":821,"publisher":{"@id":"https:\/\/mf.ag\/en\/#organization"},"image":{"@id":"https:\/\/mf.ag\/en\/articles\/valtus-alliance-the-largest-executive-interim-management-provider-in-europe\/#primaryimage"},"thumbnailUrl":"https:\/\/mf.ag\/wp-content\/uploads\/2023\/11\/Valtus-Final.png","keywords":["Executive Interim Management","Nordic Interim","Valtus"],"articleSection":["Articles"],"inLanguage":"en-US"},{"@type":"WebPage","@id":"https:\/\/mf.ag\/en\/articles\/valtus-alliance-the-largest-executive-interim-management-provider-in-europe\/","url":"https:\/\/mf.ag\/en\/articles\/valtus-alliance-the-largest-executive-interim-management-provider-in-europe\/","name":"Valtus Alliance: The largest executive interim management provider in Europe &#187; Management Factory","isPartOf":{"@id":"https:\/\/mf.ag\/en\/#website"},"primaryImageOfPage":{"@id":"https:\/\/mf.ag\/en\/articles\/valtus-alliance-the-largest-executive-interim-management-provider-in-europe\/#primaryimage"},"image":{"@id":"https:\/\/mf.ag\/en\/articles\/valtus-alliance-the-largest-executive-interim-management-provider-in-europe\/#primaryimage"},"thumbnailUrl":"https:\/\/mf.ag\/wp-content\/uploads\/2023\/11\/Valtus-Final.png","datePublished":"2023-11-15T08:23:29+00:00","dateModified":"2025-10-17T10:28:51+00:00","breadcrumb":{"@id":"https:\/\/mf.ag\/en\/articles\/valtus-alliance-the-largest-executive-interim-management-provider-in-europe\/#breadcrumb"},"inLanguage":"en-US","potentialAction":[{"@type":"ReadAction","target":["https:\/\/mf.ag\/en\/articles\/valtus-alliance-the-largest-executive-interim-management-provider-in-europe\/"]}]},{"@type":"ImageObject","inLanguage":"en-US","@id":"https:\/\/mf.ag\/en\/articles\/valtus-alliance-the-largest-executive-interim-management-provider-in-europe\/#primaryimage","url":"https:\/\/mf.ag\/wp-content\/uploads\/2023\/11\/Valtus-Final.png","contentUrl":"https:\/\/mf.ag\/wp-content\/uploads\/2023\/11\/Valtus-Final.png","width":3708,"height":2000},{"@type":"BreadcrumbList","@id":"https:\/\/mf.ag\/en\/articles\/valtus-alliance-the-largest-executive-interim-management-provider-in-europe\/#breadcrumb","itemListElement":[{"@type":"ListItem","position":1,"name":"Home","item":"https:\/\/mf.ag\/en\/"},{"@type":"ListItem","position":2,"name":"Valtus Alliance: The largest executive interim management provider in Europe"}]},{"@type":"WebSite","@id":"https:\/\/mf.ag\/en\/#website","url":"https:\/\/mf.ag\/en\/","name":"Management Factory","description":"Mit Executive Interim Management und Financial Advisory das Gesch\u00e4ft voranbringen","publisher":{"@id":"https:\/\/mf.ag\/en\/#organization"},"potentialAction":[{"@type":"SearchAction","target":{"@type":"EntryPoint","urlTemplate":"https:\/\/mf.ag\/en\/?s={search_term_string}"},"query-input":{"@type":"PropertyValueSpecification","valueRequired":true,"valueName":"search_term_string"}}],"inLanguage":"en-US"},{"@type":"Organization","@id":"https:\/\/mf.ag\/en\/#organization","name":"Management Factory","url":"https:\/\/mf.ag\/en\/","logo":{"@type":"ImageObject","inLanguage":"en-US","@id":"https:\/\/mf.ag\/en\/#\/schema\/logo\/image\/","url":"","contentUrl":"","caption":"Management Factory"},"image":{"@id":"https:\/\/mf.ag\/en\/#\/schema\/logo\/image\/"}},{"@type":"Person","@id":"https:\/\/mf.ag\/en\/#\/schema\/person\/bdb59c06c8f7b6ef513b7a6b1e300f46","name":"Christian Kniescheck","image":{"@type":"ImageObject","inLanguage":"en-US","@id":"https:\/\/secure.gravatar.com\/avatar\/7a9e2ca8d8c8b34938ef1bd13dcafb99afc539d0704cfa454e523fce1cccb56d?s=96&r=g","url":"https:\/\/secure.gravatar.com\/avatar\/7a9e2ca8d8c8b34938ef1bd13dcafb99afc539d0704cfa454e523fce1cccb56d?s=96&r=g","contentUrl":"https:\/\/secure.gravatar.com\/avatar\/7a9e2ca8d8c8b34938ef1bd13dcafb99afc539d0704cfa454e523fce1cccb56d?s=96&r=g","caption":"Christian Kniescheck"},"description":"Mag. Christian Kniescheck, MBA CTE CSE, ist Partner der Management Factory und seit \u00fcber f\u00fcnfundzwanzig Jahren im Executive Interim Management und in der Unternehmensberatung t\u00e4tig. Er gilt als ausgewiesener Experte f\u00fcr Change Management und Operational Excellence und \u00fcbernimmt anspruchsvolle Restrukturierungs\u2011 und Transformationsmandate pers\u00f6nlich. F\u00fcr seine herausragenden Leistungen wurde er 2021 sowohl mit dem besten Interim Management Projekt des Jahres (D\u00d6IM) als auch mit dem Constantinus Award (WKO, Incite) ausgezeichnet.","sameAs":["https:\/\/mf.ag\/de\/christian-kniescheck\/","https:\/\/www.linkedin.com\/in\/christian-kniescheck\/"],"jobTitle":"Partner","worksFor":"VALTUS Management Factory","url":"https:\/\/mf.ag\/en\/author\/christian\/"}]}},"_links":{"self":[{"href":"https:\/\/mf.ag\/en\/wp-json\/wp\/v2\/posts\/55020","targetHints":{"allow":["GET"]}}],"collection":[{"href":"https:\/\/mf.ag\/en\/wp-json\/wp\/v2\/posts"}],"about":[{"href":"https:\/\/mf.ag\/en\/wp-json\/wp\/v2\/types\/post"}],"author":[{"embeddable":true,"href":"https:\/\/mf.ag\/en\/wp-json\/wp\/v2\/users\/30"}],"replies":[{"embeddable":true,"href":"https:\/\/mf.ag\/en\/wp-json\/wp\/v2\/comments?post=55020"}],"version-history":[{"count":4,"href":"https:\/\/mf.ag\/en\/wp-json\/wp\/v2\/posts\/55020\/revisions"}],"predecessor-version":[{"id":63680,"href":"https:\/\/mf.ag\/en\/wp-json\/wp\/v2\/posts\/55020\/revisions\/63680"}],"wp:featuredmedia":[{"embeddable":true,"href":"https:\/\/mf.ag\/en\/wp-json\/wp\/v2\/media\/54856"}],"wp:attachment":[{"href":"https:\/\/mf.ag\/en\/wp-json\/wp\/v2\/media?parent=55020"}],"wp:term":[{"taxonomy":"category","embeddable":true,"href":"https:\/\/mf.ag\/en\/wp-json\/wp\/v2\/categories?post=55020"},{"taxonomy":"post_tag","embeddable":true,"href":"https:\/\/mf.ag\/en\/wp-json\/wp\/v2\/tags?post=55020"}],"curies":[{"name":"wp","href":"https:\/\/api.w.org\/{rel}","templated":true}]}}