{"id":16002,"date":"2020-12-08T10:58:41","date_gmt":"2020-12-08T09:58:41","guid":{"rendered":"https:\/\/mf.ag\/?p=16002"},"modified":"2023-09-05T14:37:34","modified_gmt":"2023-09-05T12:37:34","slug":"valtus-group-acquires-majority-stake-nordic-interim-2","status":"publish","type":"post","link":"https:\/\/mf.ag\/en\/articles\/valtus-group-acquires-majority-stake-nordic-interim-2\/","title":{"rendered":"French Interim Executive Management firm Valtus Group acquires a majority stake in Nordic Interim Executive Solutions"},"content":{"rendered":"\n<p>Since its inception in 2004, Nordic Interim Executive Solutions has developed into the leading Nordic company in Interim Executive Management. The company was founded by Janeric Peterson, Novare Human Capital and Odgers Berndtson. In 2013, Nordic Interim Finland was founded.<\/p>\n\n\n\n<p>On December 4<sup>th<\/sup> the European leader in Interim Executive Management, France-based <a href=\"https:\/\/www.valtus.fr\/en\/\" target=\"_blank\" rel=\"noreferrer noopener\">Valtus Group<\/a> acquired a majority stake in Nordic Interim. Together, the companies will take the lead in developing superior solutions for their customers and offer the most challenging and interesting assignments for their Executive Interim network. The plan is to establish themselves as an international leader in Executive Interim Management. From the start, the new company has a turnover of SEK 700 million per year. Partners in Nordic Interim will become part of the management of the combined international operations.<\/p>\n\n\n\n<p>\u2013 More and more companies see the value of hiring experienced leaders for interim projects to accelerate and strengthen the implementation of change projects. We are currently involved in turnarounds, reconstructions, transformations and other major change initiatives in growth and cost-reduction programs. With new international majority owners, we can do all of this on a completely different scale, says Bj\u00f6rn Henriksson, CEO of Nordic Interim.<\/p>\n\n\n\n<p>\u2013 Nordic Interim combines market-leading quality with growth and innovation, says Philippe Soullier, CEO and founder of Valtus Group. We have collaborated with Nordic Interim for several years and have been deeply impressed by the company\u2019s employees and work. This is an important part of our journey to becoming an international leader in Executive Interim Management and with a market-leading position in the Nordic region, we are taking an important step towards that goal.<\/p>\n\n\n\n<p><a href=\"https:\/\/www.valtus.fr\/en\/\" target=\"_blank\" rel=\"noreferrer noopener\">Valtus Group<\/a> was founded in 2001 and is Europe\u2019s leading firm in Executive Interim Management. Since February 2020, the company has received financing from its owners GENEO Capital Entrepreneur and Soci\u00e9t\u00e9 G\u00e9n\u00e9rale Capital Partenaires for its international growth journey.<\/p>\n\n\n\n<hr class=\"wp-block-separator has-css-opacity\"\/>\n","protected":false},"excerpt":{"rendered":"<p>Since its inception in 2004, Nordic Interim Executive Solutions has developed into the leading Nordic company in Interim Executive Management. The company was founded by Janeric Peterson, Novare Human Capital and Odgers Berndtson. In 2013, Nordic Interim Finland was founded. On December 4th the European leader in Interim Executive Management, France-based Valtus Group acquired a [&hellip;]<\/p>\n","protected":false},"author":10,"featured_media":0,"comment_status":"closed","ping_status":"closed","sticky":false,"template":"","format":"standard","meta":{"inline_featured_image":false,"footnotes":""},"categories":[],"tags":[2852],"class_list":["post-16002","post","type-post","status-publish","format-standard","hentry","tag-press-release"],"featured_image_urls_v2":{"full":"","thumbnail":"","medium":"","medium_large":"","large":"","1536x1536":"","2048x2048":"","gform-image-choice-sm":"","gform-image-choice-md":"","gform-image-choice-lg":"","profile_24":"","profile_48":"","profile_96":"","profile_150":"","profile_300":""},"post_excerpt_stackable_v2":"<p>Since its inception in 2004, Nordic Interim Executive Solutions has developed into the leading Nordic company in Interim Executive Management. The company was founded by Janeric Peterson, Novare Human Capital and Odgers Berndtson. In 2013, Nordic Interim Finland was founded. On December 4th the European leader in Interim Executive Management, France-based Valtus Group acquired a majority stake in Nordic Interim. Together, the companies will take the lead in developing superior solutions for their customers and offer the most challenging and interesting assignments for their Executive Interim network. The plan is to establish themselves as an international leader in Executive Interim&hellip;<\/p>\n","category_list_v2":"Uncategorized","author_info_v2":{"name":"Jannike Falkman","url":"https:\/\/mf.ag\/en\/author\/jannike\/"},"comments_num_v2":"0 comments","yoast_head":"<!-- This site is optimized with the Yoast SEO Premium plugin v25.8 (Yoast SEO v27.4) - https:\/\/yoast.com\/product\/yoast-seo-premium-wordpress\/ -->\n<title>French Interim Executive Management firm Valtus Group acquires a majority stake in Nordic Interim Executive Solutions &#187; Management Factory<\/title>\n<meta name=\"robots\" content=\"index, follow, max-snippet:-1, max-image-preview:large, max-video-preview:-1\" \/>\n<link rel=\"canonical\" href=\"https:\/\/mf.ag\/en\/articles\/valtus-group-acquires-majority-stake-nordic-interim-2\/\" \/>\n<meta property=\"og:locale\" content=\"en_US\" \/>\n<meta property=\"og:type\" content=\"article\" \/>\n<meta property=\"og:title\" content=\"French Interim Executive Management firm Valtus Group acquires a majority stake in Nordic Interim Executive Solutions\" \/>\n<meta property=\"og:description\" content=\"Since its inception in 2004, Nordic Interim Executive Solutions has developed into the leading Nordic company in Interim Executive Management. The company was founded by Janeric Peterson, Novare Human Capital and Odgers Berndtson. In 2013, Nordic Interim Finland was founded. On December 4th the European leader in Interim Executive Management, France-based Valtus Group acquired a [&hellip;]\" \/>\n<meta property=\"og:url\" content=\"https:\/\/mf.ag\/en\/articles\/valtus-group-acquires-majority-stake-nordic-interim-2\/\" \/>\n<meta property=\"og:site_name\" content=\"Management Factory\" \/>\n<meta property=\"article:published_time\" content=\"2020-12-08T09:58:41+00:00\" \/>\n<meta property=\"article:modified_time\" content=\"2023-09-05T12:37:34+00:00\" \/>\n<meta property=\"og:image\" content=\"https:\/\/mf.ag\/wp-content\/uploads\/2020\/06\/2019-05-13-Gruppbild-1-scaled-e1592234493953.jpg\" \/>\n\t<meta property=\"og:image:width\" content=\"2560\" \/>\n\t<meta property=\"og:image:height\" content=\"1707\" \/>\n\t<meta property=\"og:image:type\" content=\"image\/jpeg\" \/>\n<meta name=\"author\" content=\"Jannike Falkman\" \/>\n<meta name=\"twitter:card\" content=\"summary_large_image\" \/>\n<meta name=\"twitter:label1\" content=\"Written by\" \/>\n\t<meta name=\"twitter:data1\" content=\"Jannike Falkman\" \/>\n\t<meta name=\"twitter:label2\" content=\"Est. reading time\" \/>\n\t<meta name=\"twitter:data2\" content=\"2 minutes\" \/>\n<script type=\"application\/ld+json\" class=\"yoast-schema-graph\">{\"@context\":\"https:\\\/\\\/schema.org\",\"@graph\":[{\"@type\":\"Article\",\"@id\":\"https:\\\/\\\/mf.ag\\\/en\\\/articles\\\/valtus-group-acquires-majority-stake-nordic-interim-2\\\/#article\",\"isPartOf\":{\"@id\":\"https:\\\/\\\/mf.ag\\\/en\\\/articles\\\/valtus-group-acquires-majority-stake-nordic-interim-2\\\/\"},\"author\":{\"name\":\"Jannike Falkman\",\"@id\":\"https:\\\/\\\/mf.ag\\\/en\\\/#\\\/schema\\\/person\\\/e711215707829f2523b86f453fcce18d\"},\"headline\":\"French Interim Executive Management firm Valtus Group acquires a majority stake in Nordic Interim Executive Solutions\",\"datePublished\":\"2020-12-08T09:58:41+00:00\",\"dateModified\":\"2023-09-05T12:37:34+00:00\",\"mainEntityOfPage\":{\"@id\":\"https:\\\/\\\/mf.ag\\\/en\\\/articles\\\/valtus-group-acquires-majority-stake-nordic-interim-2\\\/\"},\"wordCount\":324,\"publisher\":{\"@id\":\"https:\\\/\\\/mf.ag\\\/en\\\/#organization\"},\"keywords\":[\"Press Release\"],\"inLanguage\":\"en-US\"},{\"@type\":\"WebPage\",\"@id\":\"https:\\\/\\\/mf.ag\\\/en\\\/articles\\\/valtus-group-acquires-majority-stake-nordic-interim-2\\\/\",\"url\":\"https:\\\/\\\/mf.ag\\\/en\\\/articles\\\/valtus-group-acquires-majority-stake-nordic-interim-2\\\/\",\"name\":\"French Interim Executive Management firm Valtus Group acquires a majority stake in Nordic Interim Executive Solutions &#187; Management Factory\",\"isPartOf\":{\"@id\":\"https:\\\/\\\/mf.ag\\\/en\\\/#website\"},\"datePublished\":\"2020-12-08T09:58:41+00:00\",\"dateModified\":\"2023-09-05T12:37:34+00:00\",\"breadcrumb\":{\"@id\":\"https:\\\/\\\/mf.ag\\\/en\\\/articles\\\/valtus-group-acquires-majority-stake-nordic-interim-2\\\/#breadcrumb\"},\"inLanguage\":\"en-US\",\"potentialAction\":[{\"@type\":\"ReadAction\",\"target\":[\"https:\\\/\\\/mf.ag\\\/en\\\/articles\\\/valtus-group-acquires-majority-stake-nordic-interim-2\\\/\"]}]},{\"@type\":\"BreadcrumbList\",\"@id\":\"https:\\\/\\\/mf.ag\\\/en\\\/articles\\\/valtus-group-acquires-majority-stake-nordic-interim-2\\\/#breadcrumb\",\"itemListElement\":[{\"@type\":\"ListItem\",\"position\":1,\"name\":\"Home\",\"item\":\"https:\\\/\\\/mf.ag\\\/en\\\/\"},{\"@type\":\"ListItem\",\"position\":2,\"name\":\"French Interim Executive Management firm Valtus Group acquires a majority stake in Nordic Interim Executive Solutions\"}]},{\"@type\":\"WebSite\",\"@id\":\"https:\\\/\\\/mf.ag\\\/en\\\/#website\",\"url\":\"https:\\\/\\\/mf.ag\\\/en\\\/\",\"name\":\"Management Factory\",\"description\":\"Mit Executive Interim Management und Financial Advisory das Gesch\u00e4ft voranbringen\",\"publisher\":{\"@id\":\"https:\\\/\\\/mf.ag\\\/en\\\/#organization\"},\"potentialAction\":[{\"@type\":\"SearchAction\",\"target\":{\"@type\":\"EntryPoint\",\"urlTemplate\":\"https:\\\/\\\/mf.ag\\\/en\\\/?s={search_term_string}\"},\"query-input\":{\"@type\":\"PropertyValueSpecification\",\"valueRequired\":true,\"valueName\":\"search_term_string\"}}],\"inLanguage\":\"en-US\"},{\"@type\":\"Organization\",\"@id\":\"https:\\\/\\\/mf.ag\\\/en\\\/#organization\",\"name\":\"Management Factory\",\"url\":\"https:\\\/\\\/mf.ag\\\/en\\\/\",\"logo\":{\"@type\":\"ImageObject\",\"inLanguage\":\"en-US\",\"@id\":\"https:\\\/\\\/mf.ag\\\/en\\\/#\\\/schema\\\/logo\\\/image\\\/\",\"url\":\"\",\"contentUrl\":\"\",\"caption\":\"Management Factory\"},\"image\":{\"@id\":\"https:\\\/\\\/mf.ag\\\/en\\\/#\\\/schema\\\/logo\\\/image\\\/\"}},{\"@type\":\"Person\",\"@id\":\"https:\\\/\\\/mf.ag\\\/en\\\/#\\\/schema\\\/person\\\/e711215707829f2523b86f453fcce18d\",\"name\":\"Jannike Falkman\",\"image\":{\"@type\":\"ImageObject\",\"inLanguage\":\"en-US\",\"@id\":\"https:\\\/\\\/secure.gravatar.com\\\/avatar\\\/e1d09efa2eb47ea325876abe3befc3221191425c88ac53bd664207e6197c33d3?s=96&r=g\",\"url\":\"https:\\\/\\\/secure.gravatar.com\\\/avatar\\\/e1d09efa2eb47ea325876abe3befc3221191425c88ac53bd664207e6197c33d3?s=96&r=g\",\"contentUrl\":\"https:\\\/\\\/secure.gravatar.com\\\/avatar\\\/e1d09efa2eb47ea325876abe3befc3221191425c88ac53bd664207e6197c33d3?s=96&r=g\",\"caption\":\"Jannike Falkman\"},\"description\":\"Jannike Falkman Marketing Manager Nordic Region Jannike has eleven years of experience from Executive Search &amp; Interim Management and ten years from PR, marketing and communications. Her latest employment prior to Nordic Interim was with Impact Executives as a Senior Executive Researcher.\",\"url\":\"https:\\\/\\\/mf.ag\\\/en\\\/author\\\/jannike\\\/\"}]}<\/script>\n<!-- \/ Yoast SEO Premium plugin. -->","yoast_head_json":{"title":"French Interim Executive Management firm Valtus Group acquires a majority stake in Nordic Interim Executive Solutions &#187; Management Factory","robots":{"index":"index","follow":"follow","max-snippet":"max-snippet:-1","max-image-preview":"max-image-preview:large","max-video-preview":"max-video-preview:-1"},"canonical":"https:\/\/mf.ag\/en\/articles\/valtus-group-acquires-majority-stake-nordic-interim-2\/","og_locale":"en_US","og_type":"article","og_title":"French Interim Executive Management firm Valtus Group acquires a majority stake in Nordic Interim Executive Solutions","og_description":"Since its inception in 2004, Nordic Interim Executive Solutions has developed into the leading Nordic company in Interim Executive Management. The company was founded by Janeric Peterson, Novare Human Capital and Odgers Berndtson. In 2013, Nordic Interim Finland was founded. On December 4th the European leader in Interim Executive Management, France-based Valtus Group acquired a [&hellip;]","og_url":"https:\/\/mf.ag\/en\/articles\/valtus-group-acquires-majority-stake-nordic-interim-2\/","og_site_name":"Management Factory","article_published_time":"2020-12-08T09:58:41+00:00","article_modified_time":"2023-09-05T12:37:34+00:00","og_image":[{"width":2560,"height":1707,"url":"https:\/\/mf.ag\/wp-content\/uploads\/2020\/06\/2019-05-13-Gruppbild-1-scaled-e1592234493953.jpg","type":"image\/jpeg"}],"author":"Jannike Falkman","twitter_card":"summary_large_image","twitter_misc":{"Written by":"Jannike Falkman","Est. reading time":"2 minutes"},"schema":{"@context":"https:\/\/schema.org","@graph":[{"@type":"Article","@id":"https:\/\/mf.ag\/en\/articles\/valtus-group-acquires-majority-stake-nordic-interim-2\/#article","isPartOf":{"@id":"https:\/\/mf.ag\/en\/articles\/valtus-group-acquires-majority-stake-nordic-interim-2\/"},"author":{"name":"Jannike Falkman","@id":"https:\/\/mf.ag\/en\/#\/schema\/person\/e711215707829f2523b86f453fcce18d"},"headline":"French Interim Executive Management firm Valtus Group acquires a majority stake in Nordic Interim Executive Solutions","datePublished":"2020-12-08T09:58:41+00:00","dateModified":"2023-09-05T12:37:34+00:00","mainEntityOfPage":{"@id":"https:\/\/mf.ag\/en\/articles\/valtus-group-acquires-majority-stake-nordic-interim-2\/"},"wordCount":324,"publisher":{"@id":"https:\/\/mf.ag\/en\/#organization"},"keywords":["Press Release"],"inLanguage":"en-US"},{"@type":"WebPage","@id":"https:\/\/mf.ag\/en\/articles\/valtus-group-acquires-majority-stake-nordic-interim-2\/","url":"https:\/\/mf.ag\/en\/articles\/valtus-group-acquires-majority-stake-nordic-interim-2\/","name":"French Interim Executive Management firm Valtus Group acquires a majority stake in Nordic Interim Executive Solutions &#187; Management Factory","isPartOf":{"@id":"https:\/\/mf.ag\/en\/#website"},"datePublished":"2020-12-08T09:58:41+00:00","dateModified":"2023-09-05T12:37:34+00:00","breadcrumb":{"@id":"https:\/\/mf.ag\/en\/articles\/valtus-group-acquires-majority-stake-nordic-interim-2\/#breadcrumb"},"inLanguage":"en-US","potentialAction":[{"@type":"ReadAction","target":["https:\/\/mf.ag\/en\/articles\/valtus-group-acquires-majority-stake-nordic-interim-2\/"]}]},{"@type":"BreadcrumbList","@id":"https:\/\/mf.ag\/en\/articles\/valtus-group-acquires-majority-stake-nordic-interim-2\/#breadcrumb","itemListElement":[{"@type":"ListItem","position":1,"name":"Home","item":"https:\/\/mf.ag\/en\/"},{"@type":"ListItem","position":2,"name":"French Interim Executive Management firm Valtus Group acquires a majority stake in Nordic Interim Executive Solutions"}]},{"@type":"WebSite","@id":"https:\/\/mf.ag\/en\/#website","url":"https:\/\/mf.ag\/en\/","name":"Management Factory","description":"Mit Executive Interim Management und Financial Advisory das Gesch\u00e4ft voranbringen","publisher":{"@id":"https:\/\/mf.ag\/en\/#organization"},"potentialAction":[{"@type":"SearchAction","target":{"@type":"EntryPoint","urlTemplate":"https:\/\/mf.ag\/en\/?s={search_term_string}"},"query-input":{"@type":"PropertyValueSpecification","valueRequired":true,"valueName":"search_term_string"}}],"inLanguage":"en-US"},{"@type":"Organization","@id":"https:\/\/mf.ag\/en\/#organization","name":"Management Factory","url":"https:\/\/mf.ag\/en\/","logo":{"@type":"ImageObject","inLanguage":"en-US","@id":"https:\/\/mf.ag\/en\/#\/schema\/logo\/image\/","url":"","contentUrl":"","caption":"Management Factory"},"image":{"@id":"https:\/\/mf.ag\/en\/#\/schema\/logo\/image\/"}},{"@type":"Person","@id":"https:\/\/mf.ag\/en\/#\/schema\/person\/e711215707829f2523b86f453fcce18d","name":"Jannike Falkman","image":{"@type":"ImageObject","inLanguage":"en-US","@id":"https:\/\/secure.gravatar.com\/avatar\/e1d09efa2eb47ea325876abe3befc3221191425c88ac53bd664207e6197c33d3?s=96&r=g","url":"https:\/\/secure.gravatar.com\/avatar\/e1d09efa2eb47ea325876abe3befc3221191425c88ac53bd664207e6197c33d3?s=96&r=g","contentUrl":"https:\/\/secure.gravatar.com\/avatar\/e1d09efa2eb47ea325876abe3befc3221191425c88ac53bd664207e6197c33d3?s=96&r=g","caption":"Jannike Falkman"},"description":"Jannike Falkman Marketing Manager Nordic Region Jannike has eleven years of experience from Executive Search &amp; Interim Management and ten years from PR, marketing and communications. Her latest employment prior to Nordic Interim was with Impact Executives as a Senior Executive Researcher.","url":"https:\/\/mf.ag\/en\/author\/jannike\/"}]}},"_links":{"self":[{"href":"https:\/\/mf.ag\/en\/wp-json\/wp\/v2\/posts\/16002","targetHints":{"allow":["GET"]}}],"collection":[{"href":"https:\/\/mf.ag\/en\/wp-json\/wp\/v2\/posts"}],"about":[{"href":"https:\/\/mf.ag\/en\/wp-json\/wp\/v2\/types\/post"}],"author":[{"embeddable":true,"href":"https:\/\/mf.ag\/en\/wp-json\/wp\/v2\/users\/10"}],"replies":[{"embeddable":true,"href":"https:\/\/mf.ag\/en\/wp-json\/wp\/v2\/comments?post=16002"}],"version-history":[{"count":1,"href":"https:\/\/mf.ag\/en\/wp-json\/wp\/v2\/posts\/16002\/revisions"}],"predecessor-version":[{"id":53417,"href":"https:\/\/mf.ag\/en\/wp-json\/wp\/v2\/posts\/16002\/revisions\/53417"}],"wp:attachment":[{"href":"https:\/\/mf.ag\/en\/wp-json\/wp\/v2\/media?parent=16002"}],"wp:term":[{"taxonomy":"category","embeddable":true,"href":"https:\/\/mf.ag\/en\/wp-json\/wp\/v2\/categories?post=16002"},{"taxonomy":"post_tag","embeddable":true,"href":"https:\/\/mf.ag\/en\/wp-json\/wp\/v2\/tags?post=16002"}],"curies":[{"name":"wp","href":"https:\/\/api.w.org\/{rel}","templated":true}]}}