{"id":68827,"date":"2026-09-01T14:16:35","date_gmt":"2026-09-01T12:16:35","guid":{"rendered":"https:\/\/mf.ag\/?p=68827"},"modified":"2026-09-01T14:36:43","modified_gmt":"2026-09-01T12:36:43","slug":"valtus-management-factory-wachstumschampion-2026","status":"publish","type":"post","link":"https:\/\/mf.ag\/de\/artikel\/valtus-management-factory-wachstumschampion-2026\/","title":{"rendered":"VALTUS Management Factory Wachstumschampion 2026"},"content":{"rendered":"\n<p><strong>VALTUS Management Factory geh\u00f6rt zu den Top 250 der <a href=\"https:\/\/www.qualitaetstest.at\/awards\/wachstums-champions\/\" data-type=\"link\" data-id=\"https:\/\/www.qualitaetstest.at\/awards\/wachstums-champions\/\" target=\"_blank\" rel=\"noreferrer noopener\">Wachstums-Champions \u00d6sterreichs 2026<\/a>.<\/strong> Die Auszeichnung basiert auf einer Untersuchung der \u00d6GVS \u2013 Gesellschaft f\u00fcr Verbraucherstudien in Kooperation mit dem Wirtschaftsmagazin trend, bei der die Umsatzentwicklung \u00f6sterreichischer Unternehmen \u00fcber mehrere Jahre analysiert wurde.<\/p>\n\n\n\n<p>F\u00fcr die Studie wurde aus einem Pool von \u00fcber 30.000 in \u00d6sterreich identifizierten Unternehmen ein Untersuchungskollektiv gebildet. Ber\u00fccksichtigt wurden Unternehmen mit Sitz in \u00d6sterreich, deren Umsatz 2021 mindestens 100.000 Euro und 2024 mindestens 1 Mio. Euro betrug und deren Wachstum \u00fcberwiegend organisch erzielt wurde. Die Datengrundlage bildeten Umsatzzahlen aus den Gesch\u00e4ftsjahren 2021 und 2024, die entweder im Rahmen der Datenerhebung zur Verf\u00fcgung gestellt oder aus \u00f6ffentlich zug\u00e4nglichen Quellen belastbar recherchiert wurden.<\/p>\n\n\n\n<p>Entscheidend f\u00fcr die Bewertung war nicht die absolute Umsatzsteigerung, sondern die durchschnittliche j\u00e4hrliche Wachstumsrate, die sogenannte Compound Annual Growth Rate (CAGR). Sie bildet die Entwicklung zwischen 2021 und 2024 ab und erm\u00f6glicht dadurch einen Vergleich der Wachstumsdynamik unterschiedlich gro\u00dfer Unternehmen. Die 250 Unternehmen mit der h\u00f6chsten durchschnittlichen j\u00e4hrlichen Wachstumsrate wurden als Wachstums-Champions ausgezeichnet.<\/p>\n\n\n\n<p>Dass VALTUS Management Factory in diesem Umfeld zu den Top 250 z\u00e4hlt, ist Ausdruck einer Entwicklung, die mehrere Faktoren miteinander verbindet. Seit November 2021 ist die VALTUS Management Factory Teil der internationalen <a href=\"https:\/\/valtusgroup.com\/\" data-type=\"link\" data-id=\"https:\/\/valtusgroup.com\/\" target=\"_blank\" rel=\"noreferrer noopener\">VALTUS Gruppe<\/a>. Gleichzeitig ist die Nachfrage nach erfahrenen Executive Interim Manager:innen in anspruchsvollen Unternehmenssituationen deutlich gestiegen. Hinzu kommt die kontinuierliche Erweiterung des Kundenportfolios mit neuen Mandaten und Referenzen, unter anderem bei Arverio, Coveris und neoom.<\/p>\n\n\n\n<p><em>\u201eUnser Wachstum ist vor allem das Ergebnis einer Kombination aus Marktnachfrage, internationaler Einbindung und konsequenter Weiterentwicklung unseres Leistungsangebots. Seit dem Zusammenschluss mit der VALTUS Gruppe im November 2021 k\u00f6nnen wir unseren Kunden einen noch breiteren Zugang zu Executive Interim Management und internationaler Expertise bieten. Gleichzeitig sehen wir eine anhaltend hohe Nachfrage nach erfahrenen F\u00fchrungskr\u00e4ften, die Unternehmen in herausfordernden Situationen schnell und wirksam unterst\u00fctzen. Neue Referenzen wie <a href=\"https:\/\/mf.ag\/de\/referenzen\/arverio\/\" data-type=\"link\" data-id=\"https:\/\/mf.ag\/de\/referenzen\/arverio\/\" target=\"_blank\" rel=\"noreferrer noopener\">Arverio<\/a>, <a href=\"https:\/\/mf.ag\/de\/referenzen\/coveris\/\" data-type=\"link\" data-id=\"https:\/\/mf.ag\/de\/referenzen\/coveris\/\" target=\"_blank\" rel=\"noreferrer noopener\">Coveris<\/a> und <a href=\"https:\/\/mf.ag\/de\/referenzen\/neoom\/\" data-type=\"link\" data-id=\"https:\/\/mf.ag\/de\/referenzen\/neoom\/\" target=\"_blank\" rel=\"noreferrer noopener\">neoom<\/a> best\u00e4tigen, dass unser Ansatz am Markt gefragt ist.\u201c<\/em><br><br><strong>\u2014 <a href=\"https:\/\/mf.ag\/de\/thomas-tschol\/\" data-type=\"link\" data-id=\"https:\/\/mf.ag\/de\/thomas-tschol\/\">Thomas Tschol<\/a>, Gesch\u00e4ftsf\u00fchrer von VALTUS Management Factory<\/strong><\/p>\n\n\n\n<p><\/p>\n\n\n\n<p>Parallel zum <a href=\"https:\/\/mf.ag\/de\/executive-interim-management\/\" data-type=\"link\" data-id=\"https:\/\/mf.ag\/de\/executive-interim-management\/\">Executive Interim Management<\/a> wurde auch das Financial Advisory Gesch\u00e4ft systematisch weiterentwickelt. Mit Christopher Klena und Julian Wildpaner stehen dem Bereich seit mittlerweile drei Jahren zwei erfahrene Manager zur Verf\u00fcgung, die das Team kontinuierlich aufgebaut und weiterentwickelt haben. Dadurch konnte die Management Factory auch gr\u00f6\u00dfere und komplexe Mandate, unter anderem f\u00fcr Rosenbauer und KTM, erfolgreich begleiten.<\/p>\n\n\n\n<p><em>\u201eWir haben unser <a href=\"https:\/\/mf.ag\/de\/financial-advisory\/\" data-type=\"link\" data-id=\"https:\/\/mf.ag\/de\/financial-advisory\/\">Financial Advisory Team<\/a> in den vergangenen drei Jahren gezielt aufgebaut und mit <a href=\"https:\/\/mf.ag\/de\/christopher-klena\/\" data-type=\"link\" data-id=\"https:\/\/mf.ag\/de\/christopher-klena\/\">Christopher Klena<\/a> und <a href=\"https:\/\/mf.ag\/de\/julian-wildpaner\/\" data-type=\"link\" data-id=\"https:\/\/mf.ag\/de\/julian-wildpaner\/\">Julian Wildpaner<\/a> zwei ausgewiesene Manager daf\u00fcr gewonnen. Das schafft die notwendige Tiefe, um auch komplexe und gr\u00f6\u00dfere Mandate wie Rosenbauer oder KTM professionell zu begleiten. Gleichzeitig bleibt unsere Kernkompetenz in der <a href=\"https:\/\/mf.ag\/de\/restrukturierung\/\" data-type=\"link\" data-id=\"https:\/\/mf.ag\/de\/restrukturierung\/\">Restrukturierung<\/a> eng mit unserem Executive Interim Management verbunden \u2013 von <a href=\"https:\/\/mf.ag\/de\/interim-ceo\/\" data-type=\"link\" data-id=\"https:\/\/mf.ag\/de\/interim-ceo\/\">CEO-<\/a>, <a href=\"https:\/\/mf.ag\/de\/interim-cfo\/\" data-type=\"link\" data-id=\"https:\/\/mf.ag\/de\/interim-cfo\/\">CFO-<\/a> und <a href=\"https:\/\/mf.ag\/de\/chief-restructuring-officer\/\" data-type=\"link\" data-id=\"https:\/\/mf.ag\/de\/chief-restructuring-officer\/\">CRO-Mandaten<\/a> bis hin zu <a href=\"https:\/\/mf.ag\/de\/fortbestehensprognose\/\" data-type=\"link\" data-id=\"https:\/\/mf.ag\/de\/fortbestehensprognose\/\">Fortbestehensprognosen<\/a>, Liquidit\u00e4tssteuerung und <a href=\"https:\/\/mf.ag\/de\/solvente-liquidation\/\" data-type=\"link\" data-id=\"https:\/\/mf.ag\/de\/solvente-liquidation\/\">solventen Liquidationen<\/a>.\u201c<\/em><br><br><strong>\u2014 <a href=\"https:\/\/mf.ag\/de\/gerhard-wueest\/\" data-type=\"link\" data-id=\"https:\/\/mf.ag\/de\/gerhard-wueest\/\">Gerhard W\u00fcest<\/a>, Gesch\u00e4ftsf\u00fchrer von VALTUS Management Factory<\/strong><\/p>\n\n\n\n<p><\/p>\n\n\n\n<p>Auch das Leistungsportfolio der VALTUS Management Factory hat sich in den vergangenen Jahren erweitert. Neben der Besetzung von CEO-, CFO- und CRO-Positionen vermittelt das Unternehmen heute auch Chief Transformation Officer, <a href=\"https:\/\/mf.ag\/de\/interim-chief-operating-officer\/\" data-type=\"link\" data-id=\"https:\/\/mf.ag\/de\/interim-chief-operating-officer\/\">COO<\/a>, Werkleiter sowie Interim Manager:innen f\u00fcr <a href=\"https:\/\/mf.ag\/de\/interim-supply-chain-managerin\/\" data-type=\"link\" data-id=\"https:\/\/mf.ag\/de\/interim-supply-chain-managerin\/\">Supply Chain<\/a> und <a href=\"https:\/\/mf.ag\/de\/transaktionsberatung\/\" data-type=\"link\" data-id=\"https:\/\/mf.ag\/de\/transaktionsberatung\/\">M&amp;A<\/a>. M\u00f6glich wird diese Entwicklung vor allem durch ein spezialisiertes Team und einen kontinuierlich wachsenden Pool an erfahrenen F\u00fchrungskr\u00e4ften.<\/p>\n\n\n\n<p><em>\u201eWir haben unser Portfolio in den vergangenen Jahren konsequent entlang der Anforderungen unserer Kunden erweitert. Neben CEO, CFO und CRO besetzen wir heute auch Positionen wie Chief Transformation Officer, COO, Werkleiter:innen sowie Interim-Mandate in Supply Chain und M&amp;A. Dahinter steht ein starkes Team und ein belastbarer Pool an erfahrenen Manager:innen. Ein wichtiger Bestandteil davon ist auch unsere Talent Managerin <a href=\"https:\/\/www.linkedin.com\/in\/annika-porsch\/\" data-type=\"link\" data-id=\"https:\/\/www.linkedin.com\/in\/annika-porsch\/\" target=\"_blank\" rel=\"noreferrer noopener\">Annika Porsch<\/a>, die unseren Pool betreut und kontinuierlich weiterentwickelt. Mit <a href=\"https:\/\/mf.ag\/de\/martin-pfeffer\/\" data-type=\"link\" data-id=\"https:\/\/mf.ag\/de\/martin-pfeffer\/\">Martin Pfeffer<\/a>, der <a href=\"https:\/\/mf.ag\/de\/artikel\/interim-manager-des-jahres-geht-an-martin-pfeffer-und-somit-zum-dritten-mal-an-management-factory\/\" data-type=\"link\" data-id=\"https:\/\/mf.ag\/de\/artikel\/interim-manager-des-jahres-geht-an-martin-pfeffer-und-somit-zum-dritten-mal-an-management-factory\/\">2025 als Interim Manager<\/a> des Jahres ausgezeichnet wurde, haben wir zudem einen erfahrenen Interim Manager in unserem Netzwerk, der f\u00fcr die Qualit\u00e4t unserer Besetzungen steht.\u201c<\/em><br><br><strong>\u2014 <a href=\"https:\/\/mf.ag\/de\/reinhold-pfeifer\/\" data-type=\"link\" data-id=\"https:\/\/mf.ag\/de\/reinhold-pfeifer\/\">Reinhold Pfeifer<\/a>, Gesch\u00e4ftsf\u00fchrer von VALTUS Management Factory<\/strong><\/p>\n\n\n\n<p><\/p>\n\n\n\n<p>Die Aufnahme in die Wachstums-Champions 2026 versteht die VALTUS Management Factory daher weniger als kurzfristigen Erfolg denn als Best\u00e4tigung der strategischen Entwicklung der vergangenen Jahre. Wachstum entsteht dabei nicht allein durch steigende Nachfrage, sondern durch den kontinuierlichen Ausbau von Kompetenzen, Netzwerk und Leistungsangebot.<\/p>\n\n\n\n<p>Die Ergebnisse der \u201eWachstums-Champions \u00d6sterreich 2026\u201c werden am <strong>4. September 2026 im Wirtschaftsmagazin trend<\/strong> ver\u00f6ffentlicht. Die Untersuchung wurde 2026 erstmals von <a href=\"https:\/\/www.qualitaetstest.at\/\" data-type=\"link\" data-id=\"https:\/\/www.qualitaetstest.at\/\" target=\"_blank\" rel=\"noreferrer noopener\">\u00d6GVS<\/a> und <a href=\"https:\/\/www.trend.at\/\" data-type=\"link\" data-id=\"https:\/\/www.trend.at\/\" target=\"_blank\" rel=\"noreferrer noopener\">trend<\/a> durchgef\u00fchrt.<\/p>\n","protected":false},"excerpt":{"rendered":"<p>VALTUS Management Factory geh\u00f6rt zu den Top 250 der Wachstums-Champions \u00d6sterreichs 2026. Die Auszeichnung basiert auf einer Untersuchung der \u00d6GVS \u2013 Gesellschaft f\u00fcr Verbraucherstudien in Kooperation mit dem Wirtschaftsmagazin trend, bei der die Umsatzentwicklung \u00f6sterreichischer Unternehmen \u00fcber mehrere Jahre analysiert wurde. F\u00fcr die Studie wurde aus einem Pool von \u00fcber 30.000 in \u00d6sterreich identifizierten Unternehmen [&hellip;]<\/p>\n","protected":false},"author":32,"featured_media":68821,"comment_status":"closed","ping_status":"closed","sticky":false,"template":"","format":"standard","meta":{"inline_featured_image":false,"footnotes":""},"categories":[3268],"tags":[3377,3728,3372,3282],"class_list":["post-68827","post","type-post","status-publish","format-standard","has-post-thumbnail","hentry","category-artikel","tag-executive-interim-management","tag-financial-advisory","tag-interim-management-3","tag-restrukturierung"],"featured_image_urls_v2":{"full":["https:\/\/mf.ag\/wp-content\/uploads\/2026\/09\/Website-Bilder-Neu-2026-09-01T131259.113.png",1920,1080,false],"thumbnail":["https:\/\/mf.ag\/wp-content\/uploads\/2026\/09\/Website-Bilder-Neu-2026-09-01T131259.113-250x250.png",250,250,true],"medium":["https:\/\/mf.ag\/wp-content\/uploads\/2026\/09\/Website-Bilder-Neu-2026-09-01T131259.113-300x169.png",300,169,true],"medium_large":["https:\/\/mf.ag\/wp-content\/uploads\/2026\/09\/Website-Bilder-Neu-2026-09-01T131259.113-768x432.png",768,432,true],"large":["https:\/\/mf.ag\/wp-content\/uploads\/2026\/09\/Website-Bilder-Neu-2026-09-01T131259.113-1024x576.png",1024,576,true],"1536x1536":["https:\/\/mf.ag\/wp-content\/uploads\/2026\/09\/Website-Bilder-Neu-2026-09-01T131259.113-1536x864.png",1536,864,true],"2048x2048":["https:\/\/mf.ag\/wp-content\/uploads\/2026\/09\/Website-Bilder-Neu-2026-09-01T131259.113.png",1920,1080,false],"gform-image-choice-sm":["https:\/\/mf.ag\/wp-content\/uploads\/2026\/09\/Website-Bilder-Neu-2026-09-01T131259.113.png",300,169,false],"gform-image-choice-md":["https:\/\/mf.ag\/wp-content\/uploads\/2026\/09\/Website-Bilder-Neu-2026-09-01T131259.113.png",400,225,false],"gform-image-choice-lg":["https:\/\/mf.ag\/wp-content\/uploads\/2026\/09\/Website-Bilder-Neu-2026-09-01T131259.113.png",600,338,false],"profile_24":["https:\/\/mf.ag\/wp-content\/uploads\/2026\/09\/Website-Bilder-Neu-2026-09-01T131259.113-24x24.png",24,24,true],"profile_48":["https:\/\/mf.ag\/wp-content\/uploads\/2026\/09\/Website-Bilder-Neu-2026-09-01T131259.113-48x48.png",48,48,true],"profile_96":["https:\/\/mf.ag\/wp-content\/uploads\/2026\/09\/Website-Bilder-Neu-2026-09-01T131259.113-96x96.png",96,96,true],"profile_150":["https:\/\/mf.ag\/wp-content\/uploads\/2026\/09\/Website-Bilder-Neu-2026-09-01T131259.113-150x150.png",150,150,true],"profile_300":["https:\/\/mf.ag\/wp-content\/uploads\/2026\/09\/Website-Bilder-Neu-2026-09-01T131259.113-300x300.png",300,300,true]},"post_excerpt_stackable_v2":"<p>VALTUS Management Factory geh\u00f6rt zu den Top 250 der Wachstums-Champions \u00d6sterreichs 2026. Die Auszeichnung basiert auf einer Untersuchung der \u00d6GVS \u2013 Gesellschaft f\u00fcr Verbraucherstudien in Kooperation mit dem Wirtschaftsmagazin trend, bei der die Umsatzentwicklung \u00f6sterreichischer Unternehmen \u00fcber mehrere Jahre analysiert wurde. F\u00fcr die Studie wurde aus einem Pool von \u00fcber 30.000 in \u00d6sterreich identifizierten Unternehmen ein Untersuchungskollektiv gebildet. Ber\u00fccksichtigt wurden Unternehmen mit Sitz in \u00d6sterreich, deren Umsatz 2021 mindestens 100.000 Euro und 2024 mindestens 1 Mio. Euro betrug und deren Wachstum \u00fcberwiegend organisch erzielt wurde. Die Datengrundlage bildeten Umsatzzahlen aus den Gesch\u00e4ftsjahren 2021 und 2024, die entweder im Rahmen der&hellip;<\/p>\n","category_list_v2":"<a href=\"https:\/\/mf.ag\/de\/category\/artikel\/\" rel=\"category tag\">Artikel<\/a>","author_info_v2":{"name":"VALTUS Management Factory","url":"https:\/\/mf.ag\/de\/author\/managementfactory\/"},"comments_num_v2":"0 comments","yoast_head":"<!-- This site is optimized with the Yoast SEO Premium plugin v25.8 (Yoast SEO v28.3) - https:\/\/yoast.com\/product\/yoast-seo-premium-wordpress\/ -->\n<title>VALTUS Management Factory Wachstumschampion 2026 &#187; Management Factory<\/title>\n<meta name=\"description\" content=\"VALTUS Management Factory z\u00e4hlt zu den Top 250 Wachstums-Champions \u00d6sterreichs 2026 \u2013 eine Auszeichnung f\u00fcr starken Unternehmenswachstum.\" \/>\n<meta name=\"robots\" content=\"index, follow, max-snippet:-1, max-image-preview:large, max-video-preview:-1\" \/>\n<link rel=\"canonical\" href=\"https:\/\/mf.ag\/de\/artikel\/valtus-management-factory-wachstumschampion-2026\/\" \/>\n<meta property=\"og:locale\" content=\"de_DE\" \/>\n<meta property=\"og:type\" content=\"article\" \/>\n<meta property=\"og:title\" content=\"VALTUS Management Factory Wachstumschampion 2026\" \/>\n<meta property=\"og:description\" content=\"VALTUS Management Factory z\u00e4hlt zu den Top 250 Wachstums-Champions \u00d6sterreichs 2026 \u2013 eine Auszeichnung f\u00fcr starken Unternehmenswachstum.\" \/>\n<meta property=\"og:url\" content=\"https:\/\/mf.ag\/de\/artikel\/valtus-management-factory-wachstumschampion-2026\/\" \/>\n<meta property=\"og:site_name\" content=\"Management Factory\" \/>\n<meta property=\"article:published_time\" content=\"2026-09-01T12:16:35+00:00\" \/>\n<meta property=\"article:modified_time\" content=\"2026-09-01T12:36:43+00:00\" \/>\n<meta property=\"og:image\" content=\"https:\/\/mf.ag\/wp-content\/uploads\/2026\/09\/Website-Bilder-Neu-2026-09-01T131259.113-1024x576.png\" \/>\n\t<meta property=\"og:image:width\" content=\"1024\" \/>\n\t<meta property=\"og:image:height\" content=\"576\" \/>\n\t<meta property=\"og:image:type\" content=\"image\/png\" \/>\n<meta name=\"author\" content=\"VALTUS Management Factory\" \/>\n<meta name=\"twitter:card\" content=\"summary_large_image\" \/>\n<meta name=\"twitter:label1\" content=\"Verfasst von\" \/>\n\t<meta name=\"twitter:data1\" content=\"VALTUS Management Factory\" \/>\n\t<meta name=\"twitter:label2\" content=\"Gesch\u00e4tzte Lesezeit\" \/>\n\t<meta name=\"twitter:data2\" content=\"4\u00a0Minuten\" \/>\n<script type=\"application\/ld+json\" class=\"yoast-schema-graph\">{\"@context\":\"https:\\\/\\\/schema.org\",\"@graph\":[{\"@type\":\"Article\",\"@id\":\"https:\\\/\\\/mf.ag\\\/de\\\/artikel\\\/valtus-management-factory-wachstumschampion-2026\\\/#article\",\"isPartOf\":{\"@id\":\"https:\\\/\\\/mf.ag\\\/de\\\/artikel\\\/valtus-management-factory-wachstumschampion-2026\\\/\"},\"author\":{\"name\":\"VALTUS Management Factory\",\"@id\":\"https:\\\/\\\/mf.ag\\\/de\\\/#\\\/schema\\\/person\\\/1b1a766599b72b46cce17aecef0a2280\"},\"headline\":\"VALTUS Management Factory Wachstumschampion 2026\",\"datePublished\":\"2026-09-01T12:16:35+00:00\",\"dateModified\":\"2026-09-01T12:36:43+00:00\",\"mainEntityOfPage\":{\"@id\":\"https:\\\/\\\/mf.ag\\\/de\\\/artikel\\\/valtus-management-factory-wachstumschampion-2026\\\/\"},\"wordCount\":713,\"publisher\":{\"@id\":\"https:\\\/\\\/mf.ag\\\/de\\\/#organization\"},\"image\":{\"@id\":\"https:\\\/\\\/mf.ag\\\/de\\\/artikel\\\/valtus-management-factory-wachstumschampion-2026\\\/#primaryimage\"},\"thumbnailUrl\":\"https:\\\/\\\/mf.ag\\\/wp-content\\\/uploads\\\/2026\\\/09\\\/Website-Bilder-Neu-2026-09-01T131259.113.png\",\"keywords\":[\"Executive Interim Management\",\"Financial Advisory\",\"Interim Management\",\"Restrukturierung\"],\"articleSection\":[\"Artikel\"],\"inLanguage\":\"de\"},{\"@type\":\"WebPage\",\"@id\":\"https:\\\/\\\/mf.ag\\\/de\\\/artikel\\\/valtus-management-factory-wachstumschampion-2026\\\/\",\"url\":\"https:\\\/\\\/mf.ag\\\/de\\\/artikel\\\/valtus-management-factory-wachstumschampion-2026\\\/\",\"name\":\"VALTUS Management Factory Wachstumschampion 2026 &#187; Management Factory\",\"isPartOf\":{\"@id\":\"https:\\\/\\\/mf.ag\\\/de\\\/#website\"},\"primaryImageOfPage\":{\"@id\":\"https:\\\/\\\/mf.ag\\\/de\\\/artikel\\\/valtus-management-factory-wachstumschampion-2026\\\/#primaryimage\"},\"image\":{\"@id\":\"https:\\\/\\\/mf.ag\\\/de\\\/artikel\\\/valtus-management-factory-wachstumschampion-2026\\\/#primaryimage\"},\"thumbnailUrl\":\"https:\\\/\\\/mf.ag\\\/wp-content\\\/uploads\\\/2026\\\/09\\\/Website-Bilder-Neu-2026-09-01T131259.113.png\",\"datePublished\":\"2026-09-01T12:16:35+00:00\",\"dateModified\":\"2026-09-01T12:36:43+00:00\",\"description\":\"VALTUS Management Factory z\u00e4hlt zu den Top 250 Wachstums-Champions \u00d6sterreichs 2026 \u2013 eine Auszeichnung f\u00fcr starken Unternehmenswachstum.\",\"breadcrumb\":{\"@id\":\"https:\\\/\\\/mf.ag\\\/de\\\/artikel\\\/valtus-management-factory-wachstumschampion-2026\\\/#breadcrumb\"},\"inLanguage\":\"de\",\"potentialAction\":[{\"@type\":\"ReadAction\",\"target\":[\"https:\\\/\\\/mf.ag\\\/de\\\/artikel\\\/valtus-management-factory-wachstumschampion-2026\\\/\"]}]},{\"@type\":\"ImageObject\",\"inLanguage\":\"de\",\"@id\":\"https:\\\/\\\/mf.ag\\\/de\\\/artikel\\\/valtus-management-factory-wachstumschampion-2026\\\/#primaryimage\",\"url\":\"https:\\\/\\\/mf.ag\\\/wp-content\\\/uploads\\\/2026\\\/09\\\/Website-Bilder-Neu-2026-09-01T131259.113.png\",\"contentUrl\":\"https:\\\/\\\/mf.ag\\\/wp-content\\\/uploads\\\/2026\\\/09\\\/Website-Bilder-Neu-2026-09-01T131259.113.png\",\"width\":1920,\"height\":1080},{\"@type\":\"BreadcrumbList\",\"@id\":\"https:\\\/\\\/mf.ag\\\/de\\\/artikel\\\/valtus-management-factory-wachstumschampion-2026\\\/#breadcrumb\",\"itemListElement\":[{\"@type\":\"ListItem\",\"position\":1,\"name\":\"Home\",\"item\":\"https:\\\/\\\/mf.ag\\\/de\\\/\"},{\"@type\":\"ListItem\",\"position\":2,\"name\":\"VALTUS Management Factory Wachstumschampion 2026\"}]},{\"@type\":\"WebSite\",\"@id\":\"https:\\\/\\\/mf.ag\\\/de\\\/#website\",\"url\":\"https:\\\/\\\/mf.ag\\\/de\\\/\",\"name\":\"VALTUS Management Factory\",\"description\":\"Mit Executive Interim Management und Financial Advisory das Gesch\u00e4ft voranbringen\",\"publisher\":{\"@id\":\"https:\\\/\\\/mf.ag\\\/de\\\/#organization\"},\"potentialAction\":[{\"@type\":\"SearchAction\",\"target\":{\"@type\":\"EntryPoint\",\"urlTemplate\":\"https:\\\/\\\/mf.ag\\\/de\\\/?s={search_term_string}\"},\"query-input\":{\"@type\":\"PropertyValueSpecification\",\"valueRequired\":true,\"valueName\":\"search_term_string\"}}],\"inLanguage\":\"de\"},{\"@type\":\"Organization\",\"@id\":\"https:\\\/\\\/mf.ag\\\/de\\\/#organization\",\"name\":\"VALTUS Management Factory\",\"url\":\"https:\\\/\\\/mf.ag\\\/de\\\/\",\"logo\":{\"@type\":\"ImageObject\",\"inLanguage\":\"de\",\"@id\":\"https:\\\/\\\/mf.ag\\\/de\\\/#\\\/schema\\\/logo\\\/image\\\/\",\"url\":\"\",\"contentUrl\":\"\",\"caption\":\"VALTUS Management Factory\"},\"image\":{\"@id\":\"https:\\\/\\\/mf.ag\\\/de\\\/#\\\/schema\\\/logo\\\/image\\\/\"}},{\"@type\":\"Person\",\"@id\":\"https:\\\/\\\/mf.ag\\\/de\\\/#\\\/schema\\\/person\\\/1b1a766599b72b46cce17aecef0a2280\",\"name\":\"VALTUS Management Factory\",\"image\":{\"@type\":\"ImageObject\",\"inLanguage\":\"de\",\"@id\":\"https:\\\/\\\/secure.gravatar.com\\\/avatar\\\/2e920f1a23e073db8a64336053afe342ca0876d1bcaeba2cb8be10b4812cf9de?s=96&r=g\",\"url\":\"https:\\\/\\\/secure.gravatar.com\\\/avatar\\\/2e920f1a23e073db8a64336053afe342ca0876d1bcaeba2cb8be10b4812cf9de?s=96&r=g\",\"contentUrl\":\"https:\\\/\\\/secure.gravatar.com\\\/avatar\\\/2e920f1a23e073db8a64336053afe342ca0876d1bcaeba2cb8be10b4812cf9de?s=96&r=g\",\"caption\":\"VALTUS Management Factory\"},\"description\":\"VALTUS Management Factory ist ein f\u00fchrendes Unternehmen f\u00fcr Executive Interim Management, Financial Advisory und Restrukturierung in \u00d6sterreich und unterst\u00fctzt Organisationen in Transformations-, Wachstums- und Krisensituationen mit erfahrenen F\u00fchrungspers\u00f6nlichkeiten. Als Teil der internationalen Valtus Group verbindet das Unternehmen operative Umsetzungskompetenz mit globaler Management- und Restrukturierungsexpertise.\",\"url\":\"https:\\\/\\\/mf.ag\\\/de\\\/author\\\/managementfactory\\\/\"}]}<\/script>\n<!-- \/ Yoast SEO Premium plugin. -->","yoast_head_json":{"title":"VALTUS Management Factory Wachstumschampion 2026 &#187; Management Factory","description":"VALTUS Management Factory z\u00e4hlt zu den Top 250 Wachstums-Champions \u00d6sterreichs 2026 \u2013 eine Auszeichnung f\u00fcr starken Unternehmenswachstum.","robots":{"index":"index","follow":"follow","max-snippet":"max-snippet:-1","max-image-preview":"max-image-preview:large","max-video-preview":"max-video-preview:-1"},"canonical":"https:\/\/mf.ag\/de\/artikel\/valtus-management-factory-wachstumschampion-2026\/","og_locale":"de_DE","og_type":"article","og_title":"VALTUS Management Factory Wachstumschampion 2026","og_description":"VALTUS Management Factory z\u00e4hlt zu den Top 250 Wachstums-Champions \u00d6sterreichs 2026 \u2013 eine Auszeichnung f\u00fcr starken Unternehmenswachstum.","og_url":"https:\/\/mf.ag\/de\/artikel\/valtus-management-factory-wachstumschampion-2026\/","og_site_name":"Management Factory","article_published_time":"2026-09-01T12:16:35+00:00","article_modified_time":"2026-09-01T12:36:43+00:00","og_image":[{"width":1024,"height":576,"url":"https:\/\/mf.ag\/wp-content\/uploads\/2026\/09\/Website-Bilder-Neu-2026-09-01T131259.113-1024x576.png","type":"image\/png"}],"author":"VALTUS Management Factory","twitter_card":"summary_large_image","twitter_misc":{"Verfasst von":"VALTUS Management Factory","Gesch\u00e4tzte Lesezeit":"4\u00a0Minuten"},"schema":{"@context":"https:\/\/schema.org","@graph":[{"@type":"Article","@id":"https:\/\/mf.ag\/de\/artikel\/valtus-management-factory-wachstumschampion-2026\/#article","isPartOf":{"@id":"https:\/\/mf.ag\/de\/artikel\/valtus-management-factory-wachstumschampion-2026\/"},"author":{"name":"VALTUS Management Factory","@id":"https:\/\/mf.ag\/de\/#\/schema\/person\/1b1a766599b72b46cce17aecef0a2280"},"headline":"VALTUS Management Factory Wachstumschampion 2026","datePublished":"2026-09-01T12:16:35+00:00","dateModified":"2026-09-01T12:36:43+00:00","mainEntityOfPage":{"@id":"https:\/\/mf.ag\/de\/artikel\/valtus-management-factory-wachstumschampion-2026\/"},"wordCount":713,"publisher":{"@id":"https:\/\/mf.ag\/de\/#organization"},"image":{"@id":"https:\/\/mf.ag\/de\/artikel\/valtus-management-factory-wachstumschampion-2026\/#primaryimage"},"thumbnailUrl":"https:\/\/mf.ag\/wp-content\/uploads\/2026\/09\/Website-Bilder-Neu-2026-09-01T131259.113.png","keywords":["Executive Interim Management","Financial Advisory","Interim Management","Restrukturierung"],"articleSection":["Artikel"],"inLanguage":"de"},{"@type":"WebPage","@id":"https:\/\/mf.ag\/de\/artikel\/valtus-management-factory-wachstumschampion-2026\/","url":"https:\/\/mf.ag\/de\/artikel\/valtus-management-factory-wachstumschampion-2026\/","name":"VALTUS Management Factory Wachstumschampion 2026 &#187; Management Factory","isPartOf":{"@id":"https:\/\/mf.ag\/de\/#website"},"primaryImageOfPage":{"@id":"https:\/\/mf.ag\/de\/artikel\/valtus-management-factory-wachstumschampion-2026\/#primaryimage"},"image":{"@id":"https:\/\/mf.ag\/de\/artikel\/valtus-management-factory-wachstumschampion-2026\/#primaryimage"},"thumbnailUrl":"https:\/\/mf.ag\/wp-content\/uploads\/2026\/09\/Website-Bilder-Neu-2026-09-01T131259.113.png","datePublished":"2026-09-01T12:16:35+00:00","dateModified":"2026-09-01T12:36:43+00:00","description":"VALTUS Management Factory z\u00e4hlt zu den Top 250 Wachstums-Champions \u00d6sterreichs 2026 \u2013 eine Auszeichnung f\u00fcr starken Unternehmenswachstum.","breadcrumb":{"@id":"https:\/\/mf.ag\/de\/artikel\/valtus-management-factory-wachstumschampion-2026\/#breadcrumb"},"inLanguage":"de","potentialAction":[{"@type":"ReadAction","target":["https:\/\/mf.ag\/de\/artikel\/valtus-management-factory-wachstumschampion-2026\/"]}]},{"@type":"ImageObject","inLanguage":"de","@id":"https:\/\/mf.ag\/de\/artikel\/valtus-management-factory-wachstumschampion-2026\/#primaryimage","url":"https:\/\/mf.ag\/wp-content\/uploads\/2026\/09\/Website-Bilder-Neu-2026-09-01T131259.113.png","contentUrl":"https:\/\/mf.ag\/wp-content\/uploads\/2026\/09\/Website-Bilder-Neu-2026-09-01T131259.113.png","width":1920,"height":1080},{"@type":"BreadcrumbList","@id":"https:\/\/mf.ag\/de\/artikel\/valtus-management-factory-wachstumschampion-2026\/#breadcrumb","itemListElement":[{"@type":"ListItem","position":1,"name":"Home","item":"https:\/\/mf.ag\/de\/"},{"@type":"ListItem","position":2,"name":"VALTUS Management Factory Wachstumschampion 2026"}]},{"@type":"WebSite","@id":"https:\/\/mf.ag\/de\/#website","url":"https:\/\/mf.ag\/de\/","name":"VALTUS Management Factory","description":"Mit Executive Interim Management und Financial Advisory das Gesch\u00e4ft voranbringen","publisher":{"@id":"https:\/\/mf.ag\/de\/#organization"},"potentialAction":[{"@type":"SearchAction","target":{"@type":"EntryPoint","urlTemplate":"https:\/\/mf.ag\/de\/?s={search_term_string}"},"query-input":{"@type":"PropertyValueSpecification","valueRequired":true,"valueName":"search_term_string"}}],"inLanguage":"de"},{"@type":"Organization","@id":"https:\/\/mf.ag\/de\/#organization","name":"VALTUS Management Factory","url":"https:\/\/mf.ag\/de\/","logo":{"@type":"ImageObject","inLanguage":"de","@id":"https:\/\/mf.ag\/de\/#\/schema\/logo\/image\/","url":"","contentUrl":"","caption":"VALTUS Management Factory"},"image":{"@id":"https:\/\/mf.ag\/de\/#\/schema\/logo\/image\/"}},{"@type":"Person","@id":"https:\/\/mf.ag\/de\/#\/schema\/person\/1b1a766599b72b46cce17aecef0a2280","name":"VALTUS Management Factory","image":{"@type":"ImageObject","inLanguage":"de","@id":"https:\/\/secure.gravatar.com\/avatar\/2e920f1a23e073db8a64336053afe342ca0876d1bcaeba2cb8be10b4812cf9de?s=96&r=g","url":"https:\/\/secure.gravatar.com\/avatar\/2e920f1a23e073db8a64336053afe342ca0876d1bcaeba2cb8be10b4812cf9de?s=96&r=g","contentUrl":"https:\/\/secure.gravatar.com\/avatar\/2e920f1a23e073db8a64336053afe342ca0876d1bcaeba2cb8be10b4812cf9de?s=96&r=g","caption":"VALTUS Management Factory"},"description":"VALTUS Management Factory ist ein f\u00fchrendes Unternehmen f\u00fcr Executive Interim Management, Financial Advisory und Restrukturierung in \u00d6sterreich und unterst\u00fctzt Organisationen in Transformations-, Wachstums- und Krisensituationen mit erfahrenen F\u00fchrungspers\u00f6nlichkeiten. Als Teil der internationalen Valtus Group verbindet das Unternehmen operative Umsetzungskompetenz mit globaler Management- und Restrukturierungsexpertise.","url":"https:\/\/mf.ag\/de\/author\/managementfactory\/"}]}},"_links":{"self":[{"href":"https:\/\/mf.ag\/de\/wp-json\/wp\/v2\/posts\/68827","targetHints":{"allow":["GET"]}}],"collection":[{"href":"https:\/\/mf.ag\/de\/wp-json\/wp\/v2\/posts"}],"about":[{"href":"https:\/\/mf.ag\/de\/wp-json\/wp\/v2\/types\/post"}],"author":[{"embeddable":true,"href":"https:\/\/mf.ag\/de\/wp-json\/wp\/v2\/users\/32"}],"replies":[{"embeddable":true,"href":"https:\/\/mf.ag\/de\/wp-json\/wp\/v2\/comments?post=68827"}],"version-history":[{"count":7,"href":"https:\/\/mf.ag\/de\/wp-json\/wp\/v2\/posts\/68827\/revisions"}],"predecessor-version":[{"id":68835,"href":"https:\/\/mf.ag\/de\/wp-json\/wp\/v2\/posts\/68827\/revisions\/68835"}],"wp:featuredmedia":[{"embeddable":true,"href":"https:\/\/mf.ag\/de\/wp-json\/wp\/v2\/media\/68821"}],"wp:attachment":[{"href":"https:\/\/mf.ag\/de\/wp-json\/wp\/v2\/media?parent=68827"}],"wp:term":[{"taxonomy":"category","embeddable":true,"href":"https:\/\/mf.ag\/de\/wp-json\/wp\/v2\/categories?post=68827"},{"taxonomy":"post_tag","embeddable":true,"href":"https:\/\/mf.ag\/de\/wp-json\/wp\/v2\/tags?post=68827"}],"curies":[{"name":"wp","href":"https:\/\/api.w.org\/{rel}","templated":true}]}}