{"id":68740,"date":"2026-08-31T07:42:19","date_gmt":"2026-08-31T05:42:19","guid":{"rendered":"https:\/\/mf.ag\/?p=68740"},"modified":"2026-08-31T07:46:31","modified_gmt":"2026-08-31T05:46:31","slug":"warum-unabhaengigkeit-ein-strategischer-vorteil-ist","status":"publish","type":"post","link":"https:\/\/mf.ag\/de\/artikel\/warum-unabhaengigkeit-ein-strategischer-vorteil-ist\/","title":{"rendered":"Warum Unabh\u00e4ngigkeit ein strategischer Vorteil ist"},"content":{"rendered":"\n<h3 class=\"wp-block-heading\" id=\"h-executive-interim-management-als-objektive-instanz\">Executive Interim Management als objektive Instanz<\/h3>\n\n\n\n<p>Eine der am meisten untersch\u00e4tzten und zugleich wirkungsvollsten St\u00e4rken von <a href=\"https:\/\/mf.ag\/de\/executive-interim-management\/\" data-type=\"link\" data-id=\"https:\/\/mf.ag\/de\/executive-interim-management\/\">Executive Interim Manager:innen<\/a> ist ihre Unabh\u00e4ngigkeit.<\/p>\n\n\n\n<p>In der Praxis der VALTUS Management Factory zeigt sich immer wieder, wie entscheidend genau diese Unabh\u00e4ngigkeit f\u00fcr Unternehmen in \u00dcbergangs- und Transformationsphasen ist. Interim Manager:innen kommen ohne interne Altlasten, ohne gewachsene Allianzen und ohne versteckte Agenden. Das schafft Klarheit \u2013 und erm\u00f6glicht es, Fakten objektiv zu analysieren, unbequeme Fragen zu stellen und Entscheidungen konsequent umzusetzen.<\/p>\n\n\n\n<p>Unabh\u00e4ngigkeit bedeutet dabei nicht Distanz.<br>Sie bedeutet Fokus, Disziplin und vor allem strategische Klarheit.<\/p>\n\n\n\n<p>Ein Beispiel ist die <a href=\"https:\/\/mf.ag\/de\/referenzen\/binder-co-ag\/\" data-type=\"link\" data-id=\"https:\/\/mf.ag\/de\/referenzen\/binder-co-ag\/\">Binder &amp; Co. AG<\/a>: Das international t\u00e4tige Industrieunternehmen ist spezialisiert auf Aufbereitungs-, Trocknungs- und Umwelttechnologien. In einer anspruchsvollen Phase \u00fcbernahm <a href=\"https:\/\/mf.ag\/de\/martin-pfeffer\/\" data-type=\"link\" data-id=\"https:\/\/mf.ag\/de\/martin-pfeffer\/\">Martin Pfeffer<\/a> als <a href=\"https:\/\/mf.ag\/de\/interim-manager\/\" data-type=\"link\" data-id=\"https:\/\/mf.ag\/de\/interim-manager\/\">Interim Manager<\/a> Verantwortung und unterst\u00fctzte das Unternehmen bei der operativen Stabilisierung sowie der strategischen Weiterentwicklung. Genau hier zeigt sich der Mehrwert unabh\u00e4ngiger F\u00fchrung auf Zeit: klare Priorit\u00e4ten, schnelle Umsetzung und volle Konzentration auf das Mandat.<\/p>\n\n\n\n<p>Auch zahlreiche weitere Referenzen der VALTUS Management Factory\u00a0aus Industrie, Handel und technologieorientierten Unternehmen belegen diesen Ansatz: Interim Executives, die nicht Teil interner Machtstrukturen sind, sondern konsequent wirkungs- und ergebnisorientiert arbeiten.<\/p>\n\n\n\n<p>Weitere Referenzen finden Sie hier: <\/p>\n\n\n\n<div class=\"wp-block-buttons is-layout-flex wp-container-core-buttons-is-layout-b56ea84c wp-block-buttons-is-layout-flex\">\n<div class=\"wp-block-button is-style-outline is-style-outline--2\"><a class=\"wp-block-button__link has-white-color has-vivid-red-background-color has-text-color has-background wp-element-button\" href=\"https:\/\/mf.ag\/de\/referenzen\/\">Zu den Referenzen<\/a><\/div>\n<\/div>\n\n\n\n<p>Eigent\u00fcmer:innen und Aufsichtsgremien sch\u00e4tzen genau das: F\u00fchrungspers\u00f6nlichkeiten, die ausschlie\u00dflich dem Auftrag verpflichtet sind \u2013 nicht interner Politik oder pers\u00f6nlicher Karriereplanung.<\/p>\n\n\n\n<p>Gerade in Zeiten von Transformation, hohem Druck oder beschleunigtem Wachstum ist diese Form von unabh\u00e4ngiger F\u00fchrung nicht nur hilfreich sondern essenziell.\u00a0<\/p>\n","protected":false},"excerpt":{"rendered":"<p>Executive Interim Management als objektive Instanz Eine der am meisten untersch\u00e4tzten und zugleich wirkungsvollsten St\u00e4rken von Executive Interim Manager:innen ist ihre Unabh\u00e4ngigkeit. In der Praxis der VALTUS Management Factory zeigt sich immer wieder, wie entscheidend genau diese Unabh\u00e4ngigkeit f\u00fcr Unternehmen in \u00dcbergangs- und Transformationsphasen ist. Interim Manager:innen kommen ohne interne Altlasten, ohne gewachsene Allianzen und [&hellip;]<\/p>\n","protected":false},"author":34,"featured_media":68741,"comment_status":"closed","ping_status":"closed","sticky":false,"template":"","format":"standard","meta":{"inline_featured_image":false,"footnotes":""},"categories":[3268],"tags":[3377,3372,3398,3341],"class_list":["post-68740","post","type-post","status-publish","format-standard","has-post-thumbnail","hentry","category-artikel","tag-executive-interim-management","tag-interim-management-3","tag-leadership-2","tag-transformation-2"],"featured_image_urls_v2":{"full":["https:\/\/mf.ag\/wp-content\/uploads\/2026\/08\/Website-Bilder-Neu-2026-08-31T072815.700.png",1920,1080,false],"thumbnail":["https:\/\/mf.ag\/wp-content\/uploads\/2026\/08\/Website-Bilder-Neu-2026-08-31T072815.700-250x250.png",250,250,true],"medium":["https:\/\/mf.ag\/wp-content\/uploads\/2026\/08\/Website-Bilder-Neu-2026-08-31T072815.700-300x169.png",300,169,true],"medium_large":["https:\/\/mf.ag\/wp-content\/uploads\/2026\/08\/Website-Bilder-Neu-2026-08-31T072815.700-768x432.png",768,432,true],"large":["https:\/\/mf.ag\/wp-content\/uploads\/2026\/08\/Website-Bilder-Neu-2026-08-31T072815.700-1024x576.png",1024,576,true],"1536x1536":["https:\/\/mf.ag\/wp-content\/uploads\/2026\/08\/Website-Bilder-Neu-2026-08-31T072815.700-1536x864.png",1536,864,true],"2048x2048":["https:\/\/mf.ag\/wp-content\/uploads\/2026\/08\/Website-Bilder-Neu-2026-08-31T072815.700.png",1920,1080,false],"gform-image-choice-sm":["https:\/\/mf.ag\/wp-content\/uploads\/2026\/08\/Website-Bilder-Neu-2026-08-31T072815.700.png",300,169,false],"gform-image-choice-md":["https:\/\/mf.ag\/wp-content\/uploads\/2026\/08\/Website-Bilder-Neu-2026-08-31T072815.700.png",400,225,false],"gform-image-choice-lg":["https:\/\/mf.ag\/wp-content\/uploads\/2026\/08\/Website-Bilder-Neu-2026-08-31T072815.700.png",600,338,false],"profile_24":["https:\/\/mf.ag\/wp-content\/uploads\/2026\/08\/Website-Bilder-Neu-2026-08-31T072815.700-24x24.png",24,24,true],"profile_48":["https:\/\/mf.ag\/wp-content\/uploads\/2026\/08\/Website-Bilder-Neu-2026-08-31T072815.700-48x48.png",48,48,true],"profile_96":["https:\/\/mf.ag\/wp-content\/uploads\/2026\/08\/Website-Bilder-Neu-2026-08-31T072815.700-96x96.png",96,96,true],"profile_150":["https:\/\/mf.ag\/wp-content\/uploads\/2026\/08\/Website-Bilder-Neu-2026-08-31T072815.700-150x150.png",150,150,true],"profile_300":["https:\/\/mf.ag\/wp-content\/uploads\/2026\/08\/Website-Bilder-Neu-2026-08-31T072815.700-300x300.png",300,300,true]},"post_excerpt_stackable_v2":"<p>Executive Interim Management als objektive Instanz Eine der am meisten untersch\u00e4tzten und zugleich wirkungsvollsten St\u00e4rken von Executive Interim Manager:innen ist ihre Unabh\u00e4ngigkeit. In der Praxis der VALTUS Management Factory zeigt sich immer wieder, wie entscheidend genau diese Unabh\u00e4ngigkeit f\u00fcr Unternehmen in \u00dcbergangs- und Transformationsphasen ist. Interim Manager:innen kommen ohne interne Altlasten, ohne gewachsene Allianzen und ohne versteckte Agenden. Das schafft Klarheit \u2013 und erm\u00f6glicht es, Fakten objektiv zu analysieren, unbequeme Fragen zu stellen und Entscheidungen konsequent umzusetzen. Unabh\u00e4ngigkeit bedeutet dabei nicht Distanz.Sie bedeutet Fokus, Disziplin und vor allem strategische Klarheit. Ein Beispiel ist die Binder &amp; Co. AG: Das international&hellip;<\/p>\n","category_list_v2":"<a href=\"https:\/\/mf.ag\/de\/category\/artikel\/\" rel=\"category tag\">Artikel<\/a>","author_info_v2":{"name":"Martin Pfeffer","url":"https:\/\/mf.ag\/de\/author\/martinpfeffer\/"},"comments_num_v2":"0 comments","yoast_head":"<!-- This site is optimized with the Yoast SEO Premium plugin v25.8 (Yoast SEO v28.3) - https:\/\/yoast.com\/product\/yoast-seo-premium-wordpress\/ -->\n<title>Warum Unabh\u00e4ngigkeit ein strategischer Vorteil ist &#187; VALTUS Management Factory<\/title>\n<meta name=\"description\" content=\"Executive Interim Management: Durch unabh\u00e4ngige F\u00fchrung eine objektive Perspektive und erm\u00f6glicht klare, wirkungsorientierte Entscheidungen.\" \/>\n<meta name=\"robots\" content=\"index, follow, max-snippet:-1, max-image-preview:large, max-video-preview:-1\" \/>\n<link rel=\"canonical\" href=\"https:\/\/mf.ag\/de\/artikel\/warum-unabhaengigkeit-ein-strategischer-vorteil-ist\/\" \/>\n<meta property=\"og:locale\" content=\"de_DE\" \/>\n<meta property=\"og:type\" content=\"article\" \/>\n<meta property=\"og:title\" content=\"Warum Unabh\u00e4ngigkeit ein strategischer Vorteil ist\" \/>\n<meta property=\"og:description\" content=\"Executive Interim Management: Durch unabh\u00e4ngige F\u00fchrung eine objektive Perspektive und erm\u00f6glicht klare, wirkungsorientierte Entscheidungen.\" \/>\n<meta property=\"og:url\" content=\"https:\/\/mf.ag\/de\/artikel\/warum-unabhaengigkeit-ein-strategischer-vorteil-ist\/\" \/>\n<meta property=\"og:site_name\" content=\"Management Factory\" \/>\n<meta property=\"article:published_time\" content=\"2026-08-31T05:42:19+00:00\" \/>\n<meta property=\"article:modified_time\" content=\"2026-08-31T05:46:31+00:00\" \/>\n<meta property=\"og:image\" content=\"https:\/\/mf.ag\/wp-content\/uploads\/2026\/08\/Website-Bilder-Neu-2026-08-31T072815.700-1024x576.png\" \/>\n\t<meta property=\"og:image:width\" content=\"1024\" \/>\n\t<meta property=\"og:image:height\" content=\"576\" \/>\n\t<meta property=\"og:image:type\" content=\"image\/png\" \/>\n<meta name=\"author\" content=\"Martin Pfeffer\" \/>\n<meta name=\"twitter:card\" content=\"summary_large_image\" \/>\n<meta name=\"twitter:label1\" content=\"Verfasst von\" \/>\n\t<meta name=\"twitter:data1\" content=\"Martin Pfeffer\" \/>\n\t<meta name=\"twitter:label2\" content=\"Gesch\u00e4tzte Lesezeit\" \/>\n\t<meta name=\"twitter:data2\" content=\"2\u00a0Minuten\" \/>\n<script type=\"application\/ld+json\" class=\"yoast-schema-graph\">{\"@context\":\"https:\\\/\\\/schema.org\",\"@graph\":[{\"@type\":\"Article\",\"@id\":\"https:\\\/\\\/mf.ag\\\/de\\\/artikel\\\/warum-unabhaengigkeit-ein-strategischer-vorteil-ist\\\/#article\",\"isPartOf\":{\"@id\":\"https:\\\/\\\/mf.ag\\\/de\\\/artikel\\\/warum-unabhaengigkeit-ein-strategischer-vorteil-ist\\\/\"},\"author\":{\"name\":\"Martin Pfeffer\",\"@id\":\"https:\\\/\\\/mf.ag\\\/de\\\/#\\\/schema\\\/person\\\/54787adb1e0641a5dcc9aa9141f69ea8\"},\"headline\":\"Warum Unabh\u00e4ngigkeit ein strategischer Vorteil ist\",\"datePublished\":\"2026-08-31T05:42:19+00:00\",\"dateModified\":\"2026-08-31T05:46:31+00:00\",\"mainEntityOfPage\":{\"@id\":\"https:\\\/\\\/mf.ag\\\/de\\\/artikel\\\/warum-unabhaengigkeit-ein-strategischer-vorteil-ist\\\/\"},\"wordCount\":261,\"publisher\":{\"@id\":\"https:\\\/\\\/mf.ag\\\/de\\\/#organization\"},\"image\":{\"@id\":\"https:\\\/\\\/mf.ag\\\/de\\\/artikel\\\/warum-unabhaengigkeit-ein-strategischer-vorteil-ist\\\/#primaryimage\"},\"thumbnailUrl\":\"https:\\\/\\\/mf.ag\\\/wp-content\\\/uploads\\\/2026\\\/08\\\/Website-Bilder-Neu-2026-08-31T072815.700.png\",\"keywords\":[\"Executive Interim Management\",\"Interim Management\",\"Leadership\",\"Transformation\"],\"articleSection\":[\"Artikel\"],\"inLanguage\":\"de\"},{\"@type\":\"WebPage\",\"@id\":\"https:\\\/\\\/mf.ag\\\/de\\\/artikel\\\/warum-unabhaengigkeit-ein-strategischer-vorteil-ist\\\/\",\"url\":\"https:\\\/\\\/mf.ag\\\/de\\\/artikel\\\/warum-unabhaengigkeit-ein-strategischer-vorteil-ist\\\/\",\"name\":\"Warum Unabh\u00e4ngigkeit ein strategischer Vorteil ist &#187; VALTUS Management Factory\",\"isPartOf\":{\"@id\":\"https:\\\/\\\/mf.ag\\\/de\\\/#website\"},\"primaryImageOfPage\":{\"@id\":\"https:\\\/\\\/mf.ag\\\/de\\\/artikel\\\/warum-unabhaengigkeit-ein-strategischer-vorteil-ist\\\/#primaryimage\"},\"image\":{\"@id\":\"https:\\\/\\\/mf.ag\\\/de\\\/artikel\\\/warum-unabhaengigkeit-ein-strategischer-vorteil-ist\\\/#primaryimage\"},\"thumbnailUrl\":\"https:\\\/\\\/mf.ag\\\/wp-content\\\/uploads\\\/2026\\\/08\\\/Website-Bilder-Neu-2026-08-31T072815.700.png\",\"datePublished\":\"2026-08-31T05:42:19+00:00\",\"dateModified\":\"2026-08-31T05:46:31+00:00\",\"description\":\"Executive Interim Management: Durch unabh\u00e4ngige F\u00fchrung eine objektive Perspektive und erm\u00f6glicht klare, wirkungsorientierte Entscheidungen.\",\"breadcrumb\":{\"@id\":\"https:\\\/\\\/mf.ag\\\/de\\\/artikel\\\/warum-unabhaengigkeit-ein-strategischer-vorteil-ist\\\/#breadcrumb\"},\"inLanguage\":\"de\",\"potentialAction\":[{\"@type\":\"ReadAction\",\"target\":[\"https:\\\/\\\/mf.ag\\\/de\\\/artikel\\\/warum-unabhaengigkeit-ein-strategischer-vorteil-ist\\\/\"]}]},{\"@type\":\"ImageObject\",\"inLanguage\":\"de\",\"@id\":\"https:\\\/\\\/mf.ag\\\/de\\\/artikel\\\/warum-unabhaengigkeit-ein-strategischer-vorteil-ist\\\/#primaryimage\",\"url\":\"https:\\\/\\\/mf.ag\\\/wp-content\\\/uploads\\\/2026\\\/08\\\/Website-Bilder-Neu-2026-08-31T072815.700.png\",\"contentUrl\":\"https:\\\/\\\/mf.ag\\\/wp-content\\\/uploads\\\/2026\\\/08\\\/Website-Bilder-Neu-2026-08-31T072815.700.png\",\"width\":1920,\"height\":1080},{\"@type\":\"BreadcrumbList\",\"@id\":\"https:\\\/\\\/mf.ag\\\/de\\\/artikel\\\/warum-unabhaengigkeit-ein-strategischer-vorteil-ist\\\/#breadcrumb\",\"itemListElement\":[{\"@type\":\"ListItem\",\"position\":1,\"name\":\"Home\",\"item\":\"https:\\\/\\\/mf.ag\\\/de\\\/\"},{\"@type\":\"ListItem\",\"position\":2,\"name\":\"Warum Unabh\u00e4ngigkeit ein strategischer Vorteil ist\"}]},{\"@type\":\"WebSite\",\"@id\":\"https:\\\/\\\/mf.ag\\\/de\\\/#website\",\"url\":\"https:\\\/\\\/mf.ag\\\/de\\\/\",\"name\":\"VALTUS Management Factory\",\"description\":\"Mit Executive Interim Management und Financial Advisory das Gesch\u00e4ft voranbringen\",\"publisher\":{\"@id\":\"https:\\\/\\\/mf.ag\\\/de\\\/#organization\"},\"potentialAction\":[{\"@type\":\"SearchAction\",\"target\":{\"@type\":\"EntryPoint\",\"urlTemplate\":\"https:\\\/\\\/mf.ag\\\/de\\\/?s={search_term_string}\"},\"query-input\":{\"@type\":\"PropertyValueSpecification\",\"valueRequired\":true,\"valueName\":\"search_term_string\"}}],\"inLanguage\":\"de\"},{\"@type\":\"Organization\",\"@id\":\"https:\\\/\\\/mf.ag\\\/de\\\/#organization\",\"name\":\"VALTUS Management Factory\",\"url\":\"https:\\\/\\\/mf.ag\\\/de\\\/\",\"logo\":{\"@type\":\"ImageObject\",\"inLanguage\":\"de\",\"@id\":\"https:\\\/\\\/mf.ag\\\/de\\\/#\\\/schema\\\/logo\\\/image\\\/\",\"url\":\"\",\"contentUrl\":\"\",\"caption\":\"VALTUS Management Factory\"},\"image\":{\"@id\":\"https:\\\/\\\/mf.ag\\\/de\\\/#\\\/schema\\\/logo\\\/image\\\/\"}},{\"@type\":\"Person\",\"@id\":\"https:\\\/\\\/mf.ag\\\/de\\\/#\\\/schema\\\/person\\\/54787adb1e0641a5dcc9aa9141f69ea8\",\"name\":\"Martin Pfeffer\",\"image\":{\"@type\":\"ImageObject\",\"inLanguage\":\"de\",\"@id\":\"https:\\\/\\\/secure.gravatar.com\\\/avatar\\\/98852af5c2fbe73129e347ac74aebd514416cbe13481c68ecfda0840e73651c6?s=96&r=g\",\"url\":\"https:\\\/\\\/secure.gravatar.com\\\/avatar\\\/98852af5c2fbe73129e347ac74aebd514416cbe13481c68ecfda0840e73651c6?s=96&r=g\",\"contentUrl\":\"https:\\\/\\\/secure.gravatar.com\\\/avatar\\\/98852af5c2fbe73129e347ac74aebd514416cbe13481c68ecfda0840e73651c6?s=96&r=g\",\"caption\":\"Martin Pfeffer\"},\"description\":\"Dr. Martin Pfeffer ist seit \u00fcber zwanzig Jahren Teil der VALTUS Management Factory und z\u00e4hlt zu den f\u00fchrenden Experten f\u00fcr Finanzen, Restrukturierung und Interim Management. Zu seinen bedeutendsten Mandaten z\u00e4hlt die erfolgreiche Sanierung der Binder+Co AG, in der er als CFO und sp\u00e4ter CEO entscheidende operative und strategische Verbesserungen umsetzte. F\u00fcr dieses Projekt wurde er von der D\u00d6IM mit dem \u201eBesten Interim Management Projekt des Jahres 2025\u201c ausgezeichnet. Diese Auszeichnung unterstreicht seine au\u00dfergew\u00f6hnliche Wirksamkeit in anspruchsvollen Transformationssituationen.\",\"sameAs\":[\"https:\\\/\\\/mf.ag\\\/de\\\/martin-pfeffer\\\/\",\"https:\\\/\\\/www.linkedin.com\\\/in\\\/martin-pfeffer\\\/\"],\"url\":\"https:\\\/\\\/mf.ag\\\/de\\\/author\\\/martinpfeffer\\\/\"}]}<\/script>\n<!-- \/ Yoast SEO Premium plugin. -->","yoast_head_json":{"title":"Warum Unabh\u00e4ngigkeit ein strategischer Vorteil ist &#187; VALTUS Management Factory","description":"Executive Interim Management: Durch unabh\u00e4ngige F\u00fchrung eine objektive Perspektive und erm\u00f6glicht klare, wirkungsorientierte Entscheidungen.","robots":{"index":"index","follow":"follow","max-snippet":"max-snippet:-1","max-image-preview":"max-image-preview:large","max-video-preview":"max-video-preview:-1"},"canonical":"https:\/\/mf.ag\/de\/artikel\/warum-unabhaengigkeit-ein-strategischer-vorteil-ist\/","og_locale":"de_DE","og_type":"article","og_title":"Warum Unabh\u00e4ngigkeit ein strategischer Vorteil ist","og_description":"Executive Interim Management: Durch unabh\u00e4ngige F\u00fchrung eine objektive Perspektive und erm\u00f6glicht klare, wirkungsorientierte Entscheidungen.","og_url":"https:\/\/mf.ag\/de\/artikel\/warum-unabhaengigkeit-ein-strategischer-vorteil-ist\/","og_site_name":"Management Factory","article_published_time":"2026-08-31T05:42:19+00:00","article_modified_time":"2026-08-31T05:46:31+00:00","og_image":[{"width":1024,"height":576,"url":"https:\/\/mf.ag\/wp-content\/uploads\/2026\/08\/Website-Bilder-Neu-2026-08-31T072815.700-1024x576.png","type":"image\/png"}],"author":"Martin Pfeffer","twitter_card":"summary_large_image","twitter_misc":{"Verfasst von":"Martin Pfeffer","Gesch\u00e4tzte Lesezeit":"2\u00a0Minuten"},"schema":{"@context":"https:\/\/schema.org","@graph":[{"@type":"Article","@id":"https:\/\/mf.ag\/de\/artikel\/warum-unabhaengigkeit-ein-strategischer-vorteil-ist\/#article","isPartOf":{"@id":"https:\/\/mf.ag\/de\/artikel\/warum-unabhaengigkeit-ein-strategischer-vorteil-ist\/"},"author":{"name":"Martin Pfeffer","@id":"https:\/\/mf.ag\/de\/#\/schema\/person\/54787adb1e0641a5dcc9aa9141f69ea8"},"headline":"Warum Unabh\u00e4ngigkeit ein strategischer Vorteil ist","datePublished":"2026-08-31T05:42:19+00:00","dateModified":"2026-08-31T05:46:31+00:00","mainEntityOfPage":{"@id":"https:\/\/mf.ag\/de\/artikel\/warum-unabhaengigkeit-ein-strategischer-vorteil-ist\/"},"wordCount":261,"publisher":{"@id":"https:\/\/mf.ag\/de\/#organization"},"image":{"@id":"https:\/\/mf.ag\/de\/artikel\/warum-unabhaengigkeit-ein-strategischer-vorteil-ist\/#primaryimage"},"thumbnailUrl":"https:\/\/mf.ag\/wp-content\/uploads\/2026\/08\/Website-Bilder-Neu-2026-08-31T072815.700.png","keywords":["Executive Interim Management","Interim Management","Leadership","Transformation"],"articleSection":["Artikel"],"inLanguage":"de"},{"@type":"WebPage","@id":"https:\/\/mf.ag\/de\/artikel\/warum-unabhaengigkeit-ein-strategischer-vorteil-ist\/","url":"https:\/\/mf.ag\/de\/artikel\/warum-unabhaengigkeit-ein-strategischer-vorteil-ist\/","name":"Warum Unabh\u00e4ngigkeit ein strategischer Vorteil ist &#187; VALTUS Management Factory","isPartOf":{"@id":"https:\/\/mf.ag\/de\/#website"},"primaryImageOfPage":{"@id":"https:\/\/mf.ag\/de\/artikel\/warum-unabhaengigkeit-ein-strategischer-vorteil-ist\/#primaryimage"},"image":{"@id":"https:\/\/mf.ag\/de\/artikel\/warum-unabhaengigkeit-ein-strategischer-vorteil-ist\/#primaryimage"},"thumbnailUrl":"https:\/\/mf.ag\/wp-content\/uploads\/2026\/08\/Website-Bilder-Neu-2026-08-31T072815.700.png","datePublished":"2026-08-31T05:42:19+00:00","dateModified":"2026-08-31T05:46:31+00:00","description":"Executive Interim Management: Durch unabh\u00e4ngige F\u00fchrung eine objektive Perspektive und erm\u00f6glicht klare, wirkungsorientierte Entscheidungen.","breadcrumb":{"@id":"https:\/\/mf.ag\/de\/artikel\/warum-unabhaengigkeit-ein-strategischer-vorteil-ist\/#breadcrumb"},"inLanguage":"de","potentialAction":[{"@type":"ReadAction","target":["https:\/\/mf.ag\/de\/artikel\/warum-unabhaengigkeit-ein-strategischer-vorteil-ist\/"]}]},{"@type":"ImageObject","inLanguage":"de","@id":"https:\/\/mf.ag\/de\/artikel\/warum-unabhaengigkeit-ein-strategischer-vorteil-ist\/#primaryimage","url":"https:\/\/mf.ag\/wp-content\/uploads\/2026\/08\/Website-Bilder-Neu-2026-08-31T072815.700.png","contentUrl":"https:\/\/mf.ag\/wp-content\/uploads\/2026\/08\/Website-Bilder-Neu-2026-08-31T072815.700.png","width":1920,"height":1080},{"@type":"BreadcrumbList","@id":"https:\/\/mf.ag\/de\/artikel\/warum-unabhaengigkeit-ein-strategischer-vorteil-ist\/#breadcrumb","itemListElement":[{"@type":"ListItem","position":1,"name":"Home","item":"https:\/\/mf.ag\/de\/"},{"@type":"ListItem","position":2,"name":"Warum Unabh\u00e4ngigkeit ein strategischer Vorteil ist"}]},{"@type":"WebSite","@id":"https:\/\/mf.ag\/de\/#website","url":"https:\/\/mf.ag\/de\/","name":"VALTUS Management Factory","description":"Mit Executive Interim Management und Financial Advisory das Gesch\u00e4ft voranbringen","publisher":{"@id":"https:\/\/mf.ag\/de\/#organization"},"potentialAction":[{"@type":"SearchAction","target":{"@type":"EntryPoint","urlTemplate":"https:\/\/mf.ag\/de\/?s={search_term_string}"},"query-input":{"@type":"PropertyValueSpecification","valueRequired":true,"valueName":"search_term_string"}}],"inLanguage":"de"},{"@type":"Organization","@id":"https:\/\/mf.ag\/de\/#organization","name":"VALTUS Management Factory","url":"https:\/\/mf.ag\/de\/","logo":{"@type":"ImageObject","inLanguage":"de","@id":"https:\/\/mf.ag\/de\/#\/schema\/logo\/image\/","url":"","contentUrl":"","caption":"VALTUS Management Factory"},"image":{"@id":"https:\/\/mf.ag\/de\/#\/schema\/logo\/image\/"}},{"@type":"Person","@id":"https:\/\/mf.ag\/de\/#\/schema\/person\/54787adb1e0641a5dcc9aa9141f69ea8","name":"Martin Pfeffer","image":{"@type":"ImageObject","inLanguage":"de","@id":"https:\/\/secure.gravatar.com\/avatar\/98852af5c2fbe73129e347ac74aebd514416cbe13481c68ecfda0840e73651c6?s=96&r=g","url":"https:\/\/secure.gravatar.com\/avatar\/98852af5c2fbe73129e347ac74aebd514416cbe13481c68ecfda0840e73651c6?s=96&r=g","contentUrl":"https:\/\/secure.gravatar.com\/avatar\/98852af5c2fbe73129e347ac74aebd514416cbe13481c68ecfda0840e73651c6?s=96&r=g","caption":"Martin Pfeffer"},"description":"Dr. Martin Pfeffer ist seit \u00fcber zwanzig Jahren Teil der VALTUS Management Factory und z\u00e4hlt zu den f\u00fchrenden Experten f\u00fcr Finanzen, Restrukturierung und Interim Management. Zu seinen bedeutendsten Mandaten z\u00e4hlt die erfolgreiche Sanierung der Binder+Co AG, in der er als CFO und sp\u00e4ter CEO entscheidende operative und strategische Verbesserungen umsetzte. F\u00fcr dieses Projekt wurde er von der D\u00d6IM mit dem \u201eBesten Interim Management Projekt des Jahres 2025\u201c ausgezeichnet. Diese Auszeichnung unterstreicht seine au\u00dfergew\u00f6hnliche Wirksamkeit in anspruchsvollen Transformationssituationen.","sameAs":["https:\/\/mf.ag\/de\/martin-pfeffer\/","https:\/\/www.linkedin.com\/in\/martin-pfeffer\/"],"url":"https:\/\/mf.ag\/de\/author\/martinpfeffer\/"}]}},"_links":{"self":[{"href":"https:\/\/mf.ag\/de\/wp-json\/wp\/v2\/posts\/68740","targetHints":{"allow":["GET"]}}],"collection":[{"href":"https:\/\/mf.ag\/de\/wp-json\/wp\/v2\/posts"}],"about":[{"href":"https:\/\/mf.ag\/de\/wp-json\/wp\/v2\/types\/post"}],"author":[{"embeddable":true,"href":"https:\/\/mf.ag\/de\/wp-json\/wp\/v2\/users\/34"}],"replies":[{"embeddable":true,"href":"https:\/\/mf.ag\/de\/wp-json\/wp\/v2\/comments?post=68740"}],"version-history":[{"count":1,"href":"https:\/\/mf.ag\/de\/wp-json\/wp\/v2\/posts\/68740\/revisions"}],"predecessor-version":[{"id":68743,"href":"https:\/\/mf.ag\/de\/wp-json\/wp\/v2\/posts\/68740\/revisions\/68743"}],"wp:featuredmedia":[{"embeddable":true,"href":"https:\/\/mf.ag\/de\/wp-json\/wp\/v2\/media\/68741"}],"wp:attachment":[{"href":"https:\/\/mf.ag\/de\/wp-json\/wp\/v2\/media?parent=68740"}],"wp:term":[{"taxonomy":"category","embeddable":true,"href":"https:\/\/mf.ag\/de\/wp-json\/wp\/v2\/categories?post=68740"},{"taxonomy":"post_tag","embeddable":true,"href":"https:\/\/mf.ag\/de\/wp-json\/wp\/v2\/tags?post=68740"}],"curies":[{"name":"wp","href":"https:\/\/api.w.org\/{rel}","templated":true}]}}