{"id":66475,"date":"2026-04-29T11:39:07","date_gmt":"2026-04-29T09:39:07","guid":{"rendered":"https:\/\/mf.ag\/?p=66475"},"modified":"2026-04-29T12:43:25","modified_gmt":"2026-04-29T10:43:25","slug":"wenn-zahlen-menschen-brauchen","status":"publish","type":"post","link":"https:\/\/mf.ag\/de\/artikel\/wenn-zahlen-menschen-brauchen\/","title":{"rendered":"Wenn Zahlen Menschen brauchen"},"content":{"rendered":"\n<p>Unser Manager <a href=\"https:\/\/www.linkedin.com\/in\/michael-austerer\/\" type=\"link\" id=\"https:\/\/www.linkedin.com\/in\/michael-austerer\/\" target=\"_blank\" rel=\"noreferrer noopener\">Michael Austerer<\/a>\u00a0durfte bei der <a href=\"https:\/\/xn--dim-sna.org\/\" type=\"link\" id=\"https:\/\/xn--dim-sna.org\/\" target=\"_blank\" rel=\"noreferrer noopener\">D\u00d6IM\u00a0Regionalveranstaltung<\/a> in Wien seinen Fachbeitrag pr\u00e4sentieren.<\/p>\n\n\n\n<div class=\"wp-block-media-text alignwide is-stacked-on-mobile is-vertically-aligned-center is-style-tw-overlap has-background tw-stack-md\" style=\"background-color:#ffffff;grid-template-columns:53% auto\"><figure class=\"wp-block-media-text__media\"><img loading=\"lazy\" decoding=\"async\" width=\"1024\" height=\"768\" src=\"https:\/\/mf.ag\/wp-content\/uploads\/2026\/04\/3a2a402f-f154-486e-aac6-0ecd6ff28ad1-1024x768.jpeg\" alt=\"\" class=\"wp-image-66478 size-full\" srcset=\"https:\/\/mf.ag\/wp-content\/uploads\/2026\/04\/3a2a402f-f154-486e-aac6-0ecd6ff28ad1-1024x768.jpeg 1024w, https:\/\/mf.ag\/wp-content\/uploads\/2026\/04\/3a2a402f-f154-486e-aac6-0ecd6ff28ad1-300x225.jpeg 300w, https:\/\/mf.ag\/wp-content\/uploads\/2026\/04\/3a2a402f-f154-486e-aac6-0ecd6ff28ad1-768x576.jpeg 768w, https:\/\/mf.ag\/wp-content\/uploads\/2026\/04\/3a2a402f-f154-486e-aac6-0ecd6ff28ad1-1536x1152.jpeg 1536w, https:\/\/mf.ag\/wp-content\/uploads\/2026\/04\/3a2a402f-f154-486e-aac6-0ecd6ff28ad1.jpeg 1920w\" sizes=\"auto, (max-width: 1024px) 100vw, 1024px\" \/><\/figure><div class=\"wp-block-media-text__content\">\n<p><strong>Warum dieser Titel?<br><\/strong><em>\u201eZahlen l\u00fcgen nicht, aber sie schweigen \u2013 bis jemand die richtigen Fragen stellt. Auch externe Einflussfaktoren k\u00fcndigen sich nicht an, sondern treten unerwartet auf und erfordern entschlossenes Handeln\u201c<\/em>, so das Eingangsstatement von Michael Austerer.<\/p>\n<\/div><\/div>\n\n\n\n<p>Er war im Rahmen eines umfangreichen Mandats als Interim Head of Group Controlling &amp; Transformation bei <a href=\"https:\/\/www.fischersports.com\/at_de\" type=\"link\" id=\"https:\/\/www.fischersports.com\/at_de\" target=\"_blank\" rel=\"noreferrer noopener\">Fischer Sports<\/a>\u00a0im Einsatz.<\/p>\n\n\n\n<h3 class=\"wp-block-heading\" id=\"h-was-macht-interim-controlling-in-dynamischen-zeiten-aus\">Was macht Interim Controlling in dynamischen Zeiten aus?<\/h3>\n\n\n\n<p><strong>Anhand von f\u00fcnf zentralen Themenfeldern wurde dies eindrucksvoll aufgezeigt:<\/strong><\/p>\n\n\n\n<p><strong>1) Team st\u00e4rken, Strukturen neu denken<\/strong><br>Silo-Strukturen aufbrechen, Arbeitsweisen hinterfragen und das Team breiter aufstellen.<br><strong>Ergebnis:<\/strong>&nbsp;Nachhaltige Reduktion der FTE im Controlling um 25 % sowie eine strukturierte interne \u00dcbergabe an einen gezielt entwickelten Nachfolger.<\/p>\n\n\n\n<p><strong>2) Schnelle Reaktion auf externe Schocks<\/strong><br>COVID, Ukrainekrieg, Gro\u00dfbrand: Klassische Bottom-up-Budgets waren zu tr\u00e4ge.<br><strong>Die Antwort:<\/strong>&nbsp;Top-down-Szenarioplanung, Anpassungen in der Herstellkostenkalkulation sowie ERP-Optimierungen \u2013 umgesetzt im laufenden Betrieb.<\/p>\n\n\n\n<p><strong>3) Integrierte Planungsrechnung<\/strong><br>GuV, Bilanz und Cashflow vollst\u00e4ndig integriert.<br>Keine externe Beratung, sondern direkte Umsetzung durch den Interim Manager \u2013 basierend auf fundiertem Financial-Advisory-Know-how aus seiner bisherigen Laufbahn.<\/p>\n\n\n\n<p><strong>4) Versicherungsabwicklung nach einem Gro\u00dfbrand<\/strong><br>Einer der gr\u00f6\u00dften \u00f6sterreichischen Versicherungsf\u00e4lle der j\u00fcngeren Geschichte.<br>Interim Management als Datenaufbereiter, Verhandlungsunterst\u00fctzer und zentrale Schnittstelle zwischen Versicherung, Sachverst\u00e4ndigen und Gesch\u00e4ftsf\u00fchrung.<\/p>\n\n\n\n<p><strong>5) Sparring Partner der Gesch\u00e4ftsf\u00fchrung<\/strong><br>Controlling ist l\u00e4ngst mehr als Zahlenarbeit.<br>Es ist ein zentraler Bestandteil faktenbasierter Unternehmensf\u00fchrung \u2013 in enger Zusammenarbeit mit der Gesch\u00e4ftsleitung.<\/p>\n\n\n\n<p><strong>Der Abend hat einmal mehr gezeigt:<\/strong><\/p>\n\n\n\n<h3 class=\"wp-block-heading\" id=\"h-zahlen-sind-geduldig-krisen-nicht\">Zahlen sind geduldig \u2013 Krisen nicht.<\/h3>\n\n\n\n<div class=\"wp-block-media-text alignwide is-stacked-on-mobile is-vertically-aligned-center is-style-tw-overlap has-background tw-stack-md\" style=\"background-color:#ffffff;grid-template-columns:53% auto\"><figure class=\"wp-block-media-text__media\"><img loading=\"lazy\" decoding=\"async\" width=\"1024\" height=\"768\" src=\"https:\/\/mf.ag\/wp-content\/uploads\/2026\/04\/c0aaeddb-518a-48e4-96d5-05ad1249cb5f-1024x768.jpeg\" alt=\"\" class=\"wp-image-66482 size-full\" srcset=\"https:\/\/mf.ag\/wp-content\/uploads\/2026\/04\/c0aaeddb-518a-48e4-96d5-05ad1249cb5f-1024x768.jpeg 1024w, https:\/\/mf.ag\/wp-content\/uploads\/2026\/04\/c0aaeddb-518a-48e4-96d5-05ad1249cb5f-300x225.jpeg 300w, https:\/\/mf.ag\/wp-content\/uploads\/2026\/04\/c0aaeddb-518a-48e4-96d5-05ad1249cb5f-768x576.jpeg 768w, https:\/\/mf.ag\/wp-content\/uploads\/2026\/04\/c0aaeddb-518a-48e4-96d5-05ad1249cb5f-1536x1152.jpeg 1536w, https:\/\/mf.ag\/wp-content\/uploads\/2026\/04\/c0aaeddb-518a-48e4-96d5-05ad1249cb5f.jpeg 1920w\" sizes=\"auto, (max-width: 1024px) 100vw, 1024px\" \/><\/figure><div class=\"wp-block-media-text__content\">\n<p>Vielen Dank an die D\u00d6IM\u00a0sowie an <a href=\"https:\/\/www.linkedin.com\/in\/martin-ludwig-mayr-243b1b34\/\" type=\"link\" id=\"https:\/\/www.linkedin.com\/in\/martin-ludwig-mayr-243b1b34\/\" target=\"_blank\" rel=\"noreferrer noopener\">Dr. Martin Ludwig Mayr<\/a>\u00a0f\u00fcr die Organisation und Moderation. Ebenso ein gro\u00dfes Danke an die rund 60 Teilnehmer:innen \u2013 darunter <a href=\"https:\/\/www.linkedin.com\/in\/gerhard-larcher\/\" type=\"link\" id=\"https:\/\/www.linkedin.com\/in\/gerhard-larcher\/\" target=\"_blank\" rel=\"noreferrer noopener\">Gerhard Larcher<\/a>, <a href=\"https:\/\/www.linkedin.com\/in\/florian-huter\/\" type=\"link\" id=\"https:\/\/www.linkedin.com\/in\/florian-huter\/\" target=\"_blank\" rel=\"noreferrer noopener\">Florian Huter<\/a>, <a href=\"https:\/\/www.linkedin.com\/in\/hartmuth-eder-schmidinger-0213a9145\/\" type=\"link\" id=\"https:\/\/www.linkedin.com\/in\/hartmuth-eder-schmidinger-0213a9145\/\" target=\"_blank\" rel=\"noreferrer noopener\">Hartmuth Eder-Schmidinger<\/a>, <a href=\"https:\/\/www.linkedin.com\/in\/kaiserjuergen\/\" type=\"link\" id=\"https:\/\/www.linkedin.com\/in\/kaiserjuergen\/\" target=\"_blank\" rel=\"noreferrer noopener\">J\u00fcrgen Kaiser<\/a>\u00a0und <a href=\"https:\/\/www.linkedin.com\/in\/georg-caleta-8a9762150\/\" type=\"link\" id=\"https:\/\/www.linkedin.com\/in\/georg-caleta-8a9762150\/\" target=\"_blank\" rel=\"noreferrer noopener\">Georg Caleta<\/a>\u00a0\u2013 f\u00fcr den spannenden Austausch. <\/p>\n<\/div><\/div>\n\n\n\n<p>Besonders gefreut hat uns, dass auch <a href=\"https:\/\/www.linkedin.com\/in\/olaf-k%C3%B6hler-9718897a\/\" type=\"link\" id=\"https:\/\/www.linkedin.com\/in\/olaf-k%C3%B6hler-9718897a\/\" target=\"_blank\" rel=\"noreferrer noopener\">Olaf K\u00f6hler<\/a>, der damals auf Seite des Versicherers in die Schadensabwicklung involviert war, anwesend war.<br>Von Seiten der VALTUS Management Factory\u00a0war zudem <a href=\"https:\/\/mf.ag\/de\/gerhard-wueest\/\" type=\"link\" id=\"https:\/\/mf.ag\/de\/gerhard-wueest\/\">Gerhard W\u00fcest<\/a>\u00a0vertreten.<\/p>\n","protected":false},"excerpt":{"rendered":"<p>Unser Manager Michael Austerer\u00a0durfte bei der D\u00d6IM\u00a0Regionalveranstaltung in Wien seinen Fachbeitrag pr\u00e4sentieren. Warum dieser Titel?\u201eZahlen l\u00fcgen nicht, aber sie schweigen \u2013 bis jemand die richtigen Fragen stellt. Auch externe Einflussfaktoren k\u00fcndigen sich nicht an, sondern treten unerwartet auf und erfordern entschlossenes Handeln\u201c, so das Eingangsstatement von Michael Austerer. Er war im Rahmen eines umfangreichen Mandats [&hellip;]<\/p>\n","protected":false},"author":68,"featured_media":66476,"comment_status":"closed","ping_status":"closed","sticky":false,"template":"","format":"standard","meta":{"inline_featured_image":false,"footnotes":""},"categories":[3268],"tags":[3298,3332,3428,4205,3372,3398,4084],"class_list":["post-66475","post","type-post","status-publish","format-standard","has-post-thumbnail","hentry","category-artikel","tag-cfo-2","tag-controlling","tag-doeim","tag-fischer-sports","tag-interim-management-3","tag-leadership-2","tag-tranformation-2"],"featured_image_urls_v2":{"full":["https:\/\/mf.ag\/wp-content\/uploads\/2026\/04\/Website-Bilder-Neu-2026-04-29T110333.411.png",1920,1080,false],"thumbnail":["https:\/\/mf.ag\/wp-content\/uploads\/2026\/04\/Website-Bilder-Neu-2026-04-29T110333.411-250x250.png",250,250,true],"medium":["https:\/\/mf.ag\/wp-content\/uploads\/2026\/04\/Website-Bilder-Neu-2026-04-29T110333.411-300x169.png",300,169,true],"medium_large":["https:\/\/mf.ag\/wp-content\/uploads\/2026\/04\/Website-Bilder-Neu-2026-04-29T110333.411-768x432.png",768,432,true],"large":["https:\/\/mf.ag\/wp-content\/uploads\/2026\/04\/Website-Bilder-Neu-2026-04-29T110333.411-1024x576.png",1024,576,true],"1536x1536":["https:\/\/mf.ag\/wp-content\/uploads\/2026\/04\/Website-Bilder-Neu-2026-04-29T110333.411-1536x864.png",1536,864,true],"2048x2048":["https:\/\/mf.ag\/wp-content\/uploads\/2026\/04\/Website-Bilder-Neu-2026-04-29T110333.411.png",1920,1080,false],"gform-image-choice-sm":["https:\/\/mf.ag\/wp-content\/uploads\/2026\/04\/Website-Bilder-Neu-2026-04-29T110333.411.png",300,169,false],"gform-image-choice-md":["https:\/\/mf.ag\/wp-content\/uploads\/2026\/04\/Website-Bilder-Neu-2026-04-29T110333.411.png",400,225,false],"gform-image-choice-lg":["https:\/\/mf.ag\/wp-content\/uploads\/2026\/04\/Website-Bilder-Neu-2026-04-29T110333.411.png",600,338,false],"profile_24":["https:\/\/mf.ag\/wp-content\/uploads\/2026\/04\/Website-Bilder-Neu-2026-04-29T110333.411-24x24.png",24,24,true],"profile_48":["https:\/\/mf.ag\/wp-content\/uploads\/2026\/04\/Website-Bilder-Neu-2026-04-29T110333.411-48x48.png",48,48,true],"profile_96":["https:\/\/mf.ag\/wp-content\/uploads\/2026\/04\/Website-Bilder-Neu-2026-04-29T110333.411-96x96.png",96,96,true],"profile_150":["https:\/\/mf.ag\/wp-content\/uploads\/2026\/04\/Website-Bilder-Neu-2026-04-29T110333.411-150x150.png",150,150,true],"profile_300":["https:\/\/mf.ag\/wp-content\/uploads\/2026\/04\/Website-Bilder-Neu-2026-04-29T110333.411-300x300.png",300,300,true]},"post_excerpt_stackable_v2":"<p>Unser Manager Michael Austerer\u00a0durfte bei der D\u00d6IM\u00a0Regionalveranstaltung in Wien seinen Fachbeitrag pr\u00e4sentieren. Warum dieser Titel?\u201eZahlen l\u00fcgen nicht, aber sie schweigen \u2013 bis jemand die richtigen Fragen stellt. Auch externe Einflussfaktoren k\u00fcndigen sich nicht an, sondern treten unerwartet auf und erfordern entschlossenes Handeln\u201c, so das Eingangsstatement von Michael Austerer. Er war im Rahmen eines umfangreichen Mandats als Interim Head of Group Controlling &amp; Transformation bei Fischer Sports\u00a0im Einsatz. Was macht Interim Controlling in dynamischen Zeiten aus? Anhand von f\u00fcnf zentralen Themenfeldern wurde dies eindrucksvoll aufgezeigt: 1) Team st\u00e4rken, Strukturen neu denkenSilo-Strukturen aufbrechen, Arbeitsweisen hinterfragen und das Team breiter aufstellen.Ergebnis:&nbsp;Nachhaltige Reduktion der&hellip;<\/p>\n","category_list_v2":"<a href=\"https:\/\/mf.ag\/de\/category\/artikel\/\" rel=\"category tag\">Artikel<\/a>","author_info_v2":{"name":"Michael Michael Austerer","url":"https:\/\/mf.ag\/de\/author\/michaelausterer\/"},"comments_num_v2":"0 comments","yoast_head":"<!-- This site is optimized with the Yoast SEO Premium plugin v25.8 (Yoast SEO v27.5) - https:\/\/yoast.com\/product\/yoast-seo-premium-wordpress\/ -->\n<title>Wenn Zahlen Menschen brauchen &#187; Management Factory<\/title>\n<meta name=\"description\" content=\"Unser Manager Michael Austerer pr\u00e4sentierte seinen Fachbeitrag zum Controlling bei Fischer Sports bei der D\u00d6IM-Regionalveranstaltung in Wien.\" \/>\n<meta name=\"robots\" content=\"index, follow, max-snippet:-1, max-image-preview:large, max-video-preview:-1\" \/>\n<link rel=\"canonical\" href=\"https:\/\/mf.ag\/de\/artikel\/wenn-zahlen-menschen-brauchen\/\" \/>\n<meta property=\"og:locale\" content=\"de_DE\" \/>\n<meta property=\"og:type\" content=\"article\" \/>\n<meta property=\"og:title\" content=\"Wenn Zahlen Menschen brauchen\" \/>\n<meta property=\"og:description\" content=\"Unser Manager Michael Austerer pr\u00e4sentierte seinen Fachbeitrag zum Controlling bei Fischer Sports bei der D\u00d6IM-Regionalveranstaltung in Wien.\" \/>\n<meta property=\"og:url\" content=\"https:\/\/mf.ag\/de\/artikel\/wenn-zahlen-menschen-brauchen\/\" \/>\n<meta property=\"og:site_name\" content=\"Management Factory\" \/>\n<meta property=\"article:published_time\" content=\"2026-04-29T09:39:07+00:00\" \/>\n<meta property=\"article:modified_time\" content=\"2026-04-29T10:43:25+00:00\" \/>\n<meta property=\"og:image\" content=\"https:\/\/mf.ag\/wp-content\/uploads\/2026\/04\/Website-Bilder-Neu-2026-04-29T110333.411-1024x576.png\" \/>\n\t<meta property=\"og:image:width\" content=\"1024\" \/>\n\t<meta property=\"og:image:height\" content=\"576\" \/>\n\t<meta property=\"og:image:type\" content=\"image\/png\" \/>\n<meta name=\"author\" content=\"Michael Michael Austerer\" \/>\n<meta name=\"twitter:card\" content=\"summary_large_image\" \/>\n<meta name=\"twitter:label1\" content=\"Verfasst von\" \/>\n\t<meta name=\"twitter:data1\" content=\"Michael Michael Austerer\" \/>\n\t<meta name=\"twitter:label2\" content=\"Gesch\u00e4tzte Lesezeit\" \/>\n\t<meta name=\"twitter:data2\" content=\"3\u00a0Minuten\" \/>\n<script type=\"application\/ld+json\" class=\"yoast-schema-graph\">{\"@context\":\"https:\\\/\\\/schema.org\",\"@graph\":[{\"@type\":\"Article\",\"@id\":\"https:\\\/\\\/mf.ag\\\/de\\\/artikel\\\/wenn-zahlen-menschen-brauchen\\\/#article\",\"isPartOf\":{\"@id\":\"https:\\\/\\\/mf.ag\\\/de\\\/artikel\\\/wenn-zahlen-menschen-brauchen\\\/\"},\"author\":{\"name\":\"Michael Michael Austerer\",\"@id\":\"https:\\\/\\\/mf.ag\\\/de\\\/#\\\/schema\\\/person\\\/da8febbab9e40e4fd8ea9d9bbbdf5953\"},\"headline\":\"Wenn Zahlen Menschen brauchen\",\"datePublished\":\"2026-04-29T09:39:07+00:00\",\"dateModified\":\"2026-04-29T10:43:25+00:00\",\"mainEntityOfPage\":{\"@id\":\"https:\\\/\\\/mf.ag\\\/de\\\/artikel\\\/wenn-zahlen-menschen-brauchen\\\/\"},\"wordCount\":338,\"publisher\":{\"@id\":\"https:\\\/\\\/mf.ag\\\/de\\\/#organization\"},\"image\":{\"@id\":\"https:\\\/\\\/mf.ag\\\/de\\\/artikel\\\/wenn-zahlen-menschen-brauchen\\\/#primaryimage\"},\"thumbnailUrl\":\"https:\\\/\\\/mf.ag\\\/wp-content\\\/uploads\\\/2026\\\/04\\\/Website-Bilder-Neu-2026-04-29T110333.411.png\",\"keywords\":[\"CFO\",\"Controlling\",\"D\u00d6IM\",\"Fischer Sports\",\"Interim Management\",\"Leadership\",\"Tranformation\"],\"articleSection\":[\"Artikel\"],\"inLanguage\":\"de\"},{\"@type\":\"WebPage\",\"@id\":\"https:\\\/\\\/mf.ag\\\/de\\\/artikel\\\/wenn-zahlen-menschen-brauchen\\\/\",\"url\":\"https:\\\/\\\/mf.ag\\\/de\\\/artikel\\\/wenn-zahlen-menschen-brauchen\\\/\",\"name\":\"Wenn Zahlen Menschen brauchen &#187; Management Factory\",\"isPartOf\":{\"@id\":\"https:\\\/\\\/mf.ag\\\/de\\\/#website\"},\"primaryImageOfPage\":{\"@id\":\"https:\\\/\\\/mf.ag\\\/de\\\/artikel\\\/wenn-zahlen-menschen-brauchen\\\/#primaryimage\"},\"image\":{\"@id\":\"https:\\\/\\\/mf.ag\\\/de\\\/artikel\\\/wenn-zahlen-menschen-brauchen\\\/#primaryimage\"},\"thumbnailUrl\":\"https:\\\/\\\/mf.ag\\\/wp-content\\\/uploads\\\/2026\\\/04\\\/Website-Bilder-Neu-2026-04-29T110333.411.png\",\"datePublished\":\"2026-04-29T09:39:07+00:00\",\"dateModified\":\"2026-04-29T10:43:25+00:00\",\"description\":\"Unser Manager Michael Austerer pr\u00e4sentierte seinen Fachbeitrag zum Controlling bei Fischer Sports bei der D\u00d6IM-Regionalveranstaltung in Wien.\",\"breadcrumb\":{\"@id\":\"https:\\\/\\\/mf.ag\\\/de\\\/artikel\\\/wenn-zahlen-menschen-brauchen\\\/#breadcrumb\"},\"inLanguage\":\"de\",\"potentialAction\":[{\"@type\":\"ReadAction\",\"target\":[\"https:\\\/\\\/mf.ag\\\/de\\\/artikel\\\/wenn-zahlen-menschen-brauchen\\\/\"]}]},{\"@type\":\"ImageObject\",\"inLanguage\":\"de\",\"@id\":\"https:\\\/\\\/mf.ag\\\/de\\\/artikel\\\/wenn-zahlen-menschen-brauchen\\\/#primaryimage\",\"url\":\"https:\\\/\\\/mf.ag\\\/wp-content\\\/uploads\\\/2026\\\/04\\\/Website-Bilder-Neu-2026-04-29T110333.411.png\",\"contentUrl\":\"https:\\\/\\\/mf.ag\\\/wp-content\\\/uploads\\\/2026\\\/04\\\/Website-Bilder-Neu-2026-04-29T110333.411.png\",\"width\":1920,\"height\":1080},{\"@type\":\"BreadcrumbList\",\"@id\":\"https:\\\/\\\/mf.ag\\\/de\\\/artikel\\\/wenn-zahlen-menschen-brauchen\\\/#breadcrumb\",\"itemListElement\":[{\"@type\":\"ListItem\",\"position\":1,\"name\":\"Home\",\"item\":\"https:\\\/\\\/mf.ag\\\/de\\\/\"},{\"@type\":\"ListItem\",\"position\":2,\"name\":\"Wenn Zahlen Menschen brauchen\"}]},{\"@type\":\"WebSite\",\"@id\":\"https:\\\/\\\/mf.ag\\\/de\\\/#website\",\"url\":\"https:\\\/\\\/mf.ag\\\/de\\\/\",\"name\":\"Management Factory\",\"description\":\"Mit Executive Interim Management und Financial Advisory das Gesch\u00e4ft voranbringen\",\"publisher\":{\"@id\":\"https:\\\/\\\/mf.ag\\\/de\\\/#organization\"},\"potentialAction\":[{\"@type\":\"SearchAction\",\"target\":{\"@type\":\"EntryPoint\",\"urlTemplate\":\"https:\\\/\\\/mf.ag\\\/de\\\/?s={search_term_string}\"},\"query-input\":{\"@type\":\"PropertyValueSpecification\",\"valueRequired\":true,\"valueName\":\"search_term_string\"}}],\"inLanguage\":\"de\"},{\"@type\":\"Organization\",\"@id\":\"https:\\\/\\\/mf.ag\\\/de\\\/#organization\",\"name\":\"Management Factory\",\"url\":\"https:\\\/\\\/mf.ag\\\/de\\\/\",\"logo\":{\"@type\":\"ImageObject\",\"inLanguage\":\"de\",\"@id\":\"https:\\\/\\\/mf.ag\\\/de\\\/#\\\/schema\\\/logo\\\/image\\\/\",\"url\":\"\",\"contentUrl\":\"\",\"caption\":\"Management Factory\"},\"image\":{\"@id\":\"https:\\\/\\\/mf.ag\\\/de\\\/#\\\/schema\\\/logo\\\/image\\\/\"}},{\"@type\":\"Person\",\"@id\":\"https:\\\/\\\/mf.ag\\\/de\\\/#\\\/schema\\\/person\\\/da8febbab9e40e4fd8ea9d9bbbdf5953\",\"name\":\"Michael Michael Austerer\",\"image\":{\"@type\":\"ImageObject\",\"inLanguage\":\"de\",\"@id\":\"https:\\\/\\\/secure.gravatar.com\\\/avatar\\\/c47d03818efda9c2b6ee23253c2b4276c59cd711a89144da562f9a8b96751432?s=96&r=g\",\"url\":\"https:\\\/\\\/secure.gravatar.com\\\/avatar\\\/c47d03818efda9c2b6ee23253c2b4276c59cd711a89144da562f9a8b96751432?s=96&r=g\",\"contentUrl\":\"https:\\\/\\\/secure.gravatar.com\\\/avatar\\\/c47d03818efda9c2b6ee23253c2b4276c59cd711a89144da562f9a8b96751432?s=96&r=g\",\"caption\":\"Michael Michael Austerer\"},\"url\":\"https:\\\/\\\/mf.ag\\\/de\\\/author\\\/michaelausterer\\\/\"}]}<\/script>\n<!-- \/ Yoast SEO Premium plugin. -->","yoast_head_json":{"title":"Wenn Zahlen Menschen brauchen &#187; Management Factory","description":"Unser Manager Michael Austerer pr\u00e4sentierte seinen Fachbeitrag zum Controlling bei Fischer Sports bei der D\u00d6IM-Regionalveranstaltung in Wien.","robots":{"index":"index","follow":"follow","max-snippet":"max-snippet:-1","max-image-preview":"max-image-preview:large","max-video-preview":"max-video-preview:-1"},"canonical":"https:\/\/mf.ag\/de\/artikel\/wenn-zahlen-menschen-brauchen\/","og_locale":"de_DE","og_type":"article","og_title":"Wenn Zahlen Menschen brauchen","og_description":"Unser Manager Michael Austerer pr\u00e4sentierte seinen Fachbeitrag zum Controlling bei Fischer Sports bei der D\u00d6IM-Regionalveranstaltung in Wien.","og_url":"https:\/\/mf.ag\/de\/artikel\/wenn-zahlen-menschen-brauchen\/","og_site_name":"Management Factory","article_published_time":"2026-04-29T09:39:07+00:00","article_modified_time":"2026-04-29T10:43:25+00:00","og_image":[{"width":1024,"height":576,"url":"https:\/\/mf.ag\/wp-content\/uploads\/2026\/04\/Website-Bilder-Neu-2026-04-29T110333.411-1024x576.png","type":"image\/png"}],"author":"Michael Michael Austerer","twitter_card":"summary_large_image","twitter_misc":{"Verfasst von":"Michael Michael Austerer","Gesch\u00e4tzte Lesezeit":"3\u00a0Minuten"},"schema":{"@context":"https:\/\/schema.org","@graph":[{"@type":"Article","@id":"https:\/\/mf.ag\/de\/artikel\/wenn-zahlen-menschen-brauchen\/#article","isPartOf":{"@id":"https:\/\/mf.ag\/de\/artikel\/wenn-zahlen-menschen-brauchen\/"},"author":{"name":"Michael Michael Austerer","@id":"https:\/\/mf.ag\/de\/#\/schema\/person\/da8febbab9e40e4fd8ea9d9bbbdf5953"},"headline":"Wenn Zahlen Menschen brauchen","datePublished":"2026-04-29T09:39:07+00:00","dateModified":"2026-04-29T10:43:25+00:00","mainEntityOfPage":{"@id":"https:\/\/mf.ag\/de\/artikel\/wenn-zahlen-menschen-brauchen\/"},"wordCount":338,"publisher":{"@id":"https:\/\/mf.ag\/de\/#organization"},"image":{"@id":"https:\/\/mf.ag\/de\/artikel\/wenn-zahlen-menschen-brauchen\/#primaryimage"},"thumbnailUrl":"https:\/\/mf.ag\/wp-content\/uploads\/2026\/04\/Website-Bilder-Neu-2026-04-29T110333.411.png","keywords":["CFO","Controlling","D\u00d6IM","Fischer Sports","Interim Management","Leadership","Tranformation"],"articleSection":["Artikel"],"inLanguage":"de"},{"@type":"WebPage","@id":"https:\/\/mf.ag\/de\/artikel\/wenn-zahlen-menschen-brauchen\/","url":"https:\/\/mf.ag\/de\/artikel\/wenn-zahlen-menschen-brauchen\/","name":"Wenn Zahlen Menschen brauchen &#187; Management Factory","isPartOf":{"@id":"https:\/\/mf.ag\/de\/#website"},"primaryImageOfPage":{"@id":"https:\/\/mf.ag\/de\/artikel\/wenn-zahlen-menschen-brauchen\/#primaryimage"},"image":{"@id":"https:\/\/mf.ag\/de\/artikel\/wenn-zahlen-menschen-brauchen\/#primaryimage"},"thumbnailUrl":"https:\/\/mf.ag\/wp-content\/uploads\/2026\/04\/Website-Bilder-Neu-2026-04-29T110333.411.png","datePublished":"2026-04-29T09:39:07+00:00","dateModified":"2026-04-29T10:43:25+00:00","description":"Unser Manager Michael Austerer pr\u00e4sentierte seinen Fachbeitrag zum Controlling bei Fischer Sports bei der D\u00d6IM-Regionalveranstaltung in Wien.","breadcrumb":{"@id":"https:\/\/mf.ag\/de\/artikel\/wenn-zahlen-menschen-brauchen\/#breadcrumb"},"inLanguage":"de","potentialAction":[{"@type":"ReadAction","target":["https:\/\/mf.ag\/de\/artikel\/wenn-zahlen-menschen-brauchen\/"]}]},{"@type":"ImageObject","inLanguage":"de","@id":"https:\/\/mf.ag\/de\/artikel\/wenn-zahlen-menschen-brauchen\/#primaryimage","url":"https:\/\/mf.ag\/wp-content\/uploads\/2026\/04\/Website-Bilder-Neu-2026-04-29T110333.411.png","contentUrl":"https:\/\/mf.ag\/wp-content\/uploads\/2026\/04\/Website-Bilder-Neu-2026-04-29T110333.411.png","width":1920,"height":1080},{"@type":"BreadcrumbList","@id":"https:\/\/mf.ag\/de\/artikel\/wenn-zahlen-menschen-brauchen\/#breadcrumb","itemListElement":[{"@type":"ListItem","position":1,"name":"Home","item":"https:\/\/mf.ag\/de\/"},{"@type":"ListItem","position":2,"name":"Wenn Zahlen Menschen brauchen"}]},{"@type":"WebSite","@id":"https:\/\/mf.ag\/de\/#website","url":"https:\/\/mf.ag\/de\/","name":"Management Factory","description":"Mit Executive Interim Management und Financial Advisory das Gesch\u00e4ft voranbringen","publisher":{"@id":"https:\/\/mf.ag\/de\/#organization"},"potentialAction":[{"@type":"SearchAction","target":{"@type":"EntryPoint","urlTemplate":"https:\/\/mf.ag\/de\/?s={search_term_string}"},"query-input":{"@type":"PropertyValueSpecification","valueRequired":true,"valueName":"search_term_string"}}],"inLanguage":"de"},{"@type":"Organization","@id":"https:\/\/mf.ag\/de\/#organization","name":"Management Factory","url":"https:\/\/mf.ag\/de\/","logo":{"@type":"ImageObject","inLanguage":"de","@id":"https:\/\/mf.ag\/de\/#\/schema\/logo\/image\/","url":"","contentUrl":"","caption":"Management Factory"},"image":{"@id":"https:\/\/mf.ag\/de\/#\/schema\/logo\/image\/"}},{"@type":"Person","@id":"https:\/\/mf.ag\/de\/#\/schema\/person\/da8febbab9e40e4fd8ea9d9bbbdf5953","name":"Michael Michael Austerer","image":{"@type":"ImageObject","inLanguage":"de","@id":"https:\/\/secure.gravatar.com\/avatar\/c47d03818efda9c2b6ee23253c2b4276c59cd711a89144da562f9a8b96751432?s=96&r=g","url":"https:\/\/secure.gravatar.com\/avatar\/c47d03818efda9c2b6ee23253c2b4276c59cd711a89144da562f9a8b96751432?s=96&r=g","contentUrl":"https:\/\/secure.gravatar.com\/avatar\/c47d03818efda9c2b6ee23253c2b4276c59cd711a89144da562f9a8b96751432?s=96&r=g","caption":"Michael Michael Austerer"},"url":"https:\/\/mf.ag\/de\/author\/michaelausterer\/"}]}},"_links":{"self":[{"href":"https:\/\/mf.ag\/de\/wp-json\/wp\/v2\/posts\/66475","targetHints":{"allow":["GET"]}}],"collection":[{"href":"https:\/\/mf.ag\/de\/wp-json\/wp\/v2\/posts"}],"about":[{"href":"https:\/\/mf.ag\/de\/wp-json\/wp\/v2\/types\/post"}],"author":[{"embeddable":true,"href":"https:\/\/mf.ag\/de\/wp-json\/wp\/v2\/users\/68"}],"replies":[{"embeddable":true,"href":"https:\/\/mf.ag\/de\/wp-json\/wp\/v2\/comments?post=66475"}],"version-history":[{"count":3,"href":"https:\/\/mf.ag\/de\/wp-json\/wp\/v2\/posts\/66475\/revisions"}],"predecessor-version":[{"id":66486,"href":"https:\/\/mf.ag\/de\/wp-json\/wp\/v2\/posts\/66475\/revisions\/66486"}],"wp:featuredmedia":[{"embeddable":true,"href":"https:\/\/mf.ag\/de\/wp-json\/wp\/v2\/media\/66476"}],"wp:attachment":[{"href":"https:\/\/mf.ag\/de\/wp-json\/wp\/v2\/media?parent=66475"}],"wp:term":[{"taxonomy":"category","embeddable":true,"href":"https:\/\/mf.ag\/de\/wp-json\/wp\/v2\/categories?post=66475"},{"taxonomy":"post_tag","embeddable":true,"href":"https:\/\/mf.ag\/de\/wp-json\/wp\/v2\/tags?post=66475"}],"curies":[{"name":"wp","href":"https:\/\/api.w.org\/{rel}","templated":true}]}}