{"id":66431,"date":"2026-04-27T16:03:48","date_gmt":"2026-04-27T14:03:48","guid":{"rendered":"https:\/\/mf.ag\/?p=66431"},"modified":"2026-04-28T08:15:35","modified_gmt":"2026-04-28T06:15:35","slug":"risiken-wohin-man-schaut-eine-diskussion-in-der-oesterreichisch-amerikanischen-gesellschaft-oeag","status":"publish","type":"post","link":"https:\/\/mf.ag\/de\/artikel\/risiken-wohin-man-schaut-eine-diskussion-in-der-oesterreichisch-amerikanischen-gesellschaft-oeag\/","title":{"rendered":"Risiken, wohin man schaut: Eine Diskussion in der \u00d6sterreichisch-Amerikanischen Gesellschaft (\u00d6AG)"},"content":{"rendered":"\n<p>Am 21. April 2<em>026<\/em> trafen sich f\u00fchrende Vertreter:innen aus Industrie, Wirtschaft und Beratung in Wien bei der \u00d6sterreichisch Amerkanischen Gesellschaft, um aktuelle Entwicklungen und zentrale Herausforderungen f\u00fcr den Standort \u00d6sterreich zu diskutieren. Neben technologischen Innovationen r\u00fcckte insbesondere ein Thema in den Fokus: der professionelle Umgang mit globalen Risiken.<\/p>\n\n\n\n<p>Ein inhaltlicher H\u00f6hepunkt war die Podiumsdiskussion der <a href=\"https:\/\/www.oag.at\/\" type=\"link\" id=\"https:\/\/www.oag.at\/\" target=\"_blank\" rel=\"noreferrer noopener\">\u00d6sterreichisch-Amerikanischen Gesellschaft (\u00d6AG)<\/a>, bei der die Ergebnisse des <strong>Global Risk Report 2026 des World Economic Forum<\/strong> eingeordnet wurden.<\/p>\n\n\n\n<div class=\"wp-block-file\"><a id=\"wp-block-file--media-f09cc15d-894b-46ac-bddb-af8d1071887c\" href=\"https:\/\/mf.ag\/wp-content\/uploads\/2026\/04\/WEF_Global_Risks_Report_2026.pdf\">WEF_Global_Risks_Report_2026<\/a><a href=\"https:\/\/mf.ag\/wp-content\/uploads\/2026\/04\/WEF_Global_Risks_Report_2026.pdf\" class=\"wp-block-file__button wp-element-button\" download aria-describedby=\"wp-block-file--media-f09cc15d-894b-46ac-bddb-af8d1071887c\">Download<\/a><\/div>\n\n\n\n<p><strong><a href=\"https:\/\/www.linkedin.com\/in\/rudolfschwarz\/\" type=\"link\" id=\"https:\/\/www.linkedin.com\/in\/rudolfschwarz\/\" target=\"_blank\" rel=\"noreferrer noopener\">Rudolf Schwarz<\/a>, <a href=\"https:\/\/mf.ag\/de\/chief-restructuring-officer\/\" type=\"link\" id=\"https:\/\/mf.ag\/de\/chief-restructuring-officer\/\">Chief Restructuring Officer<\/a> bei VALTUS Management Factory<\/strong>, diskutierte gemeinsam mit <strong><a href=\"https:\/\/www.linkedin.com\/in\/kurt-moeller-21126911a\/\" type=\"link\" id=\"https:\/\/www.linkedin.com\/in\/kurt-moeller-21126911a\/\" target=\"_blank\" rel=\"noreferrer noopener\">Kurt M\u00f6ller<\/a><\/strong>, Vorstandsmitglied der Z\u00fcrich Versicherungs-AG,&nbsp;<strong><a href=\"https:\/\/www.linkedin.com\/in\/michael-edelsbrunner-06a70712\/\" type=\"link\" id=\"https:\/\/www.linkedin.com\/in\/michael-edelsbrunner-06a70712\/\" target=\"_blank\" rel=\"noreferrer noopener\">Michael Edelsbrunner<\/a><\/strong>, Vorstand AmCham Austria und Country Officer der Citigroup,&nbsp;<strong><a href=\"https:\/\/www.linkedin.com\/in\/alexander-shopov-3671753\/\" type=\"link\" id=\"https:\/\/www.linkedin.com\/in\/alexander-shopov-3671753\/\" target=\"_blank\" rel=\"noreferrer noopener\">Alexander Shopov<\/a><\/strong>, Niederlassungsleiter von Steinmayr &amp; Co Wien, und&nbsp;<strong><a href=\"https:\/\/www.linkedin.com\/in\/monika-rosen-philipp-33b491200\/\" type=\"link\" id=\"https:\/\/www.linkedin.com\/in\/monika-rosen-philipp-33b491200\/\" target=\"_blank\" rel=\"noreferrer noopener\">Monika Rosen<\/a><\/strong>, \u00d6AG-Vizepr\u00e4sidentin und Finanzexpertin, die Auswirkungen dieser Risiken auf Unternehmen und den Industriestandort \u00d6sterreich.<\/p>\n\n\n\n<h3 class=\"wp-block-heading\" id=\"h-die-funf-grossten-risiken-fur-osterreich\">Die f\u00fcnf gr\u00f6\u00dften Risiken f\u00fcr \u00d6sterreich<\/h3>\n\n\n\n<p>Auf Basis des Global Risk Report lassen sich aktuell f\u00fcnf zentrale Risikofelder identifizieren:<\/p>\n\n\n\n<figure class=\"wp-block-image aligncenter size-full\"><img loading=\"lazy\" decoding=\"async\" width=\"510\" height=\"394\" src=\"https:\/\/mf.ag\/wp-content\/uploads\/2026\/04\/Bildschirmfoto-2026-04-27-um-16.00.14.png\" alt=\"\" class=\"wp-image-66448\" srcset=\"https:\/\/mf.ag\/wp-content\/uploads\/2026\/04\/Bildschirmfoto-2026-04-27-um-16.00.14.png 510w, https:\/\/mf.ag\/wp-content\/uploads\/2026\/04\/Bildschirmfoto-2026-04-27-um-16.00.14-300x232.png 300w\" sizes=\"auto, (max-width: 510px) 100vw, 510px\" \/><figcaption class=\"wp-element-caption\">Quelle: Global Risk Report 2026 <br>des World Economic Forum<\/figcaption><\/figure>\n\n\n\n<h3 class=\"wp-block-heading\">Komplexit\u00e4t als neue Realit\u00e4t<\/h3>\n\n\n\n<p><strong>Ein zentrales Ergebnis der Diskussion:<\/strong> Risiken treten heute <strong>nicht mehr isoliert auf<\/strong>, sondern verst\u00e4rken sich gegenseitig und erzeugen komplexe Wechselwirkungen.<\/p>\n\n\n\n<p>Diese Gleichzeitigkeit stellt Unternehmen und die Gesellschaft vor neue Anforderungen. Klassische, reaktive Risikosteuerung reicht nicht mehr aus.<\/p>\n\n\n\n<h3 class=\"wp-block-heading\">Resilienz als strategischer Erfolgsfaktor<\/h3>\n\n\n\n<p>Rudolf Schwarz betonte, dass Unternehmen lernen m\u00fcssen, <strong>mehrere parallel auftretende Krisen aktiv zu managen<\/strong>.<\/p>\n\n\n\n<p>Dabei r\u00fccken drei zentrale F\u00e4higkeiten in den Vordergrund:<\/p>\n\n\n\n<ul class=\"wp-block-list\">\n<li><strong>Fr\u00fcherkennung von Risiken<\/strong> durch systematisches Monitoring<\/li>\n\n\n\n<li><strong>Agilit\u00e4t in Entscheidungsprozessen<\/strong><\/li>\n\n\n\n<li><strong>Strategischer Aufbau von Resilienz<\/strong> \u00fcber reine Effizienzsteigerung hinaus<\/li>\n<\/ul>\n\n\n\n<p>Die Botschaft ist klar: Resiliente Organisationen sichern nicht nur Stabilit\u00e4t, sondern schaffen sich auch <strong>Wettbewerbsvorteile in unsicheren Zeiten<\/strong>.<\/p>\n\n\n\n<p>Den vollst\u00e4ndigen Artikel finden Sie im <a href=\"https:\/\/kurier.at\/wirtschaft\/karriere\/diskussion-risiken-oeag-business-people\/403153389\" type=\"link\" id=\"https:\/\/kurier.at\/\" target=\"_blank\" rel=\"noreferrer noopener\">Kurier<\/a>.<\/p>\n","protected":false},"excerpt":{"rendered":"<p>Am 21. April 2026 trafen sich f\u00fchrende Vertreter:innen aus Industrie, Wirtschaft und Beratung in Wien bei der \u00d6sterreichisch Amerkanischen Gesellschaft, um aktuelle Entwicklungen und zentrale Herausforderungen f\u00fcr den Standort \u00d6sterreich zu diskutieren. Neben technologischen Innovationen r\u00fcckte insbesondere ein Thema in den Fokus: der professionelle Umgang mit globalen Risiken. Ein inhaltlicher H\u00f6hepunkt war die Podiumsdiskussion der [&hellip;]<\/p>\n","protected":false},"author":32,"featured_media":66442,"comment_status":"closed","ping_status":"closed","sticky":false,"template":"","format":"standard","meta":{"inline_featured_image":false,"footnotes":""},"categories":[3268],"tags":[3912,3299,3396,3650,4203],"class_list":["post-66431","post","type-post","status-publish","format-standard","has-post-thumbnail","hentry","category-artikel","tag-amerika","tag-cro","tag-krise","tag-oesterreich","tag-risiken"],"featured_image_urls_v2":{"full":["https:\/\/mf.ag\/wp-content\/uploads\/2026\/04\/Website-Artikel-.png",1920,1080,false],"thumbnail":["https:\/\/mf.ag\/wp-content\/uploads\/2026\/04\/Website-Artikel--250x250.png",250,250,true],"medium":["https:\/\/mf.ag\/wp-content\/uploads\/2026\/04\/Website-Artikel--300x169.png",300,169,true],"medium_large":["https:\/\/mf.ag\/wp-content\/uploads\/2026\/04\/Website-Artikel--768x432.png",768,432,true],"large":["https:\/\/mf.ag\/wp-content\/uploads\/2026\/04\/Website-Artikel--1024x576.png",1024,576,true],"1536x1536":["https:\/\/mf.ag\/wp-content\/uploads\/2026\/04\/Website-Artikel--1536x864.png",1536,864,true],"2048x2048":["https:\/\/mf.ag\/wp-content\/uploads\/2026\/04\/Website-Artikel-.png",1920,1080,false],"gform-image-choice-sm":["https:\/\/mf.ag\/wp-content\/uploads\/2026\/04\/Website-Artikel-.png",300,169,false],"gform-image-choice-md":["https:\/\/mf.ag\/wp-content\/uploads\/2026\/04\/Website-Artikel-.png",400,225,false],"gform-image-choice-lg":["https:\/\/mf.ag\/wp-content\/uploads\/2026\/04\/Website-Artikel-.png",600,338,false],"profile_24":["https:\/\/mf.ag\/wp-content\/uploads\/2026\/04\/Website-Artikel--24x24.png",24,24,true],"profile_48":["https:\/\/mf.ag\/wp-content\/uploads\/2026\/04\/Website-Artikel--48x48.png",48,48,true],"profile_96":["https:\/\/mf.ag\/wp-content\/uploads\/2026\/04\/Website-Artikel--96x96.png",96,96,true],"profile_150":["https:\/\/mf.ag\/wp-content\/uploads\/2026\/04\/Website-Artikel--150x150.png",150,150,true],"profile_300":["https:\/\/mf.ag\/wp-content\/uploads\/2026\/04\/Website-Artikel--300x300.png",300,300,true]},"post_excerpt_stackable_v2":"<p>Am 21. April 2026 trafen sich f\u00fchrende Vertreter:innen aus Industrie, Wirtschaft und Beratung in Wien bei der \u00d6sterreichisch Amerkanischen Gesellschaft, um aktuelle Entwicklungen und zentrale Herausforderungen f\u00fcr den Standort \u00d6sterreich zu diskutieren. Neben technologischen Innovationen r\u00fcckte insbesondere ein Thema in den Fokus: der professionelle Umgang mit globalen Risiken. Ein inhaltlicher H\u00f6hepunkt war die Podiumsdiskussion der \u00d6sterreichisch-Amerikanischen Gesellschaft (\u00d6AG), bei der die Ergebnisse des Global Risk Report 2026 des World Economic Forum eingeordnet wurden. WEF_Global_Risks_Report_2026Download Rudolf Schwarz, Chief Restructuring Officer bei VALTUS Management Factory, diskutierte gemeinsam mit Kurt M\u00f6ller, Vorstandsmitglied der Z\u00fcrich Versicherungs-AG,&nbsp;Michael Edelsbrunner, Vorstand AmCham Austria und Country Officer der&hellip;<\/p>\n","category_list_v2":"<a href=\"https:\/\/mf.ag\/de\/category\/artikel\/\" rel=\"category tag\">Artikel<\/a>","author_info_v2":{"name":"VALTUS Management Factory","url":"https:\/\/mf.ag\/de\/author\/managementfactory\/"},"comments_num_v2":"0 comments","yoast_head":"<!-- This site is optimized with the Yoast SEO Premium plugin v25.8 (Yoast SEO v27.4) - https:\/\/yoast.com\/product\/yoast-seo-premium-wordpress\/ -->\n<title>Risiken, wohin man schaut: Eine Diskussion in der \u00d6sterreichisch-Amerikanischen Gesellschaft (\u00d6AG) &#187; Management Factory<\/title>\n<meta name=\"description\" content=\"Auf der Intertool &amp; Schwei\u00dfen 2026 in Wels standen technologische Entwicklungen und der Umgang mit globalen Risiken und Resilienz im Fokus.\" \/>\n<meta name=\"robots\" content=\"index, follow, max-snippet:-1, max-image-preview:large, max-video-preview:-1\" \/>\n<link rel=\"canonical\" href=\"https:\/\/mf.ag\/de\/artikel\/risiken-wohin-man-schaut-eine-diskussion-in-der-oesterreichisch-amerikanischen-gesellschaft-oeag\/\" \/>\n<meta property=\"og:locale\" content=\"de_DE\" \/>\n<meta property=\"og:type\" content=\"article\" \/>\n<meta property=\"og:title\" content=\"Risiken, wohin man schaut: Eine Diskussion in der \u00d6sterreichisch-Amerikanischen Gesellschaft (\u00d6AG)\" \/>\n<meta property=\"og:description\" content=\"Auf der Intertool &amp; Schwei\u00dfen 2026 in Wels standen technologische Entwicklungen und der Umgang mit globalen Risiken und Resilienz im Fokus.\" \/>\n<meta property=\"og:url\" content=\"https:\/\/mf.ag\/de\/artikel\/risiken-wohin-man-schaut-eine-diskussion-in-der-oesterreichisch-amerikanischen-gesellschaft-oeag\/\" \/>\n<meta property=\"og:site_name\" content=\"Management Factory\" \/>\n<meta property=\"article:published_time\" content=\"2026-04-27T14:03:48+00:00\" \/>\n<meta property=\"article:modified_time\" content=\"2026-04-28T06:15:35+00:00\" \/>\n<meta property=\"og:image\" content=\"https:\/\/mf.ag\/wp-content\/uploads\/2026\/04\/Website-Artikel--1024x576.png\" \/>\n\t<meta property=\"og:image:width\" content=\"1024\" \/>\n\t<meta property=\"og:image:height\" content=\"576\" \/>\n\t<meta property=\"og:image:type\" content=\"image\/png\" \/>\n<meta name=\"author\" content=\"VALTUS Management Factory\" \/>\n<meta name=\"twitter:card\" content=\"summary_large_image\" \/>\n<meta name=\"twitter:label1\" content=\"Verfasst von\" \/>\n\t<meta name=\"twitter:data1\" content=\"VALTUS Management Factory\" \/>\n\t<meta name=\"twitter:label2\" content=\"Gesch\u00e4tzte Lesezeit\" \/>\n\t<meta name=\"twitter:data2\" content=\"2\u00a0Minuten\" \/>\n<script type=\"application\/ld+json\" class=\"yoast-schema-graph\">{\"@context\":\"https:\\\/\\\/schema.org\",\"@graph\":[{\"@type\":\"Article\",\"@id\":\"https:\\\/\\\/mf.ag\\\/de\\\/artikel\\\/risiken-wohin-man-schaut-eine-diskussion-in-der-oesterreichisch-amerikanischen-gesellschaft-oeag\\\/#article\",\"isPartOf\":{\"@id\":\"https:\\\/\\\/mf.ag\\\/de\\\/artikel\\\/risiken-wohin-man-schaut-eine-diskussion-in-der-oesterreichisch-amerikanischen-gesellschaft-oeag\\\/\"},\"author\":{\"name\":\"VALTUS Management Factory\",\"@id\":\"https:\\\/\\\/mf.ag\\\/de\\\/#\\\/schema\\\/person\\\/1b1a766599b72b46cce17aecef0a2280\"},\"headline\":\"Risiken, wohin man schaut: Eine Diskussion in der \u00d6sterreichisch-Amerikanischen Gesellschaft (\u00d6AG)\",\"datePublished\":\"2026-04-27T14:03:48+00:00\",\"dateModified\":\"2026-04-28T06:15:35+00:00\",\"mainEntityOfPage\":{\"@id\":\"https:\\\/\\\/mf.ag\\\/de\\\/artikel\\\/risiken-wohin-man-schaut-eine-diskussion-in-der-oesterreichisch-amerikanischen-gesellschaft-oeag\\\/\"},\"wordCount\":299,\"publisher\":{\"@id\":\"https:\\\/\\\/mf.ag\\\/de\\\/#organization\"},\"image\":{\"@id\":\"https:\\\/\\\/mf.ag\\\/de\\\/artikel\\\/risiken-wohin-man-schaut-eine-diskussion-in-der-oesterreichisch-amerikanischen-gesellschaft-oeag\\\/#primaryimage\"},\"thumbnailUrl\":\"https:\\\/\\\/mf.ag\\\/wp-content\\\/uploads\\\/2026\\\/04\\\/Website-Artikel-.png\",\"keywords\":[\"Amerika\",\"CRO\",\"Krise\",\"\u00d6sterreich\",\"Risiken\"],\"articleSection\":[\"Artikel\"],\"inLanguage\":\"de\"},{\"@type\":\"WebPage\",\"@id\":\"https:\\\/\\\/mf.ag\\\/de\\\/artikel\\\/risiken-wohin-man-schaut-eine-diskussion-in-der-oesterreichisch-amerikanischen-gesellschaft-oeag\\\/\",\"url\":\"https:\\\/\\\/mf.ag\\\/de\\\/artikel\\\/risiken-wohin-man-schaut-eine-diskussion-in-der-oesterreichisch-amerikanischen-gesellschaft-oeag\\\/\",\"name\":\"Risiken, wohin man schaut: Eine Diskussion in der \u00d6sterreichisch-Amerikanischen Gesellschaft (\u00d6AG) &#187; Management Factory\",\"isPartOf\":{\"@id\":\"https:\\\/\\\/mf.ag\\\/de\\\/#website\"},\"primaryImageOfPage\":{\"@id\":\"https:\\\/\\\/mf.ag\\\/de\\\/artikel\\\/risiken-wohin-man-schaut-eine-diskussion-in-der-oesterreichisch-amerikanischen-gesellschaft-oeag\\\/#primaryimage\"},\"image\":{\"@id\":\"https:\\\/\\\/mf.ag\\\/de\\\/artikel\\\/risiken-wohin-man-schaut-eine-diskussion-in-der-oesterreichisch-amerikanischen-gesellschaft-oeag\\\/#primaryimage\"},\"thumbnailUrl\":\"https:\\\/\\\/mf.ag\\\/wp-content\\\/uploads\\\/2026\\\/04\\\/Website-Artikel-.png\",\"datePublished\":\"2026-04-27T14:03:48+00:00\",\"dateModified\":\"2026-04-28T06:15:35+00:00\",\"description\":\"Auf der Intertool & Schwei\u00dfen 2026 in Wels standen technologische Entwicklungen und der Umgang mit globalen Risiken und Resilienz im Fokus.\",\"breadcrumb\":{\"@id\":\"https:\\\/\\\/mf.ag\\\/de\\\/artikel\\\/risiken-wohin-man-schaut-eine-diskussion-in-der-oesterreichisch-amerikanischen-gesellschaft-oeag\\\/#breadcrumb\"},\"inLanguage\":\"de\",\"potentialAction\":[{\"@type\":\"ReadAction\",\"target\":[\"https:\\\/\\\/mf.ag\\\/de\\\/artikel\\\/risiken-wohin-man-schaut-eine-diskussion-in-der-oesterreichisch-amerikanischen-gesellschaft-oeag\\\/\"]}]},{\"@type\":\"ImageObject\",\"inLanguage\":\"de\",\"@id\":\"https:\\\/\\\/mf.ag\\\/de\\\/artikel\\\/risiken-wohin-man-schaut-eine-diskussion-in-der-oesterreichisch-amerikanischen-gesellschaft-oeag\\\/#primaryimage\",\"url\":\"https:\\\/\\\/mf.ag\\\/wp-content\\\/uploads\\\/2026\\\/04\\\/Website-Artikel-.png\",\"contentUrl\":\"https:\\\/\\\/mf.ag\\\/wp-content\\\/uploads\\\/2026\\\/04\\\/Website-Artikel-.png\",\"width\":1920,\"height\":1080},{\"@type\":\"BreadcrumbList\",\"@id\":\"https:\\\/\\\/mf.ag\\\/de\\\/artikel\\\/risiken-wohin-man-schaut-eine-diskussion-in-der-oesterreichisch-amerikanischen-gesellschaft-oeag\\\/#breadcrumb\",\"itemListElement\":[{\"@type\":\"ListItem\",\"position\":1,\"name\":\"Home\",\"item\":\"https:\\\/\\\/mf.ag\\\/de\\\/\"},{\"@type\":\"ListItem\",\"position\":2,\"name\":\"Risiken, wohin man schaut: Eine Diskussion in der \u00d6sterreichisch-Amerikanischen Gesellschaft (\u00d6AG)\"}]},{\"@type\":\"WebSite\",\"@id\":\"https:\\\/\\\/mf.ag\\\/de\\\/#website\",\"url\":\"https:\\\/\\\/mf.ag\\\/de\\\/\",\"name\":\"Management Factory\",\"description\":\"Mit Executive Interim Management und Financial Advisory das Gesch\u00e4ft voranbringen\",\"publisher\":{\"@id\":\"https:\\\/\\\/mf.ag\\\/de\\\/#organization\"},\"potentialAction\":[{\"@type\":\"SearchAction\",\"target\":{\"@type\":\"EntryPoint\",\"urlTemplate\":\"https:\\\/\\\/mf.ag\\\/de\\\/?s={search_term_string}\"},\"query-input\":{\"@type\":\"PropertyValueSpecification\",\"valueRequired\":true,\"valueName\":\"search_term_string\"}}],\"inLanguage\":\"de\"},{\"@type\":\"Organization\",\"@id\":\"https:\\\/\\\/mf.ag\\\/de\\\/#organization\",\"name\":\"Management Factory\",\"url\":\"https:\\\/\\\/mf.ag\\\/de\\\/\",\"logo\":{\"@type\":\"ImageObject\",\"inLanguage\":\"de\",\"@id\":\"https:\\\/\\\/mf.ag\\\/de\\\/#\\\/schema\\\/logo\\\/image\\\/\",\"url\":\"\",\"contentUrl\":\"\",\"caption\":\"Management Factory\"},\"image\":{\"@id\":\"https:\\\/\\\/mf.ag\\\/de\\\/#\\\/schema\\\/logo\\\/image\\\/\"}},{\"@type\":\"Person\",\"@id\":\"https:\\\/\\\/mf.ag\\\/de\\\/#\\\/schema\\\/person\\\/1b1a766599b72b46cce17aecef0a2280\",\"name\":\"VALTUS Management Factory\",\"image\":{\"@type\":\"ImageObject\",\"inLanguage\":\"de\",\"@id\":\"https:\\\/\\\/secure.gravatar.com\\\/avatar\\\/2e920f1a23e073db8a64336053afe342ca0876d1bcaeba2cb8be10b4812cf9de?s=96&r=g\",\"url\":\"https:\\\/\\\/secure.gravatar.com\\\/avatar\\\/2e920f1a23e073db8a64336053afe342ca0876d1bcaeba2cb8be10b4812cf9de?s=96&r=g\",\"contentUrl\":\"https:\\\/\\\/secure.gravatar.com\\\/avatar\\\/2e920f1a23e073db8a64336053afe342ca0876d1bcaeba2cb8be10b4812cf9de?s=96&r=g\",\"caption\":\"VALTUS Management Factory\"},\"description\":\"VALTUS Management Factory ist ein f\u00fchrendes Unternehmen f\u00fcr Executive Interim Management, Financial Advisory und Restrukturierung in \u00d6sterreich und unterst\u00fctzt Organisationen in Transformations-, Wachstums- und Krisensituationen mit erfahrenen F\u00fchrungspers\u00f6nlichkeiten. Als Teil der internationalen Valtus Group verbindet das Unternehmen operative Umsetzungskompetenz mit globaler Management- und Restrukturierungsexpertise.\",\"url\":\"https:\\\/\\\/mf.ag\\\/de\\\/author\\\/managementfactory\\\/\"}]}<\/script>\n<!-- \/ Yoast SEO Premium plugin. -->","yoast_head_json":{"title":"Risiken, wohin man schaut: Eine Diskussion in der \u00d6sterreichisch-Amerikanischen Gesellschaft (\u00d6AG) &#187; Management Factory","description":"Auf der Intertool & Schwei\u00dfen 2026 in Wels standen technologische Entwicklungen und der Umgang mit globalen Risiken und Resilienz im Fokus.","robots":{"index":"index","follow":"follow","max-snippet":"max-snippet:-1","max-image-preview":"max-image-preview:large","max-video-preview":"max-video-preview:-1"},"canonical":"https:\/\/mf.ag\/de\/artikel\/risiken-wohin-man-schaut-eine-diskussion-in-der-oesterreichisch-amerikanischen-gesellschaft-oeag\/","og_locale":"de_DE","og_type":"article","og_title":"Risiken, wohin man schaut: Eine Diskussion in der \u00d6sterreichisch-Amerikanischen Gesellschaft (\u00d6AG)","og_description":"Auf der Intertool & Schwei\u00dfen 2026 in Wels standen technologische Entwicklungen und der Umgang mit globalen Risiken und Resilienz im Fokus.","og_url":"https:\/\/mf.ag\/de\/artikel\/risiken-wohin-man-schaut-eine-diskussion-in-der-oesterreichisch-amerikanischen-gesellschaft-oeag\/","og_site_name":"Management Factory","article_published_time":"2026-04-27T14:03:48+00:00","article_modified_time":"2026-04-28T06:15:35+00:00","og_image":[{"width":1024,"height":576,"url":"https:\/\/mf.ag\/wp-content\/uploads\/2026\/04\/Website-Artikel--1024x576.png","type":"image\/png"}],"author":"VALTUS Management Factory","twitter_card":"summary_large_image","twitter_misc":{"Verfasst von":"VALTUS Management Factory","Gesch\u00e4tzte Lesezeit":"2\u00a0Minuten"},"schema":{"@context":"https:\/\/schema.org","@graph":[{"@type":"Article","@id":"https:\/\/mf.ag\/de\/artikel\/risiken-wohin-man-schaut-eine-diskussion-in-der-oesterreichisch-amerikanischen-gesellschaft-oeag\/#article","isPartOf":{"@id":"https:\/\/mf.ag\/de\/artikel\/risiken-wohin-man-schaut-eine-diskussion-in-der-oesterreichisch-amerikanischen-gesellschaft-oeag\/"},"author":{"name":"VALTUS Management Factory","@id":"https:\/\/mf.ag\/de\/#\/schema\/person\/1b1a766599b72b46cce17aecef0a2280"},"headline":"Risiken, wohin man schaut: Eine Diskussion in der \u00d6sterreichisch-Amerikanischen Gesellschaft (\u00d6AG)","datePublished":"2026-04-27T14:03:48+00:00","dateModified":"2026-04-28T06:15:35+00:00","mainEntityOfPage":{"@id":"https:\/\/mf.ag\/de\/artikel\/risiken-wohin-man-schaut-eine-diskussion-in-der-oesterreichisch-amerikanischen-gesellschaft-oeag\/"},"wordCount":299,"publisher":{"@id":"https:\/\/mf.ag\/de\/#organization"},"image":{"@id":"https:\/\/mf.ag\/de\/artikel\/risiken-wohin-man-schaut-eine-diskussion-in-der-oesterreichisch-amerikanischen-gesellschaft-oeag\/#primaryimage"},"thumbnailUrl":"https:\/\/mf.ag\/wp-content\/uploads\/2026\/04\/Website-Artikel-.png","keywords":["Amerika","CRO","Krise","\u00d6sterreich","Risiken"],"articleSection":["Artikel"],"inLanguage":"de"},{"@type":"WebPage","@id":"https:\/\/mf.ag\/de\/artikel\/risiken-wohin-man-schaut-eine-diskussion-in-der-oesterreichisch-amerikanischen-gesellschaft-oeag\/","url":"https:\/\/mf.ag\/de\/artikel\/risiken-wohin-man-schaut-eine-diskussion-in-der-oesterreichisch-amerikanischen-gesellschaft-oeag\/","name":"Risiken, wohin man schaut: Eine Diskussion in der \u00d6sterreichisch-Amerikanischen Gesellschaft (\u00d6AG) &#187; Management Factory","isPartOf":{"@id":"https:\/\/mf.ag\/de\/#website"},"primaryImageOfPage":{"@id":"https:\/\/mf.ag\/de\/artikel\/risiken-wohin-man-schaut-eine-diskussion-in-der-oesterreichisch-amerikanischen-gesellschaft-oeag\/#primaryimage"},"image":{"@id":"https:\/\/mf.ag\/de\/artikel\/risiken-wohin-man-schaut-eine-diskussion-in-der-oesterreichisch-amerikanischen-gesellschaft-oeag\/#primaryimage"},"thumbnailUrl":"https:\/\/mf.ag\/wp-content\/uploads\/2026\/04\/Website-Artikel-.png","datePublished":"2026-04-27T14:03:48+00:00","dateModified":"2026-04-28T06:15:35+00:00","description":"Auf der Intertool & Schwei\u00dfen 2026 in Wels standen technologische Entwicklungen und der Umgang mit globalen Risiken und Resilienz im Fokus.","breadcrumb":{"@id":"https:\/\/mf.ag\/de\/artikel\/risiken-wohin-man-schaut-eine-diskussion-in-der-oesterreichisch-amerikanischen-gesellschaft-oeag\/#breadcrumb"},"inLanguage":"de","potentialAction":[{"@type":"ReadAction","target":["https:\/\/mf.ag\/de\/artikel\/risiken-wohin-man-schaut-eine-diskussion-in-der-oesterreichisch-amerikanischen-gesellschaft-oeag\/"]}]},{"@type":"ImageObject","inLanguage":"de","@id":"https:\/\/mf.ag\/de\/artikel\/risiken-wohin-man-schaut-eine-diskussion-in-der-oesterreichisch-amerikanischen-gesellschaft-oeag\/#primaryimage","url":"https:\/\/mf.ag\/wp-content\/uploads\/2026\/04\/Website-Artikel-.png","contentUrl":"https:\/\/mf.ag\/wp-content\/uploads\/2026\/04\/Website-Artikel-.png","width":1920,"height":1080},{"@type":"BreadcrumbList","@id":"https:\/\/mf.ag\/de\/artikel\/risiken-wohin-man-schaut-eine-diskussion-in-der-oesterreichisch-amerikanischen-gesellschaft-oeag\/#breadcrumb","itemListElement":[{"@type":"ListItem","position":1,"name":"Home","item":"https:\/\/mf.ag\/de\/"},{"@type":"ListItem","position":2,"name":"Risiken, wohin man schaut: Eine Diskussion in der \u00d6sterreichisch-Amerikanischen Gesellschaft (\u00d6AG)"}]},{"@type":"WebSite","@id":"https:\/\/mf.ag\/de\/#website","url":"https:\/\/mf.ag\/de\/","name":"Management Factory","description":"Mit Executive Interim Management und Financial Advisory das Gesch\u00e4ft voranbringen","publisher":{"@id":"https:\/\/mf.ag\/de\/#organization"},"potentialAction":[{"@type":"SearchAction","target":{"@type":"EntryPoint","urlTemplate":"https:\/\/mf.ag\/de\/?s={search_term_string}"},"query-input":{"@type":"PropertyValueSpecification","valueRequired":true,"valueName":"search_term_string"}}],"inLanguage":"de"},{"@type":"Organization","@id":"https:\/\/mf.ag\/de\/#organization","name":"Management Factory","url":"https:\/\/mf.ag\/de\/","logo":{"@type":"ImageObject","inLanguage":"de","@id":"https:\/\/mf.ag\/de\/#\/schema\/logo\/image\/","url":"","contentUrl":"","caption":"Management Factory"},"image":{"@id":"https:\/\/mf.ag\/de\/#\/schema\/logo\/image\/"}},{"@type":"Person","@id":"https:\/\/mf.ag\/de\/#\/schema\/person\/1b1a766599b72b46cce17aecef0a2280","name":"VALTUS Management Factory","image":{"@type":"ImageObject","inLanguage":"de","@id":"https:\/\/secure.gravatar.com\/avatar\/2e920f1a23e073db8a64336053afe342ca0876d1bcaeba2cb8be10b4812cf9de?s=96&r=g","url":"https:\/\/secure.gravatar.com\/avatar\/2e920f1a23e073db8a64336053afe342ca0876d1bcaeba2cb8be10b4812cf9de?s=96&r=g","contentUrl":"https:\/\/secure.gravatar.com\/avatar\/2e920f1a23e073db8a64336053afe342ca0876d1bcaeba2cb8be10b4812cf9de?s=96&r=g","caption":"VALTUS Management Factory"},"description":"VALTUS Management Factory ist ein f\u00fchrendes Unternehmen f\u00fcr Executive Interim Management, Financial Advisory und Restrukturierung in \u00d6sterreich und unterst\u00fctzt Organisationen in Transformations-, Wachstums- und Krisensituationen mit erfahrenen F\u00fchrungspers\u00f6nlichkeiten. Als Teil der internationalen Valtus Group verbindet das Unternehmen operative Umsetzungskompetenz mit globaler Management- und Restrukturierungsexpertise.","url":"https:\/\/mf.ag\/de\/author\/managementfactory\/"}]}},"_links":{"self":[{"href":"https:\/\/mf.ag\/de\/wp-json\/wp\/v2\/posts\/66431","targetHints":{"allow":["GET"]}}],"collection":[{"href":"https:\/\/mf.ag\/de\/wp-json\/wp\/v2\/posts"}],"about":[{"href":"https:\/\/mf.ag\/de\/wp-json\/wp\/v2\/types\/post"}],"author":[{"embeddable":true,"href":"https:\/\/mf.ag\/de\/wp-json\/wp\/v2\/users\/32"}],"replies":[{"embeddable":true,"href":"https:\/\/mf.ag\/de\/wp-json\/wp\/v2\/comments?post=66431"}],"version-history":[{"count":11,"href":"https:\/\/mf.ag\/de\/wp-json\/wp\/v2\/posts\/66431\/revisions"}],"predecessor-version":[{"id":66473,"href":"https:\/\/mf.ag\/de\/wp-json\/wp\/v2\/posts\/66431\/revisions\/66473"}],"wp:featuredmedia":[{"embeddable":true,"href":"https:\/\/mf.ag\/de\/wp-json\/wp\/v2\/media\/66442"}],"wp:attachment":[{"href":"https:\/\/mf.ag\/de\/wp-json\/wp\/v2\/media?parent=66431"}],"wp:term":[{"taxonomy":"category","embeddable":true,"href":"https:\/\/mf.ag\/de\/wp-json\/wp\/v2\/categories?post=66431"},{"taxonomy":"post_tag","embeddable":true,"href":"https:\/\/mf.ag\/de\/wp-json\/wp\/v2\/tags?post=66431"}],"curies":[{"name":"wp","href":"https:\/\/api.w.org\/{rel}","templated":true}]}}