{"id":66413,"date":"2026-04-28T06:13:00","date_gmt":"2026-04-28T04:13:00","guid":{"rendered":"https:\/\/mf.ag\/?p=66413"},"modified":"2026-04-30T16:07:07","modified_gmt":"2026-04-30T14:07:07","slug":"coveris","status":"publish","type":"post","link":"https:\/\/mf.ag\/de\/referenzen\/coveris\/","title":{"rendered":"Coveris"},"content":{"rendered":"\n<h3 class=\"wp-block-heading\" id=\"h-der-kunde\">Der Kunde<\/h3>\n\n\n\n<p><a href=\"https:\/\/www.coveris.com\/\" type=\"link\" id=\"https:\/\/www.coveris.com\/\" target=\"_blank\" rel=\"noreferrer noopener\">Coveris Group<\/a> ist ein f\u00fchrender Hersteller flexibler Verpackungen mit Corportate Office in Wien. Das Unternehmen betreibt 17 Standorte und besch\u00e4ftigt rund 2.500 Mitarbeiter:innen. Der Jahresumsatz liegt bei \u00fcber \u20ac 600 Mio.<\/p>\n\n\n\n<h3 class=\"wp-block-heading\">Projekt<\/h3>\n\n\n\n<p>In den vergangenen 24 Monaten unterst\u00fctzte VALTUS Management Factory die Coveris Group bei der Konzeption und Umsetzung eines umfassenden Restrukturierungsprogramms mehrerer Produktionswerke.<\/p>\n\n\n\n<p>Ziel war eine signifikante Effizienzsteigerung des internationalen Produktionsnetzwerks f\u00fcr Kunststofffolien und -verpackungen \u2013 bei gleichzeitigem Erhalt des Umsatzes der Gruppe. Im Zuge dessen wurden ein Produktionsstandort redimensioniert, ein Standort geschlossen und die bestehenden Kundenbeziehungen und Auftr\u00e4ge auf f\u00fcnf aufnehmende Standorte \u00fcbertragen.<\/p>\n\n\n\n<div class=\"wp-block-group has-custom-white-background-color has-background has-global-padding is-layout-constrained wp-block-group-is-layout-constrained\">\n<h3 class=\"wp-block-heading\"><span style=\"color: #222f42;\" class=\"stk-highlight\">Highlights:<\/span><\/h3>\n\n\n\n<ul class=\"wp-block-list is-style-tw-checkmark\">\n<li>Erfolgreiche Transformation eines internationalen Produktionsnetzwerks bei laufendem Gesch\u00e4ftsbetrieb <\/li>\n\n\n\n<li>Sicherstellung der Umsatzkontinuit\u00e4t trotz tiefgreifender struktureller Ver\u00e4nderungen <\/li>\n\n\n\n<li>Steuerung komplexer Standortverlagerungen und Kunden\u00fcberleitungen<\/li>\n<\/ul>\n<\/div>\n\n\n\n<p>Der Erfolg des Transformationsprozesses wurde ma\u00dfgeblich durch den Einsatz erfahrener Interim Manager in zentralen Schl\u00fcsselrollen getragen: <a href=\"https:\/\/www.linkedin.com\/in\/gerhard-gocek-609a8549\/\" type=\"link\" id=\"https:\/\/www.linkedin.com\/in\/gerhard-gocek-609a8549\/\" target=\"_blank\" rel=\"noreferrer noopener\">Gerhard Gocek<\/a> \u00fcbernahm die Standortgesch\u00e4ftsf\u00fchrung im Werk Kufstein, w\u00e4hrend <a href=\"https:\/\/www.linkedin.com\/in\/andreas-d%C3%B6rfler-b1b755193\/\" type=\"link\" id=\"https:\/\/www.linkedin.com\/in\/andreas-d%C3%B6rfler-b1b755193\/\" target=\"_blank\" rel=\"noreferrer noopener\">Andreas D\u00f6rfler<\/a> als Head of PMO und f\u00fcr die internationalen Gesch\u00e4ftsverlagerungen verantwortlich zeichnete.<\/p>\n\n\n\n<p>Ein besonderer Dank gilt dem Management der Coveris Group f\u00fcr die jederzeit professionelle und vertrauensvolle Zusammenarbeit \u2013 insbesondere Christian Kolarik, <a href=\"https:\/\/www.linkedin.com\/in\/gmlacassagne\/\" type=\"link\" id=\"https:\/\/www.linkedin.com\/in\/gmlacassagne\/\" target=\"_blank\" rel=\"noreferrer noopener\">Geraud-Marie Lacassagne<\/a>, <a href=\"https:\/\/www.linkedin.com\/in\/nikolaus-wolfram-350481\/\" type=\"link\" id=\"https:\/\/www.linkedin.com\/in\/nikolaus-wolfram-350481\/\" target=\"_blank\" rel=\"noreferrer noopener\">Nikolaus Wolfram<\/a> und <a href=\"https:\/\/www.linkedin.com\/in\/michael-riemer-aschbacher-4311b32b3\/\" type=\"link\" id=\"https:\/\/www.linkedin.com\/in\/michael-riemer-aschbacher-4311b32b3\/\" target=\"_blank\" rel=\"noreferrer noopener\">Michael Riemer-Aschbacher<\/a>. <\/p>\n\n\n\n<p><em>\u201eCOVERIS arbeitet seit mehreren Jahren sehr erfolgreich mit der Management Factory im Bereich des Interim Managements zusammen. Die in unserer relevanten Branche erfahrenen Manager:innen der MF sind rasch einsatzbereit, arbeiten effektiv und passen sich gut an die jeweilige Unternehmenssituation an. Durch die Breite der verf\u00fcgbaren Manager:innen steht fast immer die geeignete Person f\u00fcr die jeweilige Anforderung zur Verf\u00fcgung.\u201c<\/em><\/p>\n\n\n\n<p><strong>\u2013 <a href=\"https:\/\/www.linkedin.com\/in\/christian-kolarik-04bb00289\/\" type=\"link\" id=\"https:\/\/www.linkedin.com\/in\/christian-kolarik-04bb00289\/\" target=\"_blank\" rel=\"noreferrer noopener\">Christian Kolarik<\/a>, <a href=\"https:\/\/mf.ag\/de\/interim-ceo\/\" type=\"link\" id=\"https:\/\/mf.ag\/de\/interim-ceo\/\">CEO<\/a> COVERIS Gruppe<\/strong><\/p>\n\n\n\n<p>Ebenso bedanken wir uns bei <a href=\"https:\/\/www.linkedin.com\/in\/j%C3%B6rg-schuschnig-a327969\/\" type=\"link\" id=\"https:\/\/www.linkedin.com\/in\/j%C3%B6rg-schuschnig-a327969\/\" target=\"_blank\" rel=\"noreferrer noopener\">J\u00f6rg Schuschnig<\/a>, der zwischenzeitlich zur <a href=\"https:\/\/www.rosenbauer.com\/de\" type=\"link\" id=\"https:\/\/www.rosenbauer.com\/de\" target=\"_blank\" rel=\"noreferrer noopener\">Rosenbauer Group<\/a> als <a href=\"https:\/\/mf.ag\/de\/interim-cfo\/\" type=\"link\" id=\"https:\/\/mf.ag\/de\/interim-cfo\/\">CFO<\/a> gewechselt ist, und der zur Zusammenarbeit mit VALTUS Management Factory festhielt: &#8222;Eine starke und zielgerichtete Zusammenarbeit!&#8220;<\/p>\n","protected":false},"excerpt":{"rendered":"<p>Der Kunde Coveris Group ist ein f\u00fchrender Hersteller flexibler Verpackungen mit Corportate Office in Wien. Das Unternehmen betreibt 17 Standorte und besch\u00e4ftigt rund 2.500 Mitarbeiter:innen. Der Jahresumsatz liegt bei \u00fcber \u20ac 600 Mio. Projekt In den vergangenen 24 Monaten unterst\u00fctzte VALTUS Management Factory die Coveris Group bei der Konzeption und Umsetzung eines umfassenden Restrukturierungsprogramms mehrerer [&hellip;]<\/p>\n","protected":false},"author":32,"featured_media":66414,"comment_status":"closed","ping_status":"closed","sticky":false,"template":"","format":"standard","meta":{"inline_featured_image":false,"footnotes":""},"categories":[3279],"tags":[3290,3298,4201,3372,3284,4099,4098,3282,4202,3374,3344],"class_list":["post-66413","post","type-post","status-publish","format-standard","has-post-thumbnail","hentry","category-referenzen","tag-ceo-2","tag-cfo-2","tag-coveris-group","tag-interim-management-3","tag-produktion","tag-programmmanagement","tag-projektmanagement","tag-restrukturierung","tag-rosenbauer-group","tag-valtus-2","tag-verlagerung"],"featured_image_urls_v2":{"full":["https:\/\/mf.ag\/wp-content\/uploads\/2026\/04\/Website-Bilder-Neu-2026-04-27T090633.435.png",1920,1080,false],"thumbnail":["https:\/\/mf.ag\/wp-content\/uploads\/2026\/04\/Website-Bilder-Neu-2026-04-27T090633.435-250x250.png",250,250,true],"medium":["https:\/\/mf.ag\/wp-content\/uploads\/2026\/04\/Website-Bilder-Neu-2026-04-27T090633.435-300x169.png",300,169,true],"medium_large":["https:\/\/mf.ag\/wp-content\/uploads\/2026\/04\/Website-Bilder-Neu-2026-04-27T090633.435-768x432.png",768,432,true],"large":["https:\/\/mf.ag\/wp-content\/uploads\/2026\/04\/Website-Bilder-Neu-2026-04-27T090633.435-1024x576.png",1024,576,true],"1536x1536":["https:\/\/mf.ag\/wp-content\/uploads\/2026\/04\/Website-Bilder-Neu-2026-04-27T090633.435-1536x864.png",1536,864,true],"2048x2048":["https:\/\/mf.ag\/wp-content\/uploads\/2026\/04\/Website-Bilder-Neu-2026-04-27T090633.435.png",1920,1080,false],"gform-image-choice-sm":["https:\/\/mf.ag\/wp-content\/uploads\/2026\/04\/Website-Bilder-Neu-2026-04-27T090633.435.png",300,169,false],"gform-image-choice-md":["https:\/\/mf.ag\/wp-content\/uploads\/2026\/04\/Website-Bilder-Neu-2026-04-27T090633.435.png",400,225,false],"gform-image-choice-lg":["https:\/\/mf.ag\/wp-content\/uploads\/2026\/04\/Website-Bilder-Neu-2026-04-27T090633.435.png",600,338,false],"profile_24":["https:\/\/mf.ag\/wp-content\/uploads\/2026\/04\/Website-Bilder-Neu-2026-04-27T090633.435-24x24.png",24,24,true],"profile_48":["https:\/\/mf.ag\/wp-content\/uploads\/2026\/04\/Website-Bilder-Neu-2026-04-27T090633.435-48x48.png",48,48,true],"profile_96":["https:\/\/mf.ag\/wp-content\/uploads\/2026\/04\/Website-Bilder-Neu-2026-04-27T090633.435-96x96.png",96,96,true],"profile_150":["https:\/\/mf.ag\/wp-content\/uploads\/2026\/04\/Website-Bilder-Neu-2026-04-27T090633.435-150x150.png",150,150,true],"profile_300":["https:\/\/mf.ag\/wp-content\/uploads\/2026\/04\/Website-Bilder-Neu-2026-04-27T090633.435-300x300.png",300,300,true]},"post_excerpt_stackable_v2":"<p>Der Kunde Coveris Group ist ein f\u00fchrender Hersteller flexibler Verpackungen mit Corportate Office in Wien. Das Unternehmen betreibt 17 Standorte und besch\u00e4ftigt rund 2.500 Mitarbeiter:innen. Der Jahresumsatz liegt bei \u00fcber \u20ac 600 Mio. Projekt In den vergangenen 24 Monaten unterst\u00fctzte VALTUS Management Factory die Coveris Group bei der Konzeption und Umsetzung eines umfassenden Restrukturierungsprogramms mehrerer Produktionswerke. Ziel war eine signifikante Effizienzsteigerung des internationalen Produktionsnetzwerks f\u00fcr Kunststofffolien und -verpackungen \u2013 bei gleichzeitigem Erhalt des Umsatzes der Gruppe. Im Zuge dessen wurden ein Produktionsstandort redimensioniert, ein Standort geschlossen und die bestehenden Kundenbeziehungen und Auftr\u00e4ge auf f\u00fcnf aufnehmende Standorte \u00fcbertragen. Highlights: Erfolgreiche Transformation&hellip;<\/p>\n","category_list_v2":"<a href=\"https:\/\/mf.ag\/de\/category\/referenzen\/\" rel=\"category tag\">Referenzen<\/a>","author_info_v2":{"name":"VALTUS Management Factory","url":"https:\/\/mf.ag\/de\/author\/managementfactory\/"},"comments_num_v2":"0 comments","yoast_head":"<!-- This site is optimized with the Yoast SEO Premium plugin v25.8 (Yoast SEO v27.5) - https:\/\/yoast.com\/product\/yoast-seo-premium-wordpress\/ -->\n<title>Coveris &#187; Management Factory<\/title>\n<meta name=\"description\" content=\"VALTUS Management Factory unterst\u00fctzte die Coveris Group bei der Restrukturierung ihres Produktionsnetzwerks zur Effizienzsteigerung.\" \/>\n<meta name=\"robots\" content=\"index, follow, max-snippet:-1, max-image-preview:large, max-video-preview:-1\" \/>\n<link rel=\"canonical\" href=\"https:\/\/mf.ag\/de\/referenzen\/coveris\/\" \/>\n<meta property=\"og:locale\" content=\"de_DE\" \/>\n<meta property=\"og:type\" content=\"article\" \/>\n<meta property=\"og:title\" content=\"Coveris\" \/>\n<meta property=\"og:description\" content=\"VALTUS Management Factory unterst\u00fctzte die Coveris Group bei der Restrukturierung ihres Produktionsnetzwerks zur Effizienzsteigerung.\" \/>\n<meta property=\"og:url\" content=\"https:\/\/mf.ag\/de\/referenzen\/coveris\/\" \/>\n<meta property=\"og:site_name\" content=\"Management Factory\" \/>\n<meta property=\"article:published_time\" content=\"2026-04-28T04:13:00+00:00\" \/>\n<meta property=\"article:modified_time\" content=\"2026-04-30T14:07:07+00:00\" \/>\n<meta property=\"og:image\" content=\"https:\/\/mf.ag\/wp-content\/uploads\/2026\/04\/Website-Bilder-Neu-2026-04-27T090633.435.png\" \/>\n\t<meta property=\"og:image:width\" content=\"1920\" \/>\n\t<meta property=\"og:image:height\" content=\"1080\" \/>\n\t<meta property=\"og:image:type\" content=\"image\/png\" \/>\n<meta name=\"author\" content=\"VALTUS Management Factory\" \/>\n<meta name=\"twitter:card\" content=\"summary_large_image\" \/>\n<meta name=\"twitter:label1\" content=\"Verfasst von\" \/>\n\t<meta name=\"twitter:data1\" content=\"VALTUS Management Factory\" \/>\n\t<meta name=\"twitter:label2\" content=\"Gesch\u00e4tzte Lesezeit\" \/>\n\t<meta name=\"twitter:data2\" content=\"2\u00a0Minuten\" \/>\n<script type=\"application\/ld+json\" class=\"yoast-schema-graph\">{\"@context\":\"https:\\\/\\\/schema.org\",\"@graph\":[{\"@type\":\"Article\",\"@id\":\"https:\\\/\\\/mf.ag\\\/de\\\/referenzen\\\/coveris\\\/#article\",\"isPartOf\":{\"@id\":\"https:\\\/\\\/mf.ag\\\/de\\\/referenzen\\\/coveris\\\/\"},\"author\":{\"name\":\"VALTUS Management Factory\",\"@id\":\"https:\\\/\\\/mf.ag\\\/de\\\/#\\\/schema\\\/person\\\/1b1a766599b72b46cce17aecef0a2280\"},\"headline\":\"Coveris\",\"datePublished\":\"2026-04-28T04:13:00+00:00\",\"dateModified\":\"2026-04-30T14:07:07+00:00\",\"mainEntityOfPage\":{\"@id\":\"https:\\\/\\\/mf.ag\\\/de\\\/referenzen\\\/coveris\\\/\"},\"wordCount\":296,\"publisher\":{\"@id\":\"https:\\\/\\\/mf.ag\\\/de\\\/#organization\"},\"image\":{\"@id\":\"https:\\\/\\\/mf.ag\\\/de\\\/referenzen\\\/coveris\\\/#primaryimage\"},\"thumbnailUrl\":\"https:\\\/\\\/mf.ag\\\/wp-content\\\/uploads\\\/2026\\\/04\\\/Website-Bilder-Neu-2026-04-27T090633.435.png\",\"keywords\":[\"CEO\",\"CFO\",\"Coveris Group\",\"Interim Management\",\"Produktion\",\"Programmmanagement\",\"Projektmanagement\",\"Restrukturierung\",\"Rosenbauer Group\",\"Valtus\",\"Verlagerung\"],\"articleSection\":[\"Referenzen\"],\"inLanguage\":\"de\"},{\"@type\":\"WebPage\",\"@id\":\"https:\\\/\\\/mf.ag\\\/de\\\/referenzen\\\/coveris\\\/\",\"url\":\"https:\\\/\\\/mf.ag\\\/de\\\/referenzen\\\/coveris\\\/\",\"name\":\"Coveris &#187; Management Factory\",\"isPartOf\":{\"@id\":\"https:\\\/\\\/mf.ag\\\/de\\\/#website\"},\"primaryImageOfPage\":{\"@id\":\"https:\\\/\\\/mf.ag\\\/de\\\/referenzen\\\/coveris\\\/#primaryimage\"},\"image\":{\"@id\":\"https:\\\/\\\/mf.ag\\\/de\\\/referenzen\\\/coveris\\\/#primaryimage\"},\"thumbnailUrl\":\"https:\\\/\\\/mf.ag\\\/wp-content\\\/uploads\\\/2026\\\/04\\\/Website-Bilder-Neu-2026-04-27T090633.435.png\",\"datePublished\":\"2026-04-28T04:13:00+00:00\",\"dateModified\":\"2026-04-30T14:07:07+00:00\",\"description\":\"VALTUS Management Factory unterst\u00fctzte die Coveris Group bei der Restrukturierung ihres Produktionsnetzwerks zur Effizienzsteigerung.\",\"breadcrumb\":{\"@id\":\"https:\\\/\\\/mf.ag\\\/de\\\/referenzen\\\/coveris\\\/#breadcrumb\"},\"inLanguage\":\"de\",\"potentialAction\":[{\"@type\":\"ReadAction\",\"target\":[\"https:\\\/\\\/mf.ag\\\/de\\\/referenzen\\\/coveris\\\/\"]}]},{\"@type\":\"ImageObject\",\"inLanguage\":\"de\",\"@id\":\"https:\\\/\\\/mf.ag\\\/de\\\/referenzen\\\/coveris\\\/#primaryimage\",\"url\":\"https:\\\/\\\/mf.ag\\\/wp-content\\\/uploads\\\/2026\\\/04\\\/Website-Bilder-Neu-2026-04-27T090633.435.png\",\"contentUrl\":\"https:\\\/\\\/mf.ag\\\/wp-content\\\/uploads\\\/2026\\\/04\\\/Website-Bilder-Neu-2026-04-27T090633.435.png\",\"width\":1920,\"height\":1080},{\"@type\":\"BreadcrumbList\",\"@id\":\"https:\\\/\\\/mf.ag\\\/de\\\/referenzen\\\/coveris\\\/#breadcrumb\",\"itemListElement\":[{\"@type\":\"ListItem\",\"position\":1,\"name\":\"Home\",\"item\":\"https:\\\/\\\/mf.ag\\\/de\\\/\"},{\"@type\":\"ListItem\",\"position\":2,\"name\":\"Coveris\"}]},{\"@type\":\"WebSite\",\"@id\":\"https:\\\/\\\/mf.ag\\\/de\\\/#website\",\"url\":\"https:\\\/\\\/mf.ag\\\/de\\\/\",\"name\":\"Management Factory\",\"description\":\"Mit Executive Interim Management und Financial Advisory das Gesch\u00e4ft voranbringen\",\"publisher\":{\"@id\":\"https:\\\/\\\/mf.ag\\\/de\\\/#organization\"},\"potentialAction\":[{\"@type\":\"SearchAction\",\"target\":{\"@type\":\"EntryPoint\",\"urlTemplate\":\"https:\\\/\\\/mf.ag\\\/de\\\/?s={search_term_string}\"},\"query-input\":{\"@type\":\"PropertyValueSpecification\",\"valueRequired\":true,\"valueName\":\"search_term_string\"}}],\"inLanguage\":\"de\"},{\"@type\":\"Organization\",\"@id\":\"https:\\\/\\\/mf.ag\\\/de\\\/#organization\",\"name\":\"Management Factory\",\"url\":\"https:\\\/\\\/mf.ag\\\/de\\\/\",\"logo\":{\"@type\":\"ImageObject\",\"inLanguage\":\"de\",\"@id\":\"https:\\\/\\\/mf.ag\\\/de\\\/#\\\/schema\\\/logo\\\/image\\\/\",\"url\":\"\",\"contentUrl\":\"\",\"caption\":\"Management Factory\"},\"image\":{\"@id\":\"https:\\\/\\\/mf.ag\\\/de\\\/#\\\/schema\\\/logo\\\/image\\\/\"}},{\"@type\":\"Person\",\"@id\":\"https:\\\/\\\/mf.ag\\\/de\\\/#\\\/schema\\\/person\\\/1b1a766599b72b46cce17aecef0a2280\",\"name\":\"VALTUS Management Factory\",\"image\":{\"@type\":\"ImageObject\",\"inLanguage\":\"de\",\"@id\":\"https:\\\/\\\/secure.gravatar.com\\\/avatar\\\/2e920f1a23e073db8a64336053afe342ca0876d1bcaeba2cb8be10b4812cf9de?s=96&r=g\",\"url\":\"https:\\\/\\\/secure.gravatar.com\\\/avatar\\\/2e920f1a23e073db8a64336053afe342ca0876d1bcaeba2cb8be10b4812cf9de?s=96&r=g\",\"contentUrl\":\"https:\\\/\\\/secure.gravatar.com\\\/avatar\\\/2e920f1a23e073db8a64336053afe342ca0876d1bcaeba2cb8be10b4812cf9de?s=96&r=g\",\"caption\":\"VALTUS Management Factory\"},\"description\":\"VALTUS Management Factory ist ein f\u00fchrendes Unternehmen f\u00fcr Executive Interim Management, Financial Advisory und Restrukturierung in \u00d6sterreich und unterst\u00fctzt Organisationen in Transformations-, Wachstums- und Krisensituationen mit erfahrenen F\u00fchrungspers\u00f6nlichkeiten. Als Teil der internationalen Valtus Group verbindet das Unternehmen operative Umsetzungskompetenz mit globaler Management- und Restrukturierungsexpertise.\",\"url\":\"https:\\\/\\\/mf.ag\\\/de\\\/author\\\/managementfactory\\\/\"}]}<\/script>\n<!-- \/ Yoast SEO Premium plugin. -->","yoast_head_json":{"title":"Coveris &#187; Management Factory","description":"VALTUS Management Factory unterst\u00fctzte die Coveris Group bei der Restrukturierung ihres Produktionsnetzwerks zur Effizienzsteigerung.","robots":{"index":"index","follow":"follow","max-snippet":"max-snippet:-1","max-image-preview":"max-image-preview:large","max-video-preview":"max-video-preview:-1"},"canonical":"https:\/\/mf.ag\/de\/referenzen\/coveris\/","og_locale":"de_DE","og_type":"article","og_title":"Coveris","og_description":"VALTUS Management Factory unterst\u00fctzte die Coveris Group bei der Restrukturierung ihres Produktionsnetzwerks zur Effizienzsteigerung.","og_url":"https:\/\/mf.ag\/de\/referenzen\/coveris\/","og_site_name":"Management Factory","article_published_time":"2026-04-28T04:13:00+00:00","article_modified_time":"2026-04-30T14:07:07+00:00","og_image":[{"width":1920,"height":1080,"url":"https:\/\/mf.ag\/wp-content\/uploads\/2026\/04\/Website-Bilder-Neu-2026-04-27T090633.435.png","type":"image\/png"}],"author":"VALTUS Management Factory","twitter_card":"summary_large_image","twitter_misc":{"Verfasst von":"VALTUS Management Factory","Gesch\u00e4tzte Lesezeit":"2\u00a0Minuten"},"schema":{"@context":"https:\/\/schema.org","@graph":[{"@type":"Article","@id":"https:\/\/mf.ag\/de\/referenzen\/coveris\/#article","isPartOf":{"@id":"https:\/\/mf.ag\/de\/referenzen\/coveris\/"},"author":{"name":"VALTUS Management Factory","@id":"https:\/\/mf.ag\/de\/#\/schema\/person\/1b1a766599b72b46cce17aecef0a2280"},"headline":"Coveris","datePublished":"2026-04-28T04:13:00+00:00","dateModified":"2026-04-30T14:07:07+00:00","mainEntityOfPage":{"@id":"https:\/\/mf.ag\/de\/referenzen\/coveris\/"},"wordCount":296,"publisher":{"@id":"https:\/\/mf.ag\/de\/#organization"},"image":{"@id":"https:\/\/mf.ag\/de\/referenzen\/coveris\/#primaryimage"},"thumbnailUrl":"https:\/\/mf.ag\/wp-content\/uploads\/2026\/04\/Website-Bilder-Neu-2026-04-27T090633.435.png","keywords":["CEO","CFO","Coveris Group","Interim Management","Produktion","Programmmanagement","Projektmanagement","Restrukturierung","Rosenbauer Group","Valtus","Verlagerung"],"articleSection":["Referenzen"],"inLanguage":"de"},{"@type":"WebPage","@id":"https:\/\/mf.ag\/de\/referenzen\/coveris\/","url":"https:\/\/mf.ag\/de\/referenzen\/coveris\/","name":"Coveris &#187; Management Factory","isPartOf":{"@id":"https:\/\/mf.ag\/de\/#website"},"primaryImageOfPage":{"@id":"https:\/\/mf.ag\/de\/referenzen\/coveris\/#primaryimage"},"image":{"@id":"https:\/\/mf.ag\/de\/referenzen\/coveris\/#primaryimage"},"thumbnailUrl":"https:\/\/mf.ag\/wp-content\/uploads\/2026\/04\/Website-Bilder-Neu-2026-04-27T090633.435.png","datePublished":"2026-04-28T04:13:00+00:00","dateModified":"2026-04-30T14:07:07+00:00","description":"VALTUS Management Factory unterst\u00fctzte die Coveris Group bei der Restrukturierung ihres Produktionsnetzwerks zur Effizienzsteigerung.","breadcrumb":{"@id":"https:\/\/mf.ag\/de\/referenzen\/coveris\/#breadcrumb"},"inLanguage":"de","potentialAction":[{"@type":"ReadAction","target":["https:\/\/mf.ag\/de\/referenzen\/coveris\/"]}]},{"@type":"ImageObject","inLanguage":"de","@id":"https:\/\/mf.ag\/de\/referenzen\/coveris\/#primaryimage","url":"https:\/\/mf.ag\/wp-content\/uploads\/2026\/04\/Website-Bilder-Neu-2026-04-27T090633.435.png","contentUrl":"https:\/\/mf.ag\/wp-content\/uploads\/2026\/04\/Website-Bilder-Neu-2026-04-27T090633.435.png","width":1920,"height":1080},{"@type":"BreadcrumbList","@id":"https:\/\/mf.ag\/de\/referenzen\/coveris\/#breadcrumb","itemListElement":[{"@type":"ListItem","position":1,"name":"Home","item":"https:\/\/mf.ag\/de\/"},{"@type":"ListItem","position":2,"name":"Coveris"}]},{"@type":"WebSite","@id":"https:\/\/mf.ag\/de\/#website","url":"https:\/\/mf.ag\/de\/","name":"Management Factory","description":"Mit Executive Interim Management und Financial Advisory das Gesch\u00e4ft voranbringen","publisher":{"@id":"https:\/\/mf.ag\/de\/#organization"},"potentialAction":[{"@type":"SearchAction","target":{"@type":"EntryPoint","urlTemplate":"https:\/\/mf.ag\/de\/?s={search_term_string}"},"query-input":{"@type":"PropertyValueSpecification","valueRequired":true,"valueName":"search_term_string"}}],"inLanguage":"de"},{"@type":"Organization","@id":"https:\/\/mf.ag\/de\/#organization","name":"Management Factory","url":"https:\/\/mf.ag\/de\/","logo":{"@type":"ImageObject","inLanguage":"de","@id":"https:\/\/mf.ag\/de\/#\/schema\/logo\/image\/","url":"","contentUrl":"","caption":"Management Factory"},"image":{"@id":"https:\/\/mf.ag\/de\/#\/schema\/logo\/image\/"}},{"@type":"Person","@id":"https:\/\/mf.ag\/de\/#\/schema\/person\/1b1a766599b72b46cce17aecef0a2280","name":"VALTUS Management Factory","image":{"@type":"ImageObject","inLanguage":"de","@id":"https:\/\/secure.gravatar.com\/avatar\/2e920f1a23e073db8a64336053afe342ca0876d1bcaeba2cb8be10b4812cf9de?s=96&r=g","url":"https:\/\/secure.gravatar.com\/avatar\/2e920f1a23e073db8a64336053afe342ca0876d1bcaeba2cb8be10b4812cf9de?s=96&r=g","contentUrl":"https:\/\/secure.gravatar.com\/avatar\/2e920f1a23e073db8a64336053afe342ca0876d1bcaeba2cb8be10b4812cf9de?s=96&r=g","caption":"VALTUS Management Factory"},"description":"VALTUS Management Factory ist ein f\u00fchrendes Unternehmen f\u00fcr Executive Interim Management, Financial Advisory und Restrukturierung in \u00d6sterreich und unterst\u00fctzt Organisationen in Transformations-, Wachstums- und Krisensituationen mit erfahrenen F\u00fchrungspers\u00f6nlichkeiten. Als Teil der internationalen Valtus Group verbindet das Unternehmen operative Umsetzungskompetenz mit globaler Management- und Restrukturierungsexpertise.","url":"https:\/\/mf.ag\/de\/author\/managementfactory\/"}]}},"_links":{"self":[{"href":"https:\/\/mf.ag\/de\/wp-json\/wp\/v2\/posts\/66413","targetHints":{"allow":["GET"]}}],"collection":[{"href":"https:\/\/mf.ag\/de\/wp-json\/wp\/v2\/posts"}],"about":[{"href":"https:\/\/mf.ag\/de\/wp-json\/wp\/v2\/types\/post"}],"author":[{"embeddable":true,"href":"https:\/\/mf.ag\/de\/wp-json\/wp\/v2\/users\/32"}],"replies":[{"embeddable":true,"href":"https:\/\/mf.ag\/de\/wp-json\/wp\/v2\/comments?post=66413"}],"version-history":[{"count":5,"href":"https:\/\/mf.ag\/de\/wp-json\/wp\/v2\/posts\/66413\/revisions"}],"predecessor-version":[{"id":66469,"href":"https:\/\/mf.ag\/de\/wp-json\/wp\/v2\/posts\/66413\/revisions\/66469"}],"wp:featuredmedia":[{"embeddable":true,"href":"https:\/\/mf.ag\/de\/wp-json\/wp\/v2\/media\/66414"}],"wp:attachment":[{"href":"https:\/\/mf.ag\/de\/wp-json\/wp\/v2\/media?parent=66413"}],"wp:term":[{"taxonomy":"category","embeddable":true,"href":"https:\/\/mf.ag\/de\/wp-json\/wp\/v2\/categories?post=66413"},{"taxonomy":"post_tag","embeddable":true,"href":"https:\/\/mf.ag\/de\/wp-json\/wp\/v2\/tags?post=66413"}],"curies":[{"name":"wp","href":"https:\/\/api.w.org\/{rel}","templated":true}]}}