{"id":66169,"date":"2026-03-31T08:00:00","date_gmt":"2026-03-31T06:00:00","guid":{"rendered":"https:\/\/mf.ag\/?p=66169"},"modified":"2026-08-27T15:03:12","modified_gmt":"2026-08-27T13:03:12","slug":"valtus-management-factory-und-valtus-alliance-nun-auch-in-afrika-vertreten","status":"publish","type":"post","link":"https:\/\/mf.ag\/de\/artikel\/valtus-management-factory-und-valtus-alliance-nun-auch-in-afrika-vertreten\/","title":{"rendered":"VALTUS Management Factory und VALTUS ALLIANCE nun auch in Afrika vertreten."},"content":{"rendered":"\n<p><strong>We are delighted to announce that we are expanding our global footprint with the addition of a new partner: <\/strong><a href=\"https:\/\/talentnetwork.co.za\/\" type=\"link\" id=\"https:\/\/talentnetwork.co.za\/\" target=\"_blank\" rel=\"noreferrer noopener\">Talent Network Global<\/a>. With this new partnership, our alliance is now present on all five continents across 29 countries, marking a significant milestone in\u00a0our international development.\u00a0<\/p>\n\n<p>Talent Network Global, in association with\u00a0Nolands\u00a0Advisory, is a boutique Executive Search and <a href=\"https:\/\/mf.ag\/en\/interim-managers\/\" type=\"link\" id=\"https:\/\/mf.ag\/en\/interim-managers\/\">Interim Management<\/a> firm\u00a0in Cape Town, South Africa.\u00a0The company offers a comprehensive suite of leadership services, and with\u00a0more than 90 years of experience, the firm brings deep\u00a0expertise, specialized\u00a0skills\u00a0and a strong international network\u00a0in\u00a0delivering tailored talent solutions.\u00a0\u00a0<\/p>\n\n<p>Africa\u2019s\u00a0economy continues to gain momentum,\u00a0and the\u00a0investment\u00a0in the continent is rising sharply.\u00a0This growth is being driven by sectors such as renewable energy, technology, business services, financial services, infrastructure, and consumer goods \u2013 industries where strong leadership is critical.\u00a0In this context,\u00a0<a href=\"https:\/\/mf.ag\/en\/executive-interim-management\/\" type=\"link\" id=\"https:\/\/mf.ag\/en\/executive-interim-management\/\">Executive Interim Management<\/a> allows companies to quickly bring in senior leadership to support key phases of growth and transformation.\u00a0\u00a0<\/p>\n\n<p>Beyond\u00a0its role as a continental hub, South Africa also\u00a0represents\u00a0a strategic corridor for key global economies\u00a0with a long-standing tradition of engagement in the region.\u00a0<\/p>\n\n<p><strong><a href=\"https:\/\/www.linkedin.com\/in\/trevorgildenhuystalentnetworkglobal\/\" type=\"link\" id=\"https:\/\/www.linkedin.com\/in\/trevorgildenhuystalentnetworkglobal\/\" target=\"_blank\" rel=\"noreferrer noopener\">Trevor\u00a0Gildenhuys<\/a>, Business Development Director of Talent Network Global, says:\u00a0<\/strong><em>&#8222;Joining\u00a0Valtus\u00a0Alliance is a tremendous opportunity for Talent Network Global. Africa is a continent of immense potential, and our clients\u00a0&#8211;\u00a0both local\u00a0organizations\u00a0and international companies expanding into the region\u00a0&#8211;\u00a0increasingly require access to world-class leadership solutions. Partnering with\u00a0Valtus\u00a0allows us to bring that global standard directly to the African market while\u00a0maintaining\u00a0our boutique, high-touch approach.\u201d<\/em>\u00a0<\/p>\n\n<p><em>&#8222;Joining forces with Talent Network Global is a defining step for\u00a0Valtus\u00a0Alliance,&#8220;<\/em>\u00a0says\u00a0<strong><a href=\"https:\/\/www.linkedin.com\/in\/aymericbas\/\" type=\"link\" id=\"https:\/\/www.linkedin.com\/in\/aymericbas\/\" target=\"_blank\" rel=\"noreferrer noopener\">Aymeric Bas<\/a>, Managing Partner International &amp; Chief Revenue Officer at\u00a0Valtus<\/strong>.\u00a0<em>&#8222;Not only does it complete our presence across all five continents, but it also strengthens our ability to support clients operating in Africa. South Africa is a sophisticated market and a natural gateway to the continent, and Talent Network Global brings deep expertise and valuable local insight.&#8220;<\/em>\u00a0<\/p>\n\n<p>This partnership reflects\u00a0<a href=\"https:\/\/valtusgroup.com\/\" type=\"link\" id=\"https:\/\/valtusgroup.com\/\" target=\"_blank\" rel=\"noreferrer noopener\">Valtus\u00a0Alliance\u2019s<\/a> commitment to building a network that truly supports businesses wherever they\u00a0operate\u00a0by working with partners who combine strong local knowledge with trusted relationships. Talent Network\u00a0Global\u2019s\u00a0experience\u00a0across South Africa and the wider continent makes it an ideal partner to open this new chapter together.\u00a0\u00a0<\/p>\n\n<p><\/p>\n","protected":false},"excerpt":{"rendered":"<p>We are delighted to announce that we are expanding our global footprint with the addition of a new partner: Talent Network Global. With this new partnership, our alliance is now present on all five continents across 29 countries, marking a significant milestone in\u00a0our international development.\u00a0 Talent Network Global, in association with\u00a0Nolands\u00a0Advisory, is a boutique Executive [&hellip;]<\/p>\n","protected":false},"author":32,"featured_media":66176,"comment_status":"closed","ping_status":"closed","sticky":false,"template":"","format":"standard","meta":{"inline_featured_image":false,"footnotes":""},"categories":[3268],"tags":[3372,3682],"class_list":["post-66169","post","type-post","status-publish","format-standard","has-post-thumbnail","hentry","category-artikel","tag-interim-management-3","tag-valtus-alliance-2"],"featured_image_urls_v2":{"full":["https:\/\/mf.ag\/wp-content\/uploads\/2026\/03\/Website-Bilder-Neu-2026-03-31T013230.536.png",1920,1080,false],"thumbnail":["https:\/\/mf.ag\/wp-content\/uploads\/2026\/03\/Website-Bilder-Neu-2026-03-31T013230.536-250x250.png",250,250,true],"medium":["https:\/\/mf.ag\/wp-content\/uploads\/2026\/03\/Website-Bilder-Neu-2026-03-31T013230.536-300x169.png",300,169,true],"medium_large":["https:\/\/mf.ag\/wp-content\/uploads\/2026\/03\/Website-Bilder-Neu-2026-03-31T013230.536-768x432.png",768,432,true],"large":["https:\/\/mf.ag\/wp-content\/uploads\/2026\/03\/Website-Bilder-Neu-2026-03-31T013230.536-1024x576.png",1024,576,true],"1536x1536":["https:\/\/mf.ag\/wp-content\/uploads\/2026\/03\/Website-Bilder-Neu-2026-03-31T013230.536-1536x864.png",1536,864,true],"2048x2048":["https:\/\/mf.ag\/wp-content\/uploads\/2026\/03\/Website-Bilder-Neu-2026-03-31T013230.536.png",1920,1080,false],"gform-image-choice-sm":["https:\/\/mf.ag\/wp-content\/uploads\/2026\/03\/Website-Bilder-Neu-2026-03-31T013230.536.png",300,169,false],"gform-image-choice-md":["https:\/\/mf.ag\/wp-content\/uploads\/2026\/03\/Website-Bilder-Neu-2026-03-31T013230.536.png",400,225,false],"gform-image-choice-lg":["https:\/\/mf.ag\/wp-content\/uploads\/2026\/03\/Website-Bilder-Neu-2026-03-31T013230.536.png",600,338,false],"profile_24":["https:\/\/mf.ag\/wp-content\/uploads\/2026\/03\/Website-Bilder-Neu-2026-03-31T013230.536-24x24.png",24,24,true],"profile_48":["https:\/\/mf.ag\/wp-content\/uploads\/2026\/03\/Website-Bilder-Neu-2026-03-31T013230.536-48x48.png",48,48,true],"profile_96":["https:\/\/mf.ag\/wp-content\/uploads\/2026\/03\/Website-Bilder-Neu-2026-03-31T013230.536-96x96.png",96,96,true],"profile_150":["https:\/\/mf.ag\/wp-content\/uploads\/2026\/03\/Website-Bilder-Neu-2026-03-31T013230.536-150x150.png",150,150,true],"profile_300":["https:\/\/mf.ag\/wp-content\/uploads\/2026\/03\/Website-Bilder-Neu-2026-03-31T013230.536-300x300.png",300,300,true]},"post_excerpt_stackable_v2":"<p>We are delighted to announce that we are expanding our global footprint with the addition of a new partner: Talent Network Global. With this new partnership, our alliance is now present on all five continents across 29 countries, marking a significant milestone in\u00a0our international development.\u00a0 Talent Network Global, in association with\u00a0Nolands\u00a0Advisory, is a boutique Executive Search and Interim Management firm\u00a0in Cape Town, South Africa.\u00a0The company offers a comprehensive suite of leadership services, and with\u00a0more than 90 years of experience, the firm brings deep\u00a0expertise, specialized\u00a0skills\u00a0and a strong international network\u00a0in\u00a0delivering tailored talent solutions.\u00a0\u00a0 Africa\u2019s\u00a0economy continues to gain momentum,\u00a0and the\u00a0investment\u00a0in the continent is&hellip;<\/p>\n","category_list_v2":"<a href=\"https:\/\/mf.ag\/de\/category\/artikel\/\" rel=\"category tag\">Artikel<\/a>","author_info_v2":{"name":"VALTUS Management Factory","url":"https:\/\/mf.ag\/de\/author\/managementfactory\/"},"comments_num_v2":"0 comments","yoast_head":"<!-- This site is optimized with the Yoast SEO Premium plugin v25.8 (Yoast SEO v28.3) - https:\/\/yoast.com\/product\/yoast-seo-premium-wordpress\/ -->\n<title>VALTUS Management Factory und VALTUS ALLIANCE nun auch in Afrika vertreten. &#187; Management Factory<\/title>\n<meta name=\"description\" content=\"Mit der Unterst\u00fctzung von Talent Network Global setzen die VALTUS Management Factory und die Valtus Alliance ihre Expansion nach S\u00fcdafrika.\" \/>\n<meta name=\"robots\" content=\"index, follow, max-snippet:-1, max-image-preview:large, max-video-preview:-1\" \/>\n<link rel=\"canonical\" href=\"https:\/\/mf.ag\/de\/artikel\/valtus-management-factory-und-valtus-alliance-nun-auch-in-afrika-vertreten\/\" \/>\n<meta property=\"og:locale\" content=\"de_DE\" \/>\n<meta property=\"og:type\" content=\"article\" \/>\n<meta property=\"og:title\" content=\"VALTUS Management Factory und VALTUS ALLIANCE nun auch in Afrika vertreten.\" \/>\n<meta property=\"og:description\" content=\"Mit der Unterst\u00fctzung von Talent Network Global setzen die VALTUS Management Factory und die Valtus Alliance ihre Expansion nach S\u00fcdafrika.\" \/>\n<meta property=\"og:url\" content=\"https:\/\/mf.ag\/de\/artikel\/valtus-management-factory-und-valtus-alliance-nun-auch-in-afrika-vertreten\/\" \/>\n<meta property=\"og:site_name\" content=\"Management Factory\" \/>\n<meta property=\"article:published_time\" content=\"2026-03-31T06:00:00+00:00\" \/>\n<meta property=\"article:modified_time\" content=\"2026-08-27T13:03:12+00:00\" \/>\n<meta property=\"og:image\" content=\"https:\/\/mf.ag\/wp-content\/uploads\/2026\/03\/Website-Bilder-Neu-2026-03-31T013230.536-1024x576.png\" \/>\n\t<meta property=\"og:image:width\" content=\"1024\" \/>\n\t<meta property=\"og:image:height\" content=\"576\" \/>\n\t<meta property=\"og:image:type\" content=\"image\/png\" \/>\n<meta name=\"author\" content=\"VALTUS Management Factory\" \/>\n<meta name=\"twitter:card\" content=\"summary_large_image\" \/>\n<meta name=\"twitter:label1\" content=\"Verfasst von\" \/>\n\t<meta name=\"twitter:data1\" content=\"VALTUS Management Factory\" \/>\n\t<meta name=\"twitter:label2\" content=\"Gesch\u00e4tzte Lesezeit\" \/>\n\t<meta name=\"twitter:data2\" content=\"3\u00a0Minuten\" \/>\n<script type=\"application\/ld+json\" class=\"yoast-schema-graph\">{\"@context\":\"https:\\\/\\\/schema.org\",\"@graph\":[{\"@type\":\"Article\",\"@id\":\"https:\\\/\\\/mf.ag\\\/de\\\/artikel\\\/valtus-management-factory-und-valtus-alliance-nun-auch-in-afrika-vertreten\\\/#article\",\"isPartOf\":{\"@id\":\"https:\\\/\\\/mf.ag\\\/de\\\/artikel\\\/valtus-management-factory-und-valtus-alliance-nun-auch-in-afrika-vertreten\\\/\"},\"author\":{\"name\":\"VALTUS Management Factory\",\"@id\":\"https:\\\/\\\/mf.ag\\\/de\\\/#\\\/schema\\\/person\\\/1b1a766599b72b46cce17aecef0a2280\"},\"headline\":\"VALTUS Management Factory und VALTUS ALLIANCE nun auch in Afrika vertreten.\",\"datePublished\":\"2026-03-31T06:00:00+00:00\",\"dateModified\":\"2026-08-27T13:03:12+00:00\",\"mainEntityOfPage\":{\"@id\":\"https:\\\/\\\/mf.ag\\\/de\\\/artikel\\\/valtus-management-factory-und-valtus-alliance-nun-auch-in-afrika-vertreten\\\/\"},\"wordCount\":398,\"publisher\":{\"@id\":\"https:\\\/\\\/mf.ag\\\/de\\\/#organization\"},\"image\":{\"@id\":\"https:\\\/\\\/mf.ag\\\/de\\\/artikel\\\/valtus-management-factory-und-valtus-alliance-nun-auch-in-afrika-vertreten\\\/#primaryimage\"},\"thumbnailUrl\":\"https:\\\/\\\/mf.ag\\\/wp-content\\\/uploads\\\/2026\\\/03\\\/Website-Bilder-Neu-2026-03-31T013230.536.png\",\"keywords\":[\"Interim Management\",\"Valtus Alliance\"],\"articleSection\":[\"Artikel\"],\"inLanguage\":\"de\"},{\"@type\":\"WebPage\",\"@id\":\"https:\\\/\\\/mf.ag\\\/de\\\/artikel\\\/valtus-management-factory-und-valtus-alliance-nun-auch-in-afrika-vertreten\\\/\",\"url\":\"https:\\\/\\\/mf.ag\\\/de\\\/artikel\\\/valtus-management-factory-und-valtus-alliance-nun-auch-in-afrika-vertreten\\\/\",\"name\":\"VALTUS Management Factory und VALTUS ALLIANCE nun auch in Afrika vertreten. &#187; Management Factory\",\"isPartOf\":{\"@id\":\"https:\\\/\\\/mf.ag\\\/de\\\/#website\"},\"primaryImageOfPage\":{\"@id\":\"https:\\\/\\\/mf.ag\\\/de\\\/artikel\\\/valtus-management-factory-und-valtus-alliance-nun-auch-in-afrika-vertreten\\\/#primaryimage\"},\"image\":{\"@id\":\"https:\\\/\\\/mf.ag\\\/de\\\/artikel\\\/valtus-management-factory-und-valtus-alliance-nun-auch-in-afrika-vertreten\\\/#primaryimage\"},\"thumbnailUrl\":\"https:\\\/\\\/mf.ag\\\/wp-content\\\/uploads\\\/2026\\\/03\\\/Website-Bilder-Neu-2026-03-31T013230.536.png\",\"datePublished\":\"2026-03-31T06:00:00+00:00\",\"dateModified\":\"2026-08-27T13:03:12+00:00\",\"description\":\"Mit der Unterst\u00fctzung von Talent Network Global setzen die VALTUS Management Factory und die Valtus Alliance ihre Expansion nach S\u00fcdafrika.\",\"breadcrumb\":{\"@id\":\"https:\\\/\\\/mf.ag\\\/de\\\/artikel\\\/valtus-management-factory-und-valtus-alliance-nun-auch-in-afrika-vertreten\\\/#breadcrumb\"},\"inLanguage\":\"de\",\"potentialAction\":[{\"@type\":\"ReadAction\",\"target\":[\"https:\\\/\\\/mf.ag\\\/de\\\/artikel\\\/valtus-management-factory-und-valtus-alliance-nun-auch-in-afrika-vertreten\\\/\"]}]},{\"@type\":\"ImageObject\",\"inLanguage\":\"de\",\"@id\":\"https:\\\/\\\/mf.ag\\\/de\\\/artikel\\\/valtus-management-factory-und-valtus-alliance-nun-auch-in-afrika-vertreten\\\/#primaryimage\",\"url\":\"https:\\\/\\\/mf.ag\\\/wp-content\\\/uploads\\\/2026\\\/03\\\/Website-Bilder-Neu-2026-03-31T013230.536.png\",\"contentUrl\":\"https:\\\/\\\/mf.ag\\\/wp-content\\\/uploads\\\/2026\\\/03\\\/Website-Bilder-Neu-2026-03-31T013230.536.png\",\"width\":1920,\"height\":1080},{\"@type\":\"BreadcrumbList\",\"@id\":\"https:\\\/\\\/mf.ag\\\/de\\\/artikel\\\/valtus-management-factory-und-valtus-alliance-nun-auch-in-afrika-vertreten\\\/#breadcrumb\",\"itemListElement\":[{\"@type\":\"ListItem\",\"position\":1,\"name\":\"Home\",\"item\":\"https:\\\/\\\/mf.ag\\\/de\\\/\"},{\"@type\":\"ListItem\",\"position\":2,\"name\":\"VALTUS Management Factory und VALTUS ALLIANCE nun auch in Afrika vertreten.\"}]},{\"@type\":\"WebSite\",\"@id\":\"https:\\\/\\\/mf.ag\\\/de\\\/#website\",\"url\":\"https:\\\/\\\/mf.ag\\\/de\\\/\",\"name\":\"VALTUS Management Factory\",\"description\":\"Mit Executive Interim Management und Financial Advisory das Gesch\u00e4ft voranbringen\",\"publisher\":{\"@id\":\"https:\\\/\\\/mf.ag\\\/de\\\/#organization\"},\"potentialAction\":[{\"@type\":\"SearchAction\",\"target\":{\"@type\":\"EntryPoint\",\"urlTemplate\":\"https:\\\/\\\/mf.ag\\\/de\\\/?s={search_term_string}\"},\"query-input\":{\"@type\":\"PropertyValueSpecification\",\"valueRequired\":true,\"valueName\":\"search_term_string\"}}],\"inLanguage\":\"de\"},{\"@type\":\"Organization\",\"@id\":\"https:\\\/\\\/mf.ag\\\/de\\\/#organization\",\"name\":\"VALTUS Management Factory\",\"url\":\"https:\\\/\\\/mf.ag\\\/de\\\/\",\"logo\":{\"@type\":\"ImageObject\",\"inLanguage\":\"de\",\"@id\":\"https:\\\/\\\/mf.ag\\\/de\\\/#\\\/schema\\\/logo\\\/image\\\/\",\"url\":\"\",\"contentUrl\":\"\",\"caption\":\"VALTUS Management Factory\"},\"image\":{\"@id\":\"https:\\\/\\\/mf.ag\\\/de\\\/#\\\/schema\\\/logo\\\/image\\\/\"}},{\"@type\":\"Person\",\"@id\":\"https:\\\/\\\/mf.ag\\\/de\\\/#\\\/schema\\\/person\\\/1b1a766599b72b46cce17aecef0a2280\",\"name\":\"VALTUS Management Factory\",\"image\":{\"@type\":\"ImageObject\",\"inLanguage\":\"de\",\"@id\":\"https:\\\/\\\/secure.gravatar.com\\\/avatar\\\/2e920f1a23e073db8a64336053afe342ca0876d1bcaeba2cb8be10b4812cf9de?s=96&r=g\",\"url\":\"https:\\\/\\\/secure.gravatar.com\\\/avatar\\\/2e920f1a23e073db8a64336053afe342ca0876d1bcaeba2cb8be10b4812cf9de?s=96&r=g\",\"contentUrl\":\"https:\\\/\\\/secure.gravatar.com\\\/avatar\\\/2e920f1a23e073db8a64336053afe342ca0876d1bcaeba2cb8be10b4812cf9de?s=96&r=g\",\"caption\":\"VALTUS Management Factory\"},\"description\":\"VALTUS Management Factory ist ein f\u00fchrendes Unternehmen f\u00fcr Executive Interim Management, Financial Advisory und Restrukturierung in \u00d6sterreich und unterst\u00fctzt Organisationen in Transformations-, Wachstums- und Krisensituationen mit erfahrenen F\u00fchrungspers\u00f6nlichkeiten. Als Teil der internationalen Valtus Group verbindet das Unternehmen operative Umsetzungskompetenz mit globaler Management- und Restrukturierungsexpertise.\",\"url\":\"https:\\\/\\\/mf.ag\\\/de\\\/author\\\/managementfactory\\\/\"}]}<\/script>\n<!-- \/ Yoast SEO Premium plugin. -->","yoast_head_json":{"title":"VALTUS Management Factory und VALTUS ALLIANCE nun auch in Afrika vertreten. &#187; Management Factory","description":"Mit der Unterst\u00fctzung von Talent Network Global setzen die VALTUS Management Factory und die Valtus Alliance ihre Expansion nach S\u00fcdafrika.","robots":{"index":"index","follow":"follow","max-snippet":"max-snippet:-1","max-image-preview":"max-image-preview:large","max-video-preview":"max-video-preview:-1"},"canonical":"https:\/\/mf.ag\/de\/artikel\/valtus-management-factory-und-valtus-alliance-nun-auch-in-afrika-vertreten\/","og_locale":"de_DE","og_type":"article","og_title":"VALTUS Management Factory und VALTUS ALLIANCE nun auch in Afrika vertreten.","og_description":"Mit der Unterst\u00fctzung von Talent Network Global setzen die VALTUS Management Factory und die Valtus Alliance ihre Expansion nach S\u00fcdafrika.","og_url":"https:\/\/mf.ag\/de\/artikel\/valtus-management-factory-und-valtus-alliance-nun-auch-in-afrika-vertreten\/","og_site_name":"Management Factory","article_published_time":"2026-03-31T06:00:00+00:00","article_modified_time":"2026-08-27T13:03:12+00:00","og_image":[{"width":1024,"height":576,"url":"https:\/\/mf.ag\/wp-content\/uploads\/2026\/03\/Website-Bilder-Neu-2026-03-31T013230.536-1024x576.png","type":"image\/png"}],"author":"VALTUS Management Factory","twitter_card":"summary_large_image","twitter_misc":{"Verfasst von":"VALTUS Management Factory","Gesch\u00e4tzte Lesezeit":"3\u00a0Minuten"},"schema":{"@context":"https:\/\/schema.org","@graph":[{"@type":"Article","@id":"https:\/\/mf.ag\/de\/artikel\/valtus-management-factory-und-valtus-alliance-nun-auch-in-afrika-vertreten\/#article","isPartOf":{"@id":"https:\/\/mf.ag\/de\/artikel\/valtus-management-factory-und-valtus-alliance-nun-auch-in-afrika-vertreten\/"},"author":{"name":"VALTUS Management Factory","@id":"https:\/\/mf.ag\/de\/#\/schema\/person\/1b1a766599b72b46cce17aecef0a2280"},"headline":"VALTUS Management Factory und VALTUS ALLIANCE nun auch in Afrika vertreten.","datePublished":"2026-03-31T06:00:00+00:00","dateModified":"2026-08-27T13:03:12+00:00","mainEntityOfPage":{"@id":"https:\/\/mf.ag\/de\/artikel\/valtus-management-factory-und-valtus-alliance-nun-auch-in-afrika-vertreten\/"},"wordCount":398,"publisher":{"@id":"https:\/\/mf.ag\/de\/#organization"},"image":{"@id":"https:\/\/mf.ag\/de\/artikel\/valtus-management-factory-und-valtus-alliance-nun-auch-in-afrika-vertreten\/#primaryimage"},"thumbnailUrl":"https:\/\/mf.ag\/wp-content\/uploads\/2026\/03\/Website-Bilder-Neu-2026-03-31T013230.536.png","keywords":["Interim Management","Valtus Alliance"],"articleSection":["Artikel"],"inLanguage":"de"},{"@type":"WebPage","@id":"https:\/\/mf.ag\/de\/artikel\/valtus-management-factory-und-valtus-alliance-nun-auch-in-afrika-vertreten\/","url":"https:\/\/mf.ag\/de\/artikel\/valtus-management-factory-und-valtus-alliance-nun-auch-in-afrika-vertreten\/","name":"VALTUS Management Factory und VALTUS ALLIANCE nun auch in Afrika vertreten. &#187; Management Factory","isPartOf":{"@id":"https:\/\/mf.ag\/de\/#website"},"primaryImageOfPage":{"@id":"https:\/\/mf.ag\/de\/artikel\/valtus-management-factory-und-valtus-alliance-nun-auch-in-afrika-vertreten\/#primaryimage"},"image":{"@id":"https:\/\/mf.ag\/de\/artikel\/valtus-management-factory-und-valtus-alliance-nun-auch-in-afrika-vertreten\/#primaryimage"},"thumbnailUrl":"https:\/\/mf.ag\/wp-content\/uploads\/2026\/03\/Website-Bilder-Neu-2026-03-31T013230.536.png","datePublished":"2026-03-31T06:00:00+00:00","dateModified":"2026-08-27T13:03:12+00:00","description":"Mit der Unterst\u00fctzung von Talent Network Global setzen die VALTUS Management Factory und die Valtus Alliance ihre Expansion nach S\u00fcdafrika.","breadcrumb":{"@id":"https:\/\/mf.ag\/de\/artikel\/valtus-management-factory-und-valtus-alliance-nun-auch-in-afrika-vertreten\/#breadcrumb"},"inLanguage":"de","potentialAction":[{"@type":"ReadAction","target":["https:\/\/mf.ag\/de\/artikel\/valtus-management-factory-und-valtus-alliance-nun-auch-in-afrika-vertreten\/"]}]},{"@type":"ImageObject","inLanguage":"de","@id":"https:\/\/mf.ag\/de\/artikel\/valtus-management-factory-und-valtus-alliance-nun-auch-in-afrika-vertreten\/#primaryimage","url":"https:\/\/mf.ag\/wp-content\/uploads\/2026\/03\/Website-Bilder-Neu-2026-03-31T013230.536.png","contentUrl":"https:\/\/mf.ag\/wp-content\/uploads\/2026\/03\/Website-Bilder-Neu-2026-03-31T013230.536.png","width":1920,"height":1080},{"@type":"BreadcrumbList","@id":"https:\/\/mf.ag\/de\/artikel\/valtus-management-factory-und-valtus-alliance-nun-auch-in-afrika-vertreten\/#breadcrumb","itemListElement":[{"@type":"ListItem","position":1,"name":"Home","item":"https:\/\/mf.ag\/de\/"},{"@type":"ListItem","position":2,"name":"VALTUS Management Factory und VALTUS ALLIANCE nun auch in Afrika vertreten."}]},{"@type":"WebSite","@id":"https:\/\/mf.ag\/de\/#website","url":"https:\/\/mf.ag\/de\/","name":"VALTUS Management Factory","description":"Mit Executive Interim Management und Financial Advisory das Gesch\u00e4ft voranbringen","publisher":{"@id":"https:\/\/mf.ag\/de\/#organization"},"potentialAction":[{"@type":"SearchAction","target":{"@type":"EntryPoint","urlTemplate":"https:\/\/mf.ag\/de\/?s={search_term_string}"},"query-input":{"@type":"PropertyValueSpecification","valueRequired":true,"valueName":"search_term_string"}}],"inLanguage":"de"},{"@type":"Organization","@id":"https:\/\/mf.ag\/de\/#organization","name":"VALTUS Management Factory","url":"https:\/\/mf.ag\/de\/","logo":{"@type":"ImageObject","inLanguage":"de","@id":"https:\/\/mf.ag\/de\/#\/schema\/logo\/image\/","url":"","contentUrl":"","caption":"VALTUS Management Factory"},"image":{"@id":"https:\/\/mf.ag\/de\/#\/schema\/logo\/image\/"}},{"@type":"Person","@id":"https:\/\/mf.ag\/de\/#\/schema\/person\/1b1a766599b72b46cce17aecef0a2280","name":"VALTUS Management Factory","image":{"@type":"ImageObject","inLanguage":"de","@id":"https:\/\/secure.gravatar.com\/avatar\/2e920f1a23e073db8a64336053afe342ca0876d1bcaeba2cb8be10b4812cf9de?s=96&r=g","url":"https:\/\/secure.gravatar.com\/avatar\/2e920f1a23e073db8a64336053afe342ca0876d1bcaeba2cb8be10b4812cf9de?s=96&r=g","contentUrl":"https:\/\/secure.gravatar.com\/avatar\/2e920f1a23e073db8a64336053afe342ca0876d1bcaeba2cb8be10b4812cf9de?s=96&r=g","caption":"VALTUS Management Factory"},"description":"VALTUS Management Factory ist ein f\u00fchrendes Unternehmen f\u00fcr Executive Interim Management, Financial Advisory und Restrukturierung in \u00d6sterreich und unterst\u00fctzt Organisationen in Transformations-, Wachstums- und Krisensituationen mit erfahrenen F\u00fchrungspers\u00f6nlichkeiten. Als Teil der internationalen Valtus Group verbindet das Unternehmen operative Umsetzungskompetenz mit globaler Management- und Restrukturierungsexpertise.","url":"https:\/\/mf.ag\/de\/author\/managementfactory\/"}]}},"_links":{"self":[{"href":"https:\/\/mf.ag\/de\/wp-json\/wp\/v2\/posts\/66169","targetHints":{"allow":["GET"]}}],"collection":[{"href":"https:\/\/mf.ag\/de\/wp-json\/wp\/v2\/posts"}],"about":[{"href":"https:\/\/mf.ag\/de\/wp-json\/wp\/v2\/types\/post"}],"author":[{"embeddable":true,"href":"https:\/\/mf.ag\/de\/wp-json\/wp\/v2\/users\/32"}],"replies":[{"embeddable":true,"href":"https:\/\/mf.ag\/de\/wp-json\/wp\/v2\/comments?post=66169"}],"version-history":[{"count":4,"href":"https:\/\/mf.ag\/de\/wp-json\/wp\/v2\/posts\/66169\/revisions"}],"predecessor-version":[{"id":68679,"href":"https:\/\/mf.ag\/de\/wp-json\/wp\/v2\/posts\/66169\/revisions\/68679"}],"wp:featuredmedia":[{"embeddable":true,"href":"https:\/\/mf.ag\/de\/wp-json\/wp\/v2\/media\/66176"}],"wp:attachment":[{"href":"https:\/\/mf.ag\/de\/wp-json\/wp\/v2\/media?parent=66169"}],"wp:term":[{"taxonomy":"category","embeddable":true,"href":"https:\/\/mf.ag\/de\/wp-json\/wp\/v2\/categories?post=66169"},{"taxonomy":"post_tag","embeddable":true,"href":"https:\/\/mf.ag\/de\/wp-json\/wp\/v2\/tags?post=66169"}],"curies":[{"name":"wp","href":"https:\/\/api.w.org\/{rel}","templated":true}]}}