{"id":64865,"date":"2026-01-11T09:50:48","date_gmt":"2026-01-11T08:50:48","guid":{"rendered":"https:\/\/mf.ag\/?p=64865"},"modified":"2026-01-13T16:27:27","modified_gmt":"2026-01-13T15:27:27","slug":"leading-change-when-it-matters-most-ein-interview-mit-simon-frei-ueber-die-zukunft-des-executive-interim-managements-in-der-schweiz","status":"publish","type":"post","link":"https:\/\/mf.ag\/de\/artikel\/leading-change-when-it-matters-most-ein-interview-mit-simon-frei-ueber-die-zukunft-des-executive-interim-managements-in-der-schweiz\/","title":{"rendered":"Leading change when it matters most: Ein Interview mit Simon Frei \u00fcber die Zukunft des Executive Interim Managements in der Schweiz"},"content":{"rendered":"\n<p>Die Schweiz gilt als einer der stabilsten und zugleich anspruchsvollsten Wirtschaftsstandorte Europas. Hohe Qualit\u00e4tsstandards, ausgepr\u00e4gte Governance-Strukturen und ein wettbewerbsintensives Marktumfeld pr\u00e4gen den unternehmerischen Alltag. Gerade in Zeiten von Transformation, Restrukturierung oder personellen \u00dcbergangsphasen hat <a href=\"https:\/\/mf.ag\/de\/executive-interim-management\/\">Executive Interim Management<\/a> eine hohe strategische Bedeutung.<\/p>\n\n\n\n<p>Mit dem Kauf von <a href=\"https:\/\/fspartners.ch\/\" target=\"_blank\" rel=\"noreferrer noopener\">FS Partners<\/a> durch die internationale <a href=\"https:\/\/valtusgroup.com\/\">Valtus Gruppe<\/a> wurde j\u00fcngst ein klares Signal gesetzt: Die Schweiz ist nicht nur ein eigenst\u00e4ndiger Markt, sondern ein zentraler Baustein f\u00fcr den weiteren Ausbau des europ\u00e4ischen Interim-Leadership-Netzwerks von Valtus mit einer starker Positionierung im DACH-Raum.<\/p>\n\n\n\n<p>Vor diesem Hintergrund spricht <a href=\"https:\/\/mf.ag\/de\/roman-benedetto\/\" target=\"_blank\" rel=\"noreferrer noopener\">Roman Benedetto,<\/a> Partner der Management Factory, mit <a href=\"https:\/\/www.linkedin.com\/in\/cfo-interim\/\" target=\"_blank\" rel=\"noreferrer noopener\">Simon Frei<\/a>, Managing Partner von FS Partners, \u00fcber Marktentwicklungen, unternehmerische Haltung und die Zukunft des Executive Interim Managements in der Schweiz.<\/p>\n\n\n\n<h3 class=\"wp-block-heading\" id=\"h-simon-fs-partners-hat-sich-im-schweizer-interim-management-markt-klar-positioniert-wie-wurdest-du-euer-unternehmen-beschreiben\">Simon, FS Partners hat sich im Schweizer Interim-Management-Markt klar positioniert. Wie w\u00fcrdest du euer Unternehmen beschreiben?<\/h3>\n\n\n\n<p>FS Partners ist eine Schweizer Boutique-Beratung mit klarem Fokus auf <a href=\"https:\/\/mf.ag\/de\/interim-manager\/\">Interim Management<\/a> und strategische Transformationsbegleitung \u2013 insbesondere im Finanzumfeld. Wir unterst\u00fctzen Unternehmen in entscheidenden Phasen wie Restrukturierungen, F\u00fchrungswechseln oder komplexen Transformationsprojekten, indem wir sehr erfahrene Interim Executives bereitstellen, h\u00e4ufig in <a href=\"https:\/\/mf.ag\/de\/interim-cfo\/\">CFO-<\/a> oder finanznahen Rollen.<br>Seit unserer Gr\u00fcndung im Jahr 2009 haben wir \u00fcber 550 Projekte realisiert und mit mehr als 450 Kunden zusammengearbeitet.<\/p>\n\n\n\n<h3 class=\"wp-block-heading\" id=\"h-wie-ist-fs-partners-entstanden\">Wie ist FS Partners entstanden?<\/h3>\n\n\n\n<p>Mein eigener beruflicher Werdegang war daf\u00fcr ausschlaggebend. Ich habe klassisch mit einer kaufm\u00e4nnischen Lehre begonnen, parallel berufsbegleitend ein MBA-Studium absolviert und lange als Controller und sp\u00e4ter als CFO in internationalen Unternehmen gearbeitet \u2013 unter anderem als CFO Asia f\u00fcr <a href=\"https:\/\/www.oerlikon.com\/de\/ueber-uns\/standorte\/oerlikon-in-china\/\" target=\"_blank\" rel=\"noreferrer noopener\">Oerlikon in China<\/a>.<br>Irgendwann wurde mir klar, dass der klassische Corporate-Weg f\u00fcr mich abgeschlossen war. Daraus entstand 2009 FS Partners \u2013 zun\u00e4chst mit dem Ziel, mich selbst als Interim-CFO und Projektleiter anzubieten.<\/p>\n\n\n\n<h3 class=\"wp-block-heading\" id=\"h-fs-partners-war-also-zunachst-ein-ein-mann-unternehmen\">FS Partners war also zun\u00e4chst ein Ein-Mann-Unternehmen?<\/h3>\n\n\n\n<p>Ja, rund zehn Jahre lang war ich \u00fcberwiegend selbst im Einsatz. Doch die Nachfrage nach hochqualifizierter und flexibler Unterst\u00fctzung im Finanzbereich stieg kontinuierlich. Unternehmen suchten gezielt nach erfahrenen F\u00fchrungspers\u00f6nlichkeiten auf Zeit.<br>So begann ich, ein Netzwerk ausgew\u00e4hlter Finanzexperten aufzubauen. Ab diesem Moment entwickelte sich FS Partners dynamisch weiter.<\/p>\n\n\n\n<h3 class=\"wp-block-heading\" id=\"h-was-unterscheidet-fs-partners-in-einem-reifen-markt-wie-der-schweiz-von-anderen-anbietern\">Was unterscheidet FS Partners in einem reifen Markt wie der Schweiz von anderen Anbietern?<\/h3>\n\n\n\n<p>Unsere klare Spezialisierung und unsere inhaltliche Tiefe. Wir konzentrieren uns bewusst auf Finanz- und Transformationsfunktionen. Durch meine eigene CFO-Erfahrung kenne ich die Erwartungen und Herausforderungen unserer Kund:innen sehr genau \u2013 das ist ein entscheidender Vorteil bei der Auswahl passender Interim Executives.<br>Zudem arbeiten wir sehr pers\u00f6nlich, pragmatisch und nahe am Mandat \u2013 diese Boutique-DNA pr\u00e4gt uns bis heute.<\/p>\n\n\n\n<h3 class=\"wp-block-heading\" id=\"h-wie-hat-sich-euer-leistungsangebot-uber-die-jahre-entwickelt\">Wie hat sich euer Leistungsangebot \u00fcber die Jahre entwickelt?<\/h3>\n\n\n\n<p>Anfangs lag unser Fokus nahezu ausschlie\u00dflich auf Finanz- und CFO-Rollen. Heute verf\u00fcgen wir \u00fcber einen sehr effizienten Pool von rund 100 Interim Professionals, von denen j\u00e4hrlich 70 bis 80 aktiv im Einsatz sind. Diese hohe Einsatzquote spricht sowohl f\u00fcr die Qualit\u00e4t unserer Expert:innen als auch f\u00fcr das Vertrauen unserer Kund:innen.<br>Der Beitritt zur Valtus Gruppe und zur <a href=\"https:\/\/www.linkedin.com\/company\/valtusalliance\/posts\/?feedView=all\" target=\"_blank\" rel=\"noreferrer noopener\">Valtus Alliance<\/a> war dabei ein echter Gamechanger: Er erm\u00f6glicht es uns, unser Angebot auch auf Rollen wie <a href=\"https:\/\/mf.ag\/de\/interim-ceo\/\">CEO<\/a>, <a href=\"https:\/\/mf.ag\/de\/interim-cio-it-managerin\/\">CIO<\/a> oder <a href=\"https:\/\/mf.ag\/de\/herzliche-willkommen-bei-hr-interim-managment\/\">HR<\/a> auszuweiten.<\/p>\n\n\n\n<h3 class=\"wp-block-heading\" id=\"h-wie-erlebst-du-die-integration-einer-schweizer-boutique-in-eine-internationale-gruppe\">Wie erlebst du die Integration einer Schweizer Boutique in eine internationale Gruppe?<\/h3>\n\n\n\n<p>Das ist eine bewusste Balance. Einerseits er\u00f6ffnet uns die Zugeh\u00f6rigkeit zu <a href=\"https:\/\/www.valtus.fr\/\" target=\"_blank\" rel=\"noreferrer noopener\">Valtus<\/a> neue Reichweiten und internationale Mandate \u2013 das erste gemeinsame Projekt mit <a href=\"https:\/\/www.valtus.de\/\" target=\"_blank\" rel=\"noreferrer noopener\">Valtus Deutschland<\/a> l\u00e4uft bereits. Andererseits ist es uns extrem wichtig, unsere Schweizer Identit\u00e4t zu bewahren. Unser pers\u00f6nlicher, ma\u00dfgeschneiderter Ansatz ist das, was unsere Kund:innen sch\u00e4tzen. Genau dieses \u201egewisse Etwas\u201c wollen wir auch im Wachstum erhalten.<\/p>\n\n\n\n<h3 class=\"wp-block-heading\" id=\"h-wie-entwickelt-sich-der-interim-management-markt-in-der-schweiz-aus-deiner-sicht\">Wie entwickelt sich der Interim-Management-Markt in der Schweiz aus deiner Sicht?<\/h3>\n\n\n\n<p>Der Markt ist reif und wettbewerbsintensiv, insbesondere in der Deutschschweiz. Es gibt einige gro\u00dfe Anbieter auf C-Level. Unser Kerngesch\u00e4ft bleibt klar das Finanz-Interim-Management \u2013 das ist unser t\u00e4gliches Fundament.<br>Gleichzeitig beobachten wir einen deutlichen Mentalit\u00e4tswandel. Immer mehr Fach- und F\u00fchrungskr\u00e4fte, auch aus j\u00fcngeren Generationen, entscheiden sich bewusst f\u00fcr das Interim-Modell, um flexibler und unabh\u00e4ngiger zu arbeiten. Interim Management ist in der Schweiz fest etabliert \u2013 Unternehmen erkennen den Mehrwert erfahrener F\u00fchrung auf Zeit sehr klar.<\/p>\n\n\n\n<h3 class=\"wp-block-heading\" id=\"h-ihr-seid-aktuell-vor-allem-in-der-deutschschweiz-aktiv-das-soll-sich-andern\">Ihr seid aktuell vor allem in der Deutschschweiz aktiv \u2013 das soll sich \u00e4ndern?<\/h3>\n\n\n\n<p>Ja, wir expandieren gezielt in die Westschweiz. Diese Region hat ihre eigene Kultur, Sprache und Gesch\u00e4ftsdynamik. Um dort erfolgreich zu sein, braucht es Pr\u00e4senz. Deshalb er\u00f6ffnen wir ein eigenes B\u00fcro, um franz\u00f6sischsprachige Kund:innen und Kandidat:innen optimal betreuen zu k\u00f6nnen.<\/p>\n\n\n\n<h3 class=\"wp-block-heading\" id=\"h-wann-ist-aus-deiner-sicht-der-richtige-zeitpunkt-fur-den-einsatz-eines-interim-managers-einer-interim-managerin\">Wann ist aus deiner Sicht der richtige Zeitpunkt f\u00fcr den Einsatz eines Interim Managers \/ einer Interim Managerin?<\/h3>\n\n\n\n<p>Immer dann, wenn rascher Handlungsbedarf besteht \u2013 etwa bei einer Vakanz, einem Transformationsprojekt oder einem unerwarteten Abgang. Unsere Kund:innen erhalten innerhalb von rund 20 Stunden passende Profile, sodass Mandate sozusagen in Echtzeit starten k\u00f6nnen. Interim Manager:innen sind objektiv, erfahren und nicht in interne Strukturen verhaftet. Sie steuern Ver\u00e4nderungen effektiv \u2013 und gehen wieder, wenn der Auftrag erf\u00fcllt ist. Das macht das Modell so effizient.<\/p>\n\n\n\n<h3 class=\"wp-block-heading\" id=\"h-wohin-geht-die-reise-fur-fs-partners\">Wohin geht die Reise f\u00fcr FS Partners?<\/h3>\n\n\n\n<p>Unser Fokus liegt darauf, gemeinsam mit <a href=\"https:\/\/www.valtus.de\/\" target=\"_blank\" rel=\"noreferrer noopener\">Valtus Germany<\/a> und <a href=\"http:\/\/www.mf.ag\" target=\"_blank\" rel=\"noreferrer noopener\">Management Factory<\/a> im DACH-Raum weiter zu wachsen \u2013 in der Schweiz, in \u00d6sterreich und in Deutschland \u2013 ohne dabei aber unsere Boutique-St\u00e4rke zu verlieren. Wir wollen agil, pers\u00f6nlich und kompromisslos qualit\u00e4tsorientiert bleiben. Cross-Border-Mandate nehmen bereits deutlich zu, was sehr spannend ist. In der Schweiz wollen wir unsere Position als f\u00fchrender Partner f\u00fcr Interim Leadership weiter ausbauen.<\/p>\n\n\n\n<h3 class=\"wp-block-heading\">Schlussgedanken: Interim Leadership als strategischer Erfolgsfaktor<\/h3>\n\n\n\n<p>Das Gespr\u00e4ch mit Simon Frei macht deutlich: Executive Interim Management ist in der Schweiz l\u00e4ngst mehr als eine kurzfristige \u00dcberbr\u00fcckungsl\u00f6sung. In einem Markt, der von Stabilit\u00e4t, Pr\u00e4zision und hoher unternehmerischer Verantwortung gepr\u00e4gt ist, braucht es F\u00fchrungspers\u00f6nlichkeiten, die in entscheidenden Momenten Orientierung geben, Komplexit\u00e4t reduzieren und Ver\u00e4nderung konsequent vorantreiben.<\/p>\n\n\n\n<p>Mit <a href=\"https:\/\/fspartners.ch\/\" target=\"_blank\" rel=\"noreferrer noopener\">FS Partners<\/a> hat sich in der Schweiz eine Boutique etabliert, die genau diesen Anspruch lebt \u2013 mit tiefem Finanz-Know-how, ausgepr\u00e4gter Marktkenntnis und einem klaren Qualit\u00e4tsverst\u00e4ndnis. Die Integration in die <a href=\"https:\/\/valtusgroup.com\/\" target=\"_blank\" rel=\"noreferrer noopener\">Valtus Gruppe<\/a> er\u00f6ffnet dabei neue Perspektiven: grenz\u00fcberschreitende Mandate, erweiterte Rollenprofile und ein globales Verst\u00e4ndnis von Interim Leadership, das lokale St\u00e4rke mit internationaler Reichweite verbindet.<\/p>\n\n\n\n<p>Gerade im DACH-Raum zeigt sich, wie wichtig flexible, erfahrene F\u00fchrung auf Zeit geworden ist \u2013 sei es bei Transformationen, Restrukturierungen oder strategischen Neuausrichtungen. Unternehmen suchen nicht nur schnelle L\u00f6sungen, sondern verl\u00e4ssliche Partner, die Verantwortung \u00fcbernehmen, Vertrauen schaffen und nachhaltige Wirkung erzielen.<\/p>\n\n\n\n<p><\/p>\n","protected":false},"excerpt":{"rendered":"<p>Die Schweiz gilt als einer der stabilsten und zugleich anspruchsvollsten Wirtschaftsstandorte Europas. Hohe Qualit\u00e4tsstandards, ausgepr\u00e4gte Governance-Strukturen und ein wettbewerbsintensives Marktumfeld pr\u00e4gen den unternehmerischen Alltag. Gerade in Zeiten von Transformation, Restrukturierung oder personellen \u00dcbergangsphasen hat Executive Interim Management eine hohe strategische Bedeutung. Mit dem Kauf von FS Partners durch die internationale Valtus Gruppe wurde j\u00fcngst ein [&hellip;]<\/p>\n","protected":false},"author":32,"featured_media":64872,"comment_status":"closed","ping_status":"closed","sticky":false,"template":"","format":"standard","meta":{"inline_featured_image":false,"footnotes":""},"categories":[3268],"tags":[4136,3298,3377,3372,3994,3978,3374,3682,3919],"class_list":["post-64865","post","type-post","status-publish","format-standard","has-post-thumbnail","hentry","category-artikel","tag-boutique","tag-cfo-2","tag-executive-interim-management","tag-interim-management-3","tag-rent-a-cfo","tag-schweiz","tag-valtus-2","tag-valtus-alliance-2","tag-valtus-group-3"],"featured_image_urls_v2":{"full":["https:\/\/mf.ag\/wp-content\/uploads\/2026\/01\/Website-Bilder-Neu-2026-01-07T133028.167.png",1920,1080,false],"thumbnail":["https:\/\/mf.ag\/wp-content\/uploads\/2026\/01\/Website-Bilder-Neu-2026-01-07T133028.167-250x250.png",250,250,true],"medium":["https:\/\/mf.ag\/wp-content\/uploads\/2026\/01\/Website-Bilder-Neu-2026-01-07T133028.167-300x169.png",300,169,true],"medium_large":["https:\/\/mf.ag\/wp-content\/uploads\/2026\/01\/Website-Bilder-Neu-2026-01-07T133028.167-768x432.png",768,432,true],"large":["https:\/\/mf.ag\/wp-content\/uploads\/2026\/01\/Website-Bilder-Neu-2026-01-07T133028.167-1024x576.png",1024,576,true],"1536x1536":["https:\/\/mf.ag\/wp-content\/uploads\/2026\/01\/Website-Bilder-Neu-2026-01-07T133028.167-1536x864.png",1536,864,true],"2048x2048":["https:\/\/mf.ag\/wp-content\/uploads\/2026\/01\/Website-Bilder-Neu-2026-01-07T133028.167.png",1920,1080,false],"gform-image-choice-sm":["https:\/\/mf.ag\/wp-content\/uploads\/2026\/01\/Website-Bilder-Neu-2026-01-07T133028.167.png",300,169,false],"gform-image-choice-md":["https:\/\/mf.ag\/wp-content\/uploads\/2026\/01\/Website-Bilder-Neu-2026-01-07T133028.167.png",400,225,false],"gform-image-choice-lg":["https:\/\/mf.ag\/wp-content\/uploads\/2026\/01\/Website-Bilder-Neu-2026-01-07T133028.167.png",600,338,false],"profile_24":["https:\/\/mf.ag\/wp-content\/uploads\/2026\/01\/Website-Bilder-Neu-2026-01-07T133028.167-24x24.png",24,24,true],"profile_48":["https:\/\/mf.ag\/wp-content\/uploads\/2026\/01\/Website-Bilder-Neu-2026-01-07T133028.167-48x48.png",48,48,true],"profile_96":["https:\/\/mf.ag\/wp-content\/uploads\/2026\/01\/Website-Bilder-Neu-2026-01-07T133028.167-96x96.png",96,96,true],"profile_150":["https:\/\/mf.ag\/wp-content\/uploads\/2026\/01\/Website-Bilder-Neu-2026-01-07T133028.167-150x150.png",150,150,true],"profile_300":["https:\/\/mf.ag\/wp-content\/uploads\/2026\/01\/Website-Bilder-Neu-2026-01-07T133028.167-300x300.png",300,300,true]},"post_excerpt_stackable_v2":"<p>Die Schweiz gilt als einer der stabilsten und zugleich anspruchsvollsten Wirtschaftsstandorte Europas. Hohe Qualit\u00e4tsstandards, ausgepr\u00e4gte Governance-Strukturen und ein wettbewerbsintensives Marktumfeld pr\u00e4gen den unternehmerischen Alltag. Gerade in Zeiten von Transformation, Restrukturierung oder personellen \u00dcbergangsphasen hat Executive Interim Management eine hohe strategische Bedeutung. Mit dem Kauf von FS Partners durch die internationale Valtus Gruppe wurde j\u00fcngst ein klares Signal gesetzt: Die Schweiz ist nicht nur ein eigenst\u00e4ndiger Markt, sondern ein zentraler Baustein f\u00fcr den weiteren Ausbau des europ\u00e4ischen Interim-Leadership-Netzwerks von Valtus mit einer starker Positionierung im DACH-Raum. Vor diesem Hintergrund spricht Roman Benedetto, Partner der Management Factory, mit Simon Frei, Managing Partner&hellip;<\/p>\n","category_list_v2":"<a href=\"https:\/\/mf.ag\/de\/category\/artikel\/\" rel=\"category tag\">Artikel<\/a>","author_info_v2":{"name":"VALTUS Management Factory","url":"https:\/\/mf.ag\/de\/author\/managementfactory\/"},"comments_num_v2":"0 comments","yoast_head":"<!-- This site is optimized with the Yoast SEO Premium plugin v25.8 (Yoast SEO v27.5) - https:\/\/yoast.com\/product\/yoast-seo-premium-wordpress\/ -->\n<title>Leading change when it matters most: Ein Interview mit Simon Frei \u00fcber die Zukunft des Executive Interim Managements in der Schweiz &#187; Management Factory<\/title>\n<meta name=\"description\" content=\"Executive Interim Management in der Schweiz zeigt, wie Interim CEOs und Interim CFOs Unternehmen in entscheidenden Phasen unterst\u00fctzen.\" \/>\n<meta name=\"robots\" content=\"index, follow, max-snippet:-1, max-image-preview:large, max-video-preview:-1\" \/>\n<link rel=\"canonical\" href=\"https:\/\/mf.ag\/de\/artikel\/leading-change-when-it-matters-most-ein-interview-mit-simon-frei-ueber-die-zukunft-des-executive-interim-managements-in-der-schweiz\/\" \/>\n<meta property=\"og:locale\" content=\"de_DE\" \/>\n<meta property=\"og:type\" content=\"article\" \/>\n<meta property=\"og:title\" content=\"Leading change when it matters most: Ein Interview mit Simon Frei \u00fcber die Zukunft des Executive Interim Managements in der Schweiz\" \/>\n<meta property=\"og:description\" content=\"Executive Interim Management in der Schweiz zeigt, wie Interim CEOs und Interim CFOs Unternehmen in entscheidenden Phasen unterst\u00fctzen.\" \/>\n<meta property=\"og:url\" content=\"https:\/\/mf.ag\/de\/artikel\/leading-change-when-it-matters-most-ein-interview-mit-simon-frei-ueber-die-zukunft-des-executive-interim-managements-in-der-schweiz\/\" \/>\n<meta property=\"og:site_name\" content=\"Management Factory\" \/>\n<meta property=\"article:published_time\" content=\"2026-01-11T08:50:48+00:00\" \/>\n<meta property=\"article:modified_time\" content=\"2026-01-13T15:27:27+00:00\" \/>\n<meta property=\"og:image\" content=\"https:\/\/mf.ag\/wp-content\/uploads\/2026\/01\/Website-Bilder-Neu-2026-01-07T133028.167-1024x576.png\" \/>\n\t<meta property=\"og:image:width\" content=\"1024\" \/>\n\t<meta property=\"og:image:height\" content=\"576\" \/>\n\t<meta property=\"og:image:type\" content=\"image\/png\" \/>\n<meta name=\"author\" content=\"VALTUS Management Factory\" \/>\n<meta name=\"twitter:card\" content=\"summary_large_image\" \/>\n<meta name=\"twitter:label1\" content=\"Verfasst von\" \/>\n\t<meta name=\"twitter:data1\" content=\"VALTUS Management Factory\" \/>\n\t<meta name=\"twitter:label2\" content=\"Gesch\u00e4tzte Lesezeit\" \/>\n\t<meta name=\"twitter:data2\" content=\"6\u00a0Minuten\" \/>\n<script type=\"application\/ld+json\" class=\"yoast-schema-graph\">{\"@context\":\"https:\\\/\\\/schema.org\",\"@graph\":[{\"@type\":\"Article\",\"@id\":\"https:\\\/\\\/mf.ag\\\/de\\\/artikel\\\/leading-change-when-it-matters-most-ein-interview-mit-simon-frei-ueber-die-zukunft-des-executive-interim-managements-in-der-schweiz\\\/#article\",\"isPartOf\":{\"@id\":\"https:\\\/\\\/mf.ag\\\/de\\\/artikel\\\/leading-change-when-it-matters-most-ein-interview-mit-simon-frei-ueber-die-zukunft-des-executive-interim-managements-in-der-schweiz\\\/\"},\"author\":{\"name\":\"VALTUS Management Factory\",\"@id\":\"https:\\\/\\\/mf.ag\\\/de\\\/#\\\/schema\\\/person\\\/1b1a766599b72b46cce17aecef0a2280\"},\"headline\":\"Leading change when it matters most: Ein Interview mit Simon Frei \u00fcber die Zukunft des Executive Interim Managements in der Schweiz\",\"datePublished\":\"2026-01-11T08:50:48+00:00\",\"dateModified\":\"2026-01-13T15:27:27+00:00\",\"mainEntityOfPage\":{\"@id\":\"https:\\\/\\\/mf.ag\\\/de\\\/artikel\\\/leading-change-when-it-matters-most-ein-interview-mit-simon-frei-ueber-die-zukunft-des-executive-interim-managements-in-der-schweiz\\\/\"},\"wordCount\":1090,\"publisher\":{\"@id\":\"https:\\\/\\\/mf.ag\\\/de\\\/#organization\"},\"image\":{\"@id\":\"https:\\\/\\\/mf.ag\\\/de\\\/artikel\\\/leading-change-when-it-matters-most-ein-interview-mit-simon-frei-ueber-die-zukunft-des-executive-interim-managements-in-der-schweiz\\\/#primaryimage\"},\"thumbnailUrl\":\"https:\\\/\\\/mf.ag\\\/wp-content\\\/uploads\\\/2026\\\/01\\\/Website-Bilder-Neu-2026-01-07T133028.167.png\",\"keywords\":[\"Boutique\",\"CFO\",\"Executive Interim Management\",\"Interim Management\",\"Rent a CFO\",\"Schweiz\",\"Valtus\",\"Valtus Alliance\",\"Valtus Group\"],\"articleSection\":[\"Artikel\"],\"inLanguage\":\"de\"},{\"@type\":\"WebPage\",\"@id\":\"https:\\\/\\\/mf.ag\\\/de\\\/artikel\\\/leading-change-when-it-matters-most-ein-interview-mit-simon-frei-ueber-die-zukunft-des-executive-interim-managements-in-der-schweiz\\\/\",\"url\":\"https:\\\/\\\/mf.ag\\\/de\\\/artikel\\\/leading-change-when-it-matters-most-ein-interview-mit-simon-frei-ueber-die-zukunft-des-executive-interim-managements-in-der-schweiz\\\/\",\"name\":\"Leading change when it matters most: Ein Interview mit Simon Frei \u00fcber die Zukunft des Executive Interim Managements in der Schweiz &#187; Management Factory\",\"isPartOf\":{\"@id\":\"https:\\\/\\\/mf.ag\\\/de\\\/#website\"},\"primaryImageOfPage\":{\"@id\":\"https:\\\/\\\/mf.ag\\\/de\\\/artikel\\\/leading-change-when-it-matters-most-ein-interview-mit-simon-frei-ueber-die-zukunft-des-executive-interim-managements-in-der-schweiz\\\/#primaryimage\"},\"image\":{\"@id\":\"https:\\\/\\\/mf.ag\\\/de\\\/artikel\\\/leading-change-when-it-matters-most-ein-interview-mit-simon-frei-ueber-die-zukunft-des-executive-interim-managements-in-der-schweiz\\\/#primaryimage\"},\"thumbnailUrl\":\"https:\\\/\\\/mf.ag\\\/wp-content\\\/uploads\\\/2026\\\/01\\\/Website-Bilder-Neu-2026-01-07T133028.167.png\",\"datePublished\":\"2026-01-11T08:50:48+00:00\",\"dateModified\":\"2026-01-13T15:27:27+00:00\",\"description\":\"Executive Interim Management in der Schweiz zeigt, wie Interim CEOs und Interim CFOs Unternehmen in entscheidenden Phasen unterst\u00fctzen.\",\"breadcrumb\":{\"@id\":\"https:\\\/\\\/mf.ag\\\/de\\\/artikel\\\/leading-change-when-it-matters-most-ein-interview-mit-simon-frei-ueber-die-zukunft-des-executive-interim-managements-in-der-schweiz\\\/#breadcrumb\"},\"inLanguage\":\"de\",\"potentialAction\":[{\"@type\":\"ReadAction\",\"target\":[\"https:\\\/\\\/mf.ag\\\/de\\\/artikel\\\/leading-change-when-it-matters-most-ein-interview-mit-simon-frei-ueber-die-zukunft-des-executive-interim-managements-in-der-schweiz\\\/\"]}]},{\"@type\":\"ImageObject\",\"inLanguage\":\"de\",\"@id\":\"https:\\\/\\\/mf.ag\\\/de\\\/artikel\\\/leading-change-when-it-matters-most-ein-interview-mit-simon-frei-ueber-die-zukunft-des-executive-interim-managements-in-der-schweiz\\\/#primaryimage\",\"url\":\"https:\\\/\\\/mf.ag\\\/wp-content\\\/uploads\\\/2026\\\/01\\\/Website-Bilder-Neu-2026-01-07T133028.167.png\",\"contentUrl\":\"https:\\\/\\\/mf.ag\\\/wp-content\\\/uploads\\\/2026\\\/01\\\/Website-Bilder-Neu-2026-01-07T133028.167.png\",\"width\":1920,\"height\":1080},{\"@type\":\"BreadcrumbList\",\"@id\":\"https:\\\/\\\/mf.ag\\\/de\\\/artikel\\\/leading-change-when-it-matters-most-ein-interview-mit-simon-frei-ueber-die-zukunft-des-executive-interim-managements-in-der-schweiz\\\/#breadcrumb\",\"itemListElement\":[{\"@type\":\"ListItem\",\"position\":1,\"name\":\"Home\",\"item\":\"https:\\\/\\\/mf.ag\\\/de\\\/\"},{\"@type\":\"ListItem\",\"position\":2,\"name\":\"Leading change when it matters most: Ein Interview mit Simon Frei \u00fcber die Zukunft des Executive Interim Managements in der Schweiz\"}]},{\"@type\":\"WebSite\",\"@id\":\"https:\\\/\\\/mf.ag\\\/de\\\/#website\",\"url\":\"https:\\\/\\\/mf.ag\\\/de\\\/\",\"name\":\"Management Factory\",\"description\":\"Mit Executive Interim Management und Financial Advisory das Gesch\u00e4ft voranbringen\",\"publisher\":{\"@id\":\"https:\\\/\\\/mf.ag\\\/de\\\/#organization\"},\"potentialAction\":[{\"@type\":\"SearchAction\",\"target\":{\"@type\":\"EntryPoint\",\"urlTemplate\":\"https:\\\/\\\/mf.ag\\\/de\\\/?s={search_term_string}\"},\"query-input\":{\"@type\":\"PropertyValueSpecification\",\"valueRequired\":true,\"valueName\":\"search_term_string\"}}],\"inLanguage\":\"de\"},{\"@type\":\"Organization\",\"@id\":\"https:\\\/\\\/mf.ag\\\/de\\\/#organization\",\"name\":\"Management Factory\",\"url\":\"https:\\\/\\\/mf.ag\\\/de\\\/\",\"logo\":{\"@type\":\"ImageObject\",\"inLanguage\":\"de\",\"@id\":\"https:\\\/\\\/mf.ag\\\/de\\\/#\\\/schema\\\/logo\\\/image\\\/\",\"url\":\"\",\"contentUrl\":\"\",\"caption\":\"Management Factory\"},\"image\":{\"@id\":\"https:\\\/\\\/mf.ag\\\/de\\\/#\\\/schema\\\/logo\\\/image\\\/\"}},{\"@type\":\"Person\",\"@id\":\"https:\\\/\\\/mf.ag\\\/de\\\/#\\\/schema\\\/person\\\/1b1a766599b72b46cce17aecef0a2280\",\"name\":\"VALTUS Management Factory\",\"image\":{\"@type\":\"ImageObject\",\"inLanguage\":\"de\",\"@id\":\"https:\\\/\\\/secure.gravatar.com\\\/avatar\\\/2e920f1a23e073db8a64336053afe342ca0876d1bcaeba2cb8be10b4812cf9de?s=96&r=g\",\"url\":\"https:\\\/\\\/secure.gravatar.com\\\/avatar\\\/2e920f1a23e073db8a64336053afe342ca0876d1bcaeba2cb8be10b4812cf9de?s=96&r=g\",\"contentUrl\":\"https:\\\/\\\/secure.gravatar.com\\\/avatar\\\/2e920f1a23e073db8a64336053afe342ca0876d1bcaeba2cb8be10b4812cf9de?s=96&r=g\",\"caption\":\"VALTUS Management Factory\"},\"description\":\"VALTUS Management Factory ist ein f\u00fchrendes Unternehmen f\u00fcr Executive Interim Management, Financial Advisory und Restrukturierung in \u00d6sterreich und unterst\u00fctzt Organisationen in Transformations-, Wachstums- und Krisensituationen mit erfahrenen F\u00fchrungspers\u00f6nlichkeiten. Als Teil der internationalen Valtus Group verbindet das Unternehmen operative Umsetzungskompetenz mit globaler Management- und Restrukturierungsexpertise.\",\"url\":\"https:\\\/\\\/mf.ag\\\/de\\\/author\\\/managementfactory\\\/\"}]}<\/script>\n<!-- \/ Yoast SEO Premium plugin. -->","yoast_head_json":{"title":"Leading change when it matters most: Ein Interview mit Simon Frei \u00fcber die Zukunft des Executive Interim Managements in der Schweiz &#187; Management Factory","description":"Executive Interim Management in der Schweiz zeigt, wie Interim CEOs und Interim CFOs Unternehmen in entscheidenden Phasen unterst\u00fctzen.","robots":{"index":"index","follow":"follow","max-snippet":"max-snippet:-1","max-image-preview":"max-image-preview:large","max-video-preview":"max-video-preview:-1"},"canonical":"https:\/\/mf.ag\/de\/artikel\/leading-change-when-it-matters-most-ein-interview-mit-simon-frei-ueber-die-zukunft-des-executive-interim-managements-in-der-schweiz\/","og_locale":"de_DE","og_type":"article","og_title":"Leading change when it matters most: Ein Interview mit Simon Frei \u00fcber die Zukunft des Executive Interim Managements in der Schweiz","og_description":"Executive Interim Management in der Schweiz zeigt, wie Interim CEOs und Interim CFOs Unternehmen in entscheidenden Phasen unterst\u00fctzen.","og_url":"https:\/\/mf.ag\/de\/artikel\/leading-change-when-it-matters-most-ein-interview-mit-simon-frei-ueber-die-zukunft-des-executive-interim-managements-in-der-schweiz\/","og_site_name":"Management Factory","article_published_time":"2026-01-11T08:50:48+00:00","article_modified_time":"2026-01-13T15:27:27+00:00","og_image":[{"width":1024,"height":576,"url":"https:\/\/mf.ag\/wp-content\/uploads\/2026\/01\/Website-Bilder-Neu-2026-01-07T133028.167-1024x576.png","type":"image\/png"}],"author":"VALTUS Management Factory","twitter_card":"summary_large_image","twitter_misc":{"Verfasst von":"VALTUS Management Factory","Gesch\u00e4tzte Lesezeit":"6\u00a0Minuten"},"schema":{"@context":"https:\/\/schema.org","@graph":[{"@type":"Article","@id":"https:\/\/mf.ag\/de\/artikel\/leading-change-when-it-matters-most-ein-interview-mit-simon-frei-ueber-die-zukunft-des-executive-interim-managements-in-der-schweiz\/#article","isPartOf":{"@id":"https:\/\/mf.ag\/de\/artikel\/leading-change-when-it-matters-most-ein-interview-mit-simon-frei-ueber-die-zukunft-des-executive-interim-managements-in-der-schweiz\/"},"author":{"name":"VALTUS Management Factory","@id":"https:\/\/mf.ag\/de\/#\/schema\/person\/1b1a766599b72b46cce17aecef0a2280"},"headline":"Leading change when it matters most: Ein Interview mit Simon Frei \u00fcber die Zukunft des Executive Interim Managements in der Schweiz","datePublished":"2026-01-11T08:50:48+00:00","dateModified":"2026-01-13T15:27:27+00:00","mainEntityOfPage":{"@id":"https:\/\/mf.ag\/de\/artikel\/leading-change-when-it-matters-most-ein-interview-mit-simon-frei-ueber-die-zukunft-des-executive-interim-managements-in-der-schweiz\/"},"wordCount":1090,"publisher":{"@id":"https:\/\/mf.ag\/de\/#organization"},"image":{"@id":"https:\/\/mf.ag\/de\/artikel\/leading-change-when-it-matters-most-ein-interview-mit-simon-frei-ueber-die-zukunft-des-executive-interim-managements-in-der-schweiz\/#primaryimage"},"thumbnailUrl":"https:\/\/mf.ag\/wp-content\/uploads\/2026\/01\/Website-Bilder-Neu-2026-01-07T133028.167.png","keywords":["Boutique","CFO","Executive Interim Management","Interim Management","Rent a CFO","Schweiz","Valtus","Valtus Alliance","Valtus Group"],"articleSection":["Artikel"],"inLanguage":"de"},{"@type":"WebPage","@id":"https:\/\/mf.ag\/de\/artikel\/leading-change-when-it-matters-most-ein-interview-mit-simon-frei-ueber-die-zukunft-des-executive-interim-managements-in-der-schweiz\/","url":"https:\/\/mf.ag\/de\/artikel\/leading-change-when-it-matters-most-ein-interview-mit-simon-frei-ueber-die-zukunft-des-executive-interim-managements-in-der-schweiz\/","name":"Leading change when it matters most: Ein Interview mit Simon Frei \u00fcber die Zukunft des Executive Interim Managements in der Schweiz &#187; Management Factory","isPartOf":{"@id":"https:\/\/mf.ag\/de\/#website"},"primaryImageOfPage":{"@id":"https:\/\/mf.ag\/de\/artikel\/leading-change-when-it-matters-most-ein-interview-mit-simon-frei-ueber-die-zukunft-des-executive-interim-managements-in-der-schweiz\/#primaryimage"},"image":{"@id":"https:\/\/mf.ag\/de\/artikel\/leading-change-when-it-matters-most-ein-interview-mit-simon-frei-ueber-die-zukunft-des-executive-interim-managements-in-der-schweiz\/#primaryimage"},"thumbnailUrl":"https:\/\/mf.ag\/wp-content\/uploads\/2026\/01\/Website-Bilder-Neu-2026-01-07T133028.167.png","datePublished":"2026-01-11T08:50:48+00:00","dateModified":"2026-01-13T15:27:27+00:00","description":"Executive Interim Management in der Schweiz zeigt, wie Interim CEOs und Interim CFOs Unternehmen in entscheidenden Phasen unterst\u00fctzen.","breadcrumb":{"@id":"https:\/\/mf.ag\/de\/artikel\/leading-change-when-it-matters-most-ein-interview-mit-simon-frei-ueber-die-zukunft-des-executive-interim-managements-in-der-schweiz\/#breadcrumb"},"inLanguage":"de","potentialAction":[{"@type":"ReadAction","target":["https:\/\/mf.ag\/de\/artikel\/leading-change-when-it-matters-most-ein-interview-mit-simon-frei-ueber-die-zukunft-des-executive-interim-managements-in-der-schweiz\/"]}]},{"@type":"ImageObject","inLanguage":"de","@id":"https:\/\/mf.ag\/de\/artikel\/leading-change-when-it-matters-most-ein-interview-mit-simon-frei-ueber-die-zukunft-des-executive-interim-managements-in-der-schweiz\/#primaryimage","url":"https:\/\/mf.ag\/wp-content\/uploads\/2026\/01\/Website-Bilder-Neu-2026-01-07T133028.167.png","contentUrl":"https:\/\/mf.ag\/wp-content\/uploads\/2026\/01\/Website-Bilder-Neu-2026-01-07T133028.167.png","width":1920,"height":1080},{"@type":"BreadcrumbList","@id":"https:\/\/mf.ag\/de\/artikel\/leading-change-when-it-matters-most-ein-interview-mit-simon-frei-ueber-die-zukunft-des-executive-interim-managements-in-der-schweiz\/#breadcrumb","itemListElement":[{"@type":"ListItem","position":1,"name":"Home","item":"https:\/\/mf.ag\/de\/"},{"@type":"ListItem","position":2,"name":"Leading change when it matters most: Ein Interview mit Simon Frei \u00fcber die Zukunft des Executive Interim Managements in der Schweiz"}]},{"@type":"WebSite","@id":"https:\/\/mf.ag\/de\/#website","url":"https:\/\/mf.ag\/de\/","name":"Management Factory","description":"Mit Executive Interim Management und Financial Advisory das Gesch\u00e4ft voranbringen","publisher":{"@id":"https:\/\/mf.ag\/de\/#organization"},"potentialAction":[{"@type":"SearchAction","target":{"@type":"EntryPoint","urlTemplate":"https:\/\/mf.ag\/de\/?s={search_term_string}"},"query-input":{"@type":"PropertyValueSpecification","valueRequired":true,"valueName":"search_term_string"}}],"inLanguage":"de"},{"@type":"Organization","@id":"https:\/\/mf.ag\/de\/#organization","name":"Management Factory","url":"https:\/\/mf.ag\/de\/","logo":{"@type":"ImageObject","inLanguage":"de","@id":"https:\/\/mf.ag\/de\/#\/schema\/logo\/image\/","url":"","contentUrl":"","caption":"Management Factory"},"image":{"@id":"https:\/\/mf.ag\/de\/#\/schema\/logo\/image\/"}},{"@type":"Person","@id":"https:\/\/mf.ag\/de\/#\/schema\/person\/1b1a766599b72b46cce17aecef0a2280","name":"VALTUS Management Factory","image":{"@type":"ImageObject","inLanguage":"de","@id":"https:\/\/secure.gravatar.com\/avatar\/2e920f1a23e073db8a64336053afe342ca0876d1bcaeba2cb8be10b4812cf9de?s=96&r=g","url":"https:\/\/secure.gravatar.com\/avatar\/2e920f1a23e073db8a64336053afe342ca0876d1bcaeba2cb8be10b4812cf9de?s=96&r=g","contentUrl":"https:\/\/secure.gravatar.com\/avatar\/2e920f1a23e073db8a64336053afe342ca0876d1bcaeba2cb8be10b4812cf9de?s=96&r=g","caption":"VALTUS Management Factory"},"description":"VALTUS Management Factory ist ein f\u00fchrendes Unternehmen f\u00fcr Executive Interim Management, Financial Advisory und Restrukturierung in \u00d6sterreich und unterst\u00fctzt Organisationen in Transformations-, Wachstums- und Krisensituationen mit erfahrenen F\u00fchrungspers\u00f6nlichkeiten. Als Teil der internationalen Valtus Group verbindet das Unternehmen operative Umsetzungskompetenz mit globaler Management- und Restrukturierungsexpertise.","url":"https:\/\/mf.ag\/de\/author\/managementfactory\/"}]}},"_links":{"self":[{"href":"https:\/\/mf.ag\/de\/wp-json\/wp\/v2\/posts\/64865","targetHints":{"allow":["GET"]}}],"collection":[{"href":"https:\/\/mf.ag\/de\/wp-json\/wp\/v2\/posts"}],"about":[{"href":"https:\/\/mf.ag\/de\/wp-json\/wp\/v2\/types\/post"}],"author":[{"embeddable":true,"href":"https:\/\/mf.ag\/de\/wp-json\/wp\/v2\/users\/32"}],"replies":[{"embeddable":true,"href":"https:\/\/mf.ag\/de\/wp-json\/wp\/v2\/comments?post=64865"}],"version-history":[{"count":19,"href":"https:\/\/mf.ag\/de\/wp-json\/wp\/v2\/posts\/64865\/revisions"}],"predecessor-version":[{"id":65083,"href":"https:\/\/mf.ag\/de\/wp-json\/wp\/v2\/posts\/64865\/revisions\/65083"}],"wp:featuredmedia":[{"embeddable":true,"href":"https:\/\/mf.ag\/de\/wp-json\/wp\/v2\/media\/64872"}],"wp:attachment":[{"href":"https:\/\/mf.ag\/de\/wp-json\/wp\/v2\/media?parent=64865"}],"wp:term":[{"taxonomy":"category","embeddable":true,"href":"https:\/\/mf.ag\/de\/wp-json\/wp\/v2\/categories?post=64865"},{"taxonomy":"post_tag","embeddable":true,"href":"https:\/\/mf.ag\/de\/wp-json\/wp\/v2\/tags?post=64865"}],"curies":[{"name":"wp","href":"https:\/\/api.w.org\/{rel}","templated":true}]}}