{"id":64382,"date":"2025-11-25T11:46:25","date_gmt":"2025-11-25T10:46:25","guid":{"rendered":"https:\/\/mf.ag\/?p=64382"},"modified":"2026-01-23T09:55:30","modified_gmt":"2026-01-23T08:55:30","slug":"restrukturierungsstudie-zahl-der-restrukturierungsfaelle-in-oesterreich-wird-2026-weiter-steigen","status":"publish","type":"post","link":"https:\/\/mf.ag\/de\/artikel\/restrukturierungsstudie-zahl-der-restrukturierungsfaelle-in-oesterreich-wird-2026-weiter-steigen\/","title":{"rendered":"Restrukturierungsstudie: Zahl der\u00a0Restrukturierungsf\u00e4lle\u00a0in \u00d6sterreich\u00a0wird 2026\u00a0weiter steigen"},"content":{"rendered":"\n<p>Kaum eine Woche vergeht, in der nicht eine gro\u00dfe Insolvenz&nbsp;publik wird, neue Z\u00f6lle die Lieferketten st\u00f6ren oder&nbsp;tr\u00fcbe&nbsp;Wirtschaftsprognosen&nbsp;die Schlagzeilen dominieren. Die aktuell herausfordernde Lage&nbsp;f\u00fchrt f\u00fcr&nbsp;zahlreiche Unternehmen in \u00d6sterreich zu akutem Handlungs- und Restrukturierungsbedarf, um weiterhin wettbewerbsf\u00e4hig zu bleiben.&nbsp;Die Firmeninsolvenzen befinden sich weiterhin auf Rekordniveau und k\u00f6nnten das dritte Jahr in Folge einen H\u00f6chststand erreichen. \u00d6sterreich bleibt eines der EU-L\u00e4nder mit den niedrigsten Wachstumsraten. Die Produktivit\u00e4t entwickelt sich schwach und bleibt ein wachstumshemmender Faktor f\u00fcr die Wirtschaft.&nbsp;<\/p>\n\n\n\n<p>Angesichts dieser Entwicklungen stellt sich&nbsp;die Frage: Wie&nbsp;werden&nbsp;sich die Wirtschaft und die \u201e<a href=\"https:\/\/mf.ag\/de\/restrukturierung\/\">Restrukturierungslandschaft<\/a>\u201c in \u00d6sterreich im Jahr 2026 entwickeln? Welche Branchen werden besonders betroffen sein? Welche Ma\u00dfnahmen&nbsp;m\u00fcssen jetzt rasch&nbsp;umgesetzt werden? Und wie k\u00f6nnen sich Unternehmen bestm\u00f6glich auf zuk\u00fcnftige externe Schocks&nbsp;wie&nbsp;h\u00f6here Z\u00f6lle, geopolitische Konflikte, steigende Preise&nbsp;oder \u00c4hnliches&nbsp;vorbereiten?&nbsp;<\/p>\n\n\n\n<p>Um diese Fragen fundiert zu beantworten, hat die Management Factory&nbsp;bei&nbsp;<a href=\"https:\/\/makam.at\/\" target=\"_blank\" rel=\"noreferrer noopener\">Makam&nbsp;Research<\/a>&nbsp;eine \u00f6sterreichweite Restrukturierungsstudie&nbsp;in Auftrag gegeben, f\u00fcr die&nbsp;rund 300 f\u00fchrende Expertinnen und Experten aus dem Restrukturierungsumfeld befragt&nbsp;wurden. Die Teilnehmenden&nbsp;stammen aus dem&nbsp;Banksektor,&nbsp;dem juristischen oder Consulting-Bereich oder sind in Top-F\u00fchrungspositionen t\u00e4tig. Sie wurden zu ihren&nbsp;Einsch\u00e4tzungen&nbsp;zu folgenden Themenbereichen&nbsp;gebeten:&nbsp;<\/p>\n\n\n\n<ol class=\"wp-block-list\">\n<li>Wie entwickeln&nbsp;sich die Wirtschaft und das Restrukturierungsumfeld 2026 im Vergleich zu 2025?&nbsp;<\/li>\n\n\n\n<li>Welche Branchen&nbsp;werden&nbsp;am st\u00e4rksten betroffen sein \u2013 und welche Ma\u00dfnahmen werden dort voraussichtlich umgesetzt?&nbsp;<\/li>\n\n\n\n<li>Welche Faktoren&nbsp;f\u00fchren&nbsp;am h\u00e4ufigsten zu Restrukturierungsf\u00e4llen?&nbsp;<\/li>\n\n\n\n<li>Sind Unternehmen ausreichend auf externe Schocks vorbereitet \u2013 und welche Ma\u00dfnahmen verbessern die Resilienz am besten?&nbsp;<\/li>\n<\/ol>\n\n\n\n<h4 class=\"wp-block-heading\" id=\"h-hier-nbsp-die-zentralen-ergebnisse-dieser-befragung-nbsp\">Hier&nbsp;die zentralen Ergebnisse dieser Befragung:&nbsp;<\/h4>\n\n\n\n<h3 class=\"wp-block-heading\" id=\"h-1-nbsp-wie-werden-nbsp-sich-die-nbsp-restrukturierungslandschaft-und-nbsp-das-nbsp-wirtschaftswachstum-nbsp-in-nbsp-osterreich-2026-entwickeln-nbsp\">1.&nbsp;Wie werden&nbsp;sich die&nbsp;Restrukturierungslandschaft und&nbsp;das&nbsp;Wirtschaftswachstum&nbsp;in&nbsp;\u00d6sterreich 2026 entwickeln?&nbsp;<\/h3>\n\n\n\n<p>Die \u00f6sterreichische Volkswirtschaft hat mit 2023 und 2024 zwei Rezessionsjahre in Folge hinter sich. Laut einer Sch\u00e4tzung der&nbsp;\u00d6sterreichischen Nationalbank&nbsp;im September 2025 wird das Wirtschaftswachstum auch 2025 lediglich bei +0,3 % des BIP liegen. Auch im internationalen Vergleich ist Pessimismus angebracht: Fast zwei Drittel der Befragten gehen davon aus, dass die Anzahl an Restrukturierungen&nbsp;im kommenden Jahr in \u00d6sterreich h\u00f6her sein wird als im EU-Vergleich.&nbsp;<\/p>\n\n\n\n<p>Relativ einig&nbsp;sind sich die Expertinnen und Experten in einem Punkt: Die Zahl der Restrukturierungsf\u00e4lle wird innerhalb der n\u00e4chsten 12 Monate steigen. Fast 40 % rechnen sogar mit einem deutlichen Anstieg, w\u00e4hrend nur 1 % von einem R\u00fcckgang ausgeht.&nbsp;<\/p>\n\n\n\n<figure class=\"wp-block-image size-large\"><img loading=\"lazy\" decoding=\"async\" width=\"1024\" height=\"320\" src=\"https:\/\/mf.ag\/wp-content\/uploads\/2025\/12\/Restrukturierungsstudie-2025-Einladung-zur-Teilnahme-27-1024x320.png\" alt=\"\" class=\"wp-image-64519\" srcset=\"https:\/\/mf.ag\/wp-content\/uploads\/2025\/12\/Restrukturierungsstudie-2025-Einladung-zur-Teilnahme-27-1024x320.png 1024w, https:\/\/mf.ag\/wp-content\/uploads\/2025\/12\/Restrukturierungsstudie-2025-Einladung-zur-Teilnahme-27-300x94.png 300w, https:\/\/mf.ag\/wp-content\/uploads\/2025\/12\/Restrukturierungsstudie-2025-Einladung-zur-Teilnahme-27-768x240.png 768w, https:\/\/mf.ag\/wp-content\/uploads\/2025\/12\/Restrukturierungsstudie-2025-Einladung-zur-Teilnahme-27-1536x480.png 1536w, https:\/\/mf.ag\/wp-content\/uploads\/2025\/12\/Restrukturierungsstudie-2025-Einladung-zur-Teilnahme-27.png 1920w\" sizes=\"auto, (max-width: 1024px) 100vw, 1024px\" \/><\/figure>\n\n\n\n<p>Als&nbsp;Risikofaktor&nbsp;f\u00fcr die wirtschaftliche Entwicklung&nbsp;nennt&nbsp;fast die H\u00e4lfte&nbsp;der&nbsp;Expert:innen&nbsp;B\u00fcrokratie &amp; regulatorische Anforderungen&nbsp;(48 %).&nbsp;Daneben sind die&nbsp;Entwicklung der&nbsp;Personalkosten&nbsp;(44 %)&nbsp;sowie Handelskonflikte und Z\u00f6lle&nbsp;(39 %)&nbsp;die h\u00e4ufigsten&nbsp;genannten&nbsp;Faktoren.&nbsp;<\/p>\n\n\n\n<p class=\"has-text-align-center\"><em><strong><span style=\"color: #222f42;\" class=\"stk-highlight\">Mehr als 80 % aller Befragten&nbsp;erwarten, dass die&nbsp;Zahl&nbsp;der&nbsp;Restrukturierungsf\u00e4lle&nbsp;im Jahr 2026&nbsp;deutlich oder&nbsp;zumindest&nbsp;etwas zunehmen&nbsp;wird. 48% sehen B\u00fcrokratie &amp; regulatorische Anforderungen als Treiber f\u00fcr die Risiken in der wirtschaftlichen Entwicklung.<\/span><\/strong><\/em><\/p>\n\n\n\n<figure class=\"wp-block-image size-large\"><img loading=\"lazy\" decoding=\"async\" width=\"1024\" height=\"576\" src=\"https:\/\/mf.ag\/wp-content\/uploads\/2025\/11\/Website-Bilder-Neu-2025-11-21T154746.346-1024x576.png\" alt=\"\" class=\"wp-image-64482\" srcset=\"https:\/\/mf.ag\/wp-content\/uploads\/2025\/11\/Website-Bilder-Neu-2025-11-21T154746.346-1024x576.png 1024w, https:\/\/mf.ag\/wp-content\/uploads\/2025\/11\/Website-Bilder-Neu-2025-11-21T154746.346-300x169.png 300w, https:\/\/mf.ag\/wp-content\/uploads\/2025\/11\/Website-Bilder-Neu-2025-11-21T154746.346-768x432.png 768w, https:\/\/mf.ag\/wp-content\/uploads\/2025\/11\/Website-Bilder-Neu-2025-11-21T154746.346-1536x864.png 1536w, https:\/\/mf.ag\/wp-content\/uploads\/2025\/11\/Website-Bilder-Neu-2025-11-21T154746.346.png 1920w\" sizes=\"auto, (max-width: 1024px) 100vw, 1024px\" \/><\/figure>\n\n\n\n<h3 class=\"wp-block-heading\" id=\"h-2-welche-branchen-werden-hohen-restrukturierungsbedarf-haben-und-welche-restrukturierungsmassnahmen-sollten-primar-umgesetzt-werden-nbsp\">2. Welche Branchen werden hohen Restrukturierungsbedarf haben? Und welche Restrukturierungsma\u00dfnahmen sollten prim\u00e4r umgesetzt werden?&nbsp;<\/h3>\n\n\n\n<p>Ziemlich eindeutig\u202ffiel die Einsch\u00e4tzung der Expertinnen und Experten hinsichtlich der Branchen mit dem gr\u00f6\u00dften Restrukturierungsbedarf aus. 83 %\u202fnannten\u202fdie Automobilindustrie,\u202f53 % w\u00e4hlten&nbsp;hier&nbsp;\u201egr\u00f6\u00dften\u201c und\u202f21 % \u201ezweith\u00f6chsten\u201c Bedarf, der Rest entfiel auf \u201edrittgr\u00f6\u00dften\u201c Bedarf.&nbsp;Dahinter folgen die produzierende Industrie (16 % w\u00e4hlten \u201egr\u00f6\u00dften\u201c und 37 % \u201ezweith\u00f6chsten\u201c Bedarf) sowie das Bauwesen (12 % \u201egr\u00f6\u00dften\u201c und 11 % \u201ezweith\u00f6chsten\u201c Bedarf)\u202fund der Einzelhandel\u202f(5 % \u201egr\u00f6\u00dften\u201c und 11 % \u201ezweith\u00f6chsten\u201c Bedarf).\u202f&nbsp;<\/p>\n\n\n\n<div class=\"wp-block-media-text alignwide is-stacked-on-mobile is-vertically-aligned-center is-style-tw-overlap has-white-background-color has-background\" style=\"margin-top:var(--wp--preset--spacing--40)\"><figure class=\"wp-block-media-text__media\"><img loading=\"lazy\" decoding=\"async\" width=\"1024\" height=\"683\" src=\"https:\/\/mf.ag\/wp-content\/uploads\/2025\/05\/ManagementFactory_c_David_Bohmann_047-1536x1024-1-1024x683.jpg\" alt=\"\" class=\"wp-image-60747 size-full\" srcset=\"https:\/\/mf.ag\/wp-content\/uploads\/2025\/05\/ManagementFactory_c_David_Bohmann_047-1536x1024-1-1024x683.jpg 1024w, https:\/\/mf.ag\/wp-content\/uploads\/2025\/05\/ManagementFactory_c_David_Bohmann_047-1536x1024-1-300x200.jpg 300w, https:\/\/mf.ag\/wp-content\/uploads\/2025\/05\/ManagementFactory_c_David_Bohmann_047-1536x1024-1-768x512.jpg 768w, https:\/\/mf.ag\/wp-content\/uploads\/2025\/05\/ManagementFactory_c_David_Bohmann_047-1536x1024-1.jpg 1536w\" sizes=\"auto, (max-width: 1024px) 100vw, 1024px\" \/><\/figure><div class=\"wp-block-media-text__content\">\n<blockquote class=\"wp-block-quote is-style-tw-icon is-layout-flow wp-block-quote-is-layout-flow\">\n<p>Der Anpassungsdruck ist in einigen Branchen massiv. Viele Unternehmen m\u00fcssen ihre Strategien komplett \u00fcberarbeiten und stehen vor tiefgreifenden Kostensenkungen.<\/p>\n<\/blockquote>\n\n\n\n<p>\u2013 &nbsp;<a href=\"https:\/\/mf.ag\/de\/gerhard-wueest\/\">Gerhard W\u00fcest<\/a><em>,&nbsp;Seniorpartner Management Factory<\/em>&nbsp;<\/p>\n<\/div><\/div>\n\n\n\n<p>Im Gegensatz dazu wurden Dienstleistungsbranchen wie Unternehmensberatung, Wirtschaftspr\u00fcfung, IT-Services oder Finanzdienstleistungen trotz des rasanten technologischen Wandels selten als Bereiche mit hohem Restrukturierungsbedarf genannt.&nbsp;Auch wenn&nbsp;es in diesen Branchen zu starken Ver\u00e4nderungen kommen d\u00fcrfte, gehen die Expertinnen&nbsp;und Experten&nbsp;nicht&nbsp;von Restrukturierungen&nbsp;mit&nbsp;starker Beteiligung von Externen wie Banken, Anw\u00e4lten&nbsp;oder&nbsp;Restrukturierungsberater:innen &nbsp;aus. Vielmehr&nbsp;d\u00fcrfte&nbsp;die Erwartung sein, dass die Unternehmen&nbsp;in diesen&nbsp;Branchen&nbsp;die Ver\u00e4nderungen intern vorantreiben.&nbsp;<\/p>\n\n\n\n<figure class=\"wp-block-image size-large\"><img loading=\"lazy\" decoding=\"async\" width=\"1024\" height=\"576\" src=\"https:\/\/mf.ag\/wp-content\/uploads\/2025\/11\/Website-Bilder-Neu-2025-11-24T081300.484-1024x576.png\" alt=\"\" class=\"wp-image-64512\" srcset=\"https:\/\/mf.ag\/wp-content\/uploads\/2025\/11\/Website-Bilder-Neu-2025-11-24T081300.484-1024x576.png 1024w, https:\/\/mf.ag\/wp-content\/uploads\/2025\/11\/Website-Bilder-Neu-2025-11-24T081300.484-300x169.png 300w, https:\/\/mf.ag\/wp-content\/uploads\/2025\/11\/Website-Bilder-Neu-2025-11-24T081300.484-768x432.png 768w, https:\/\/mf.ag\/wp-content\/uploads\/2025\/11\/Website-Bilder-Neu-2025-11-24T081300.484-1536x864.png 1536w, https:\/\/mf.ag\/wp-content\/uploads\/2025\/11\/Website-Bilder-Neu-2025-11-24T081300.484.png 1920w\" sizes=\"auto, (max-width: 1024px) 100vw, 1024px\" \/><\/figure>\n\n\n\n<p>Die Befragten gaben auch ihre&nbsp;Einsch\u00e4tzung zu Ma\u00dfnahmen&nbsp;ab, die im Jahr 2026 priorit\u00e4r umgesetzt werden sollten.&nbsp;In der Automobilindustrie halten 55 % die&nbsp;<strong>\u00dcberarbeitung der Strategie<\/strong>&nbsp;f\u00fcr eine der drei wichtigsten Ma\u00dfnahmen. 47 % sehen&nbsp;<strong>Kostensenkungsprogramme und Effizienzsteigerungen<\/strong>&nbsp;unter den Top 3, gefolgt von 40 %, die eine&nbsp;<strong>Restrukturierung von Strukturen und Prozessen<\/strong>&nbsp;nennen.&nbsp;<br>&nbsp;<\/p>\n\n\n\n<p>Relativ \u00e4hnlich f\u00e4llt das Bild in der produzierenden Industrie aus: 58 % nennen&nbsp;<strong>Kostensenkungen und Effizienzsteigerungsprogramme<\/strong>&nbsp;als eine der drei wichtigsten Ma\u00dfnahmen, 43 % die&nbsp;<strong>Restrukturierung von Strukturen und Prozessen<\/strong>&nbsp;und 34 % die&nbsp;<strong>\u00dcberarbeitung der Strategie<\/strong>.&nbsp;Dieselben&nbsp;drei&nbsp;Hebel werden im Einzelhandel&nbsp;als priorit\u00e4r angesehen.&nbsp;<\/p>\n\n\n\n<p>Die Ergebnisse dieser&nbsp;drei&nbsp;Branchen&nbsp;Automobil- und produzierende Industrie sowie Einzelhandel&nbsp;machen deutlich, dass Unternehmen vor tiefgreifenden strukturellen Herausforderungen stehen: In&nbsp;allen drei&nbsp;F\u00e4llen gelten die \u00dcberarbeitung der Strategie, Kostensenkungen sowie die Optimierung von Prozessen und Strukturen als die entscheidenden Hebel, um Restrukturierungen erfolgreich zu meistern und langfristig wettbewerbsf\u00e4hig zu bleiben.&nbsp;<\/p>\n\n\n\n<p class=\"has-text-align-center\"><em><strong><span style=\"color: #222f42;\" class=\"stk-highlight\">\u201e\u00dcberarbeitung der Strategie\u201c, \u201eKostensenkung &amp; Effizienzsteigerungsprogramme\u201c sowie \u201eRestrukturierung von Prozessen &amp; Strukturen\u201c werden als die dringendsten Restrukturierungsma\u00dfnahmen bei Restrukturierungsf\u00e4llen in der Automobilindustrie und in der&nbsp;produzierenden&nbsp;Industrie&nbsp;betrachtet.&nbsp;<\/span><\/strong><\/em><\/p>\n\n\n\n<p>Anders stellt sich die Situation im Bereich Bau&nbsp;und&nbsp;Immobilien dar: Hier dominieren&nbsp;<strong>Refinanzierung und Liquidit\u00e4tsverbesserung<\/strong>&nbsp;als zentrale Restrukturierungsma\u00dfnahmen. Hohe Zinslast, niedrige Margen und starke Konjunkturabh\u00e4ngigkeit f\u00fchren in vielen Unternehmen zu erheblichem Liquidit\u00e4tsdruck \u2013 ein Trend, der sich auch 2026 fortsetzen d\u00fcrfte.&nbsp;<\/p>\n\n\n\n<h3 class=\"wp-block-heading\" id=\"h-3-welche-internen-faktoren-fuhren-am-haufigsten-zu-restrukturierungsfallen-nbsp\">3. Welche internen Faktoren f\u00fchren am h\u00e4ufigsten zu Restrukturierungsf\u00e4llen?&nbsp;<\/h3>\n\n\n\n<p>Restrukturierungsf\u00e4lle k\u00f6nnen sowohl externe als auch interne Ursachen haben.&nbsp;Auf die Frage, welche zwei wichtigsten internen Probleme zu Restrukturierungsf\u00e4llen f\u00fchren, nannten&nbsp;61 % der befragten&nbsp;Expert:innen&nbsp;<strong>unklare&nbsp;oder falsche&nbsp;Strategie bzw. versp\u00e4tete Reaktionen&nbsp;auf Marktver\u00e4nderungen&nbsp;<\/strong>sowie&nbsp;47 %&nbsp;<strong>Management und F\u00fchrungsprobleme.<\/strong><\/p>\n\n\n\n<div class=\"wp-block-media-text alignwide is-stacked-on-mobile is-vertically-aligned-center is-style-tw-overlap has-white-background-color has-background\" style=\"margin-top:var(--wp--preset--spacing--40)\"><figure class=\"wp-block-media-text__media\"><img loading=\"lazy\" decoding=\"async\" width=\"1024\" height=\"683\" src=\"https:\/\/mf.ag\/wp-content\/uploads\/2025\/10\/DSC8425_c_David_Bohmann-1-1024x683.jpg\" alt=\"\" class=\"wp-image-63374 size-full\" srcset=\"https:\/\/mf.ag\/wp-content\/uploads\/2025\/10\/DSC8425_c_David_Bohmann-1-1024x683.jpg 1024w, https:\/\/mf.ag\/wp-content\/uploads\/2025\/10\/DSC8425_c_David_Bohmann-1-300x200.jpg 300w, https:\/\/mf.ag\/wp-content\/uploads\/2025\/10\/DSC8425_c_David_Bohmann-1-768x512.jpg 768w, https:\/\/mf.ag\/wp-content\/uploads\/2025\/10\/DSC8425_c_David_Bohmann-1-1536x1024.jpg 1536w, https:\/\/mf.ag\/wp-content\/uploads\/2025\/10\/DSC8425_c_David_Bohmann-1-2048x1365.jpg 2048w\" sizes=\"auto, (max-width: 1024px) 100vw, 1024px\" \/><\/figure><div class=\"wp-block-media-text__content\">\n<blockquote class=\"wp-block-quote is-style-tw-icon is-layout-flow wp-block-quote-is-layout-flow\">\n<p>Unternehmen sollten ihre Abh\u00e4ngigkeiten reduzieren und zus\u00e4tzliche Reserven aufbauen, um auch in volatilen Zeiten ihre Zukunftsf\u00e4higkeit zu sichern.<\/p>\n<\/blockquote>\n\n\n\n<p>\u2013 <a href=\"https:\/\/mf.ag\/de\/?s=Julian%C2%A0Wildpaner\">Julian&nbsp;Wildpaner<\/a><em>, Partner Management Factory<\/em><s>\u202f<\/s><\/p>\n<\/div><\/div>\n\n\n\n<figure class=\"wp-block-image size-large\"><img loading=\"lazy\" decoding=\"async\" width=\"1024\" height=\"576\" src=\"https:\/\/mf.ag\/wp-content\/uploads\/2025\/11\/Website-Bilder-Neu-2025-11-24T081537.608-1024x576.png\" alt=\"\" class=\"wp-image-64516\" srcset=\"https:\/\/mf.ag\/wp-content\/uploads\/2025\/11\/Website-Bilder-Neu-2025-11-24T081537.608-1024x576.png 1024w, https:\/\/mf.ag\/wp-content\/uploads\/2025\/11\/Website-Bilder-Neu-2025-11-24T081537.608-300x169.png 300w, https:\/\/mf.ag\/wp-content\/uploads\/2025\/11\/Website-Bilder-Neu-2025-11-24T081537.608-768x432.png 768w, https:\/\/mf.ag\/wp-content\/uploads\/2025\/11\/Website-Bilder-Neu-2025-11-24T081537.608-1536x864.png 1536w, https:\/\/mf.ag\/wp-content\/uploads\/2025\/11\/Website-Bilder-Neu-2025-11-24T081537.608.png 1920w\" sizes=\"auto, (max-width: 1024px) 100vw, 1024px\" \/><\/figure>\n\n\n\n<h3 class=\"wp-block-heading\" id=\"h-4-sind-osterreichs-unternehmen-ausreichend-auf-exogene-schocks-vorbereitet-geopolitische-eskalation-inflation-finanzkrise-etc-und-welche-massnahmen-starken-die-resilienz-am-besten-nbsp\">4. Sind \u00d6sterreichs Unternehmen ausreichend auf &#8222;exogene&#8220; Schocks vorbereitet (geopolitische Eskalation, Inflation, Finanzkrise etc.)? Und welche Ma\u00dfnahmen st\u00e4rken die Resilienz am besten?<em>&nbsp;<\/em><\/h3>\n\n\n\n<p>Angesichts der aktuellen geopolitischen und weltwirtschaftlichen Entwicklungen ist klar, dass sich Unternehmen intensiver mit externen Risiken wie geopolitischen Konflikten oder Lieferkettenkrisen befassen m\u00fcssen: 97 % der Expertinnen und Experten sind der Meinung, dass Unternehmen m\u00f6gliche Krisenszenarien st\u00e4rker ber\u00fccksichtigen sollten. Gleichzeitig sind rund 50 % \u00fcberzeugt, dass \u00f6sterreichische Unternehmen schlecht oder sehr schlecht auf externe Schocks vorbereitet sind. Nur 6 % halten die heimischen Unternehmen f\u00fcr gut ger\u00fcstet.&nbsp;<\/p>\n\n\n\n<p class=\"has-text-align-center\"><em><strong><span style=\"color: #222f42;\" class=\"stk-highlight\">Die H\u00e4lfte aller Befragten\u00a0ist\u00a0der Meinung, dass\u00a0\u00d6sterreichs Unternehmen schlecht oder sehr schlecht auf exogene Schocks vorbereitet\u00a0sind.<\/span><\/strong><\/em><\/p>\n\n\n\n<p>Auf die Frage, welche drei Ma\u00dfnahmen am besten geeignet sind, die Widerstandsf\u00e4higkeit gegen\u00fcber externen Schocks zu erh\u00f6hen, werden am h\u00e4ufigsten genannt: 1) Reduktion von Abh\u00e4ngigkeiten, (2) Aufbau zus\u00e4tzlicher Reserven und (3) Flexibilisierung der Kostenstruktur.&nbsp;<\/p>\n\n\n\n<div class=\"wp-block-media-text alignwide is-stacked-on-mobile is-vertically-aligned-center is-style-tw-overlap has-white-background-color has-background\" style=\"margin-top:var(--wp--preset--spacing--40)\"><figure class=\"wp-block-media-text__media\"><img loading=\"lazy\" decoding=\"async\" width=\"1024\" height=\"683\" src=\"https:\/\/mf.ag\/wp-content\/uploads\/2024\/04\/ManagementFactory_c_David_Bohmann_161-1-1024x683.jpg\" alt=\"\" class=\"wp-image-56223 size-full\" srcset=\"https:\/\/mf.ag\/wp-content\/uploads\/2024\/04\/ManagementFactory_c_David_Bohmann_161-1-1024x683.jpg 1024w, https:\/\/mf.ag\/wp-content\/uploads\/2024\/04\/ManagementFactory_c_David_Bohmann_161-1-300x200.jpg 300w, https:\/\/mf.ag\/wp-content\/uploads\/2024\/04\/ManagementFactory_c_David_Bohmann_161-1-768x512.jpg 768w, https:\/\/mf.ag\/wp-content\/uploads\/2024\/04\/ManagementFactory_c_David_Bohmann_161-1-1536x1024.jpg 1536w, https:\/\/mf.ag\/wp-content\/uploads\/2024\/04\/ManagementFactory_c_David_Bohmann_161-1.jpg 2048w\" sizes=\"auto, (max-width: 1024px) 100vw, 1024px\" \/><\/figure><div class=\"wp-block-media-text__content\">\n<blockquote class=\"wp-block-quote is-style-tw-icon is-layout-flow wp-block-quote-is-layout-flow\">\n<p>Es braucht eine flexiblere Kostenstruktur, um auf rasche Ver\u00e4nderungen schneller reagieren zu k\u00f6nnen.<\/p>\n<\/blockquote>\n\n\n\n<p>\u2013 <a href=\"https:\/\/mf.ag\/de\/christopher-klena\/\">C<em>hristopher&nbsp;Klena<\/em><\/a><em>, Partner Management Factory<\/em><s>\u202f<\/s><\/p>\n<\/div><\/div>\n\n\n\n<figure class=\"wp-block-image size-large\"><img loading=\"lazy\" decoding=\"async\" width=\"1024\" height=\"576\" src=\"https:\/\/mf.ag\/wp-content\/uploads\/2025\/11\/Website-Bilder-Neu-2025-11-20T190725.006-1024x576.png\" alt=\"\" class=\"wp-image-64429\" srcset=\"https:\/\/mf.ag\/wp-content\/uploads\/2025\/11\/Website-Bilder-Neu-2025-11-20T190725.006-1024x576.png 1024w, https:\/\/mf.ag\/wp-content\/uploads\/2025\/11\/Website-Bilder-Neu-2025-11-20T190725.006-300x169.png 300w, https:\/\/mf.ag\/wp-content\/uploads\/2025\/11\/Website-Bilder-Neu-2025-11-20T190725.006-768x432.png 768w, https:\/\/mf.ag\/wp-content\/uploads\/2025\/11\/Website-Bilder-Neu-2025-11-20T190725.006-1536x864.png 1536w, https:\/\/mf.ag\/wp-content\/uploads\/2025\/11\/Website-Bilder-Neu-2025-11-20T190725.006.png 1920w\" sizes=\"auto, (max-width: 1024px) 100vw, 1024px\" \/><\/figure>\n\n\n\n<h3 class=\"wp-block-heading\" id=\"h-zusammenfassung-nbsp\">Zusammenfassung&nbsp;<\/h3>\n\n\n\n<p>Insgesamt gehen die Restrukturierungsexperten f\u00fcr 2026 weiterhin von einem sehr dynamischen Restrukturierungsumfeld in \u00d6sterreich aus. Sie erwarten \u00fcberwiegend sogar eine steigende Anzahl an Restrukturierungen. Als wichtigster exogener Faktor hinter den wirtschaftlichen Entwicklungen in \u00d6sterreich werden haupts\u00e4chlich B\u00fcrokratie und regulatorische Anforderungen genannt. Aber auch steigende Personalkosten sowie Handelskonflikte und Z\u00f6lle spielen entscheidende Rollen. Davon abzuleiten ist, dass neben den Unternehmen auch die Politik gefordert ist, Rahmenbedingungen zu schaffen, um einen positiveren Ausblick zu erm\u00f6glichen. Klar ist aber auch, dass alle Unternehmen gefordert sind, sich entsprechend auf die externen Gegebenheiten vorzubereiten und einzustellen.<\/p>\n\n\n\n<p>Die meisten Restrukturierungsf\u00e4lle werden in den Branchen Automobilindustrie, produzierende Industrie, Bau und Immobilien sowie Einzelhandel erwartet. Welche Hebel zur Restrukturierung notwendig sind, unterscheidet sich je nach Branche. W\u00e4hrend in der Automobilindustrie, der produzierenden Industrie und im Einzelhandel prim\u00e4r Strategie\u00fcberarbeitung, Kostensenkungsprogramme sowie Struktur- und Prozessanpassung auf der Tagesordnung stehen sollten, wird im Bau- und Immobilienbereich der Fokus auf Refinanzierung und Liquidit\u00e4tsverbesserung zu legen sein.<\/p>\n\n\n\n<p>Unabh\u00e4ngig vom externen Umfeld sind Management und Corporate Governance und damit zusammenh\u00e4ngend eine versp\u00e4tete Reaktion auf Marktver\u00e4nderungen zentrale Gr\u00fcnde, warum Unternehmen zu Restrukturierungsf\u00e4llen werden. Unternehmen sind also gut beraten, sich fr\u00fchzeitig um eine effiziente Organisation zu bem\u00fchen, in der Entscheidungen schnell getroffen werden k\u00f6nnen, um auf sich \u00e4ndernde Marktgegebenheiten reagieren zu k\u00f6nnen. Unternehmen sollten die Zeit, bevor es zu einer akuten Krise kommt, nutzen, um proaktiv ihre Entscheidungsf\u00e4higkeit in den Gremien zu hinterfragen und gegebenenfalls Anpassungen vorzunehmen. Bei Unternehmen, die bereits in der Krise sind, kommt es h\u00e4ufig vor, dass die Fronten verh\u00e4rtet sind. Dann f\u00e4llt es ungleich schwerer, Ver\u00e4nderungen in den Entscheidungswegen herbeizuf\u00fchren.<\/p>\n\n\n\n<p>Grunds\u00e4tzlich sind alle Unternehmen angehalten, ihre Resilienz zu erh\u00f6hen. Die Management Factory teilt die Einsch\u00e4tzung f\u00fchrender Expertinnen und Experten: Die Unternehmen sind derzeit unzureichend auf exogene Schocks vorbereitet. Die wichtigste Handlungsempfehlung f\u00fcr Unternehmen: Zu gro\u00dfe Abh\u00e4ngigkeiten von einzelnen Lieferanten oder bestimmten Absatzm\u00e4rkten und Regionen sind so rasch und so weit wie m\u00f6glich zu reduzieren. Dar\u00fcber hinaus sollten Unternehmen weitere Reserven aufbauen und ihre Kostenstruktur flexibilisieren, um m\u00f6glichst schnell auf ein wirtschaftliches Umfeld reagieren zu k\u00f6nnen, das sich st\u00e4ndig, immer rascher und unberechenbarer ver\u00e4ndert.<\/p>\n\n\n\n<p><\/p>\n","protected":false},"excerpt":{"rendered":"<p>Kaum eine Woche vergeht, in der nicht eine gro\u00dfe Insolvenz&nbsp;publik wird, neue Z\u00f6lle die Lieferketten st\u00f6ren oder&nbsp;tr\u00fcbe&nbsp;Wirtschaftsprognosen&nbsp;die Schlagzeilen dominieren. Die aktuell herausfordernde Lage&nbsp;f\u00fchrt f\u00fcr&nbsp;zahlreiche Unternehmen in \u00d6sterreich zu akutem Handlungs- und Restrukturierungsbedarf, um weiterhin wettbewerbsf\u00e4hig zu bleiben.&nbsp;Die Firmeninsolvenzen befinden sich weiterhin auf Rekordniveau und k\u00f6nnten das dritte Jahr in Folge einen H\u00f6chststand erreichen. \u00d6sterreich bleibt [&hellip;]<\/p>\n","protected":false},"author":32,"featured_media":64474,"comment_status":"closed","ping_status":"closed","sticky":false,"template":"","format":"standard","meta":{"inline_featured_image":false,"footnotes":""},"categories":[2788,3268],"tags":[3280,3446,3369,4118,3277,3650,3282,4109,3314,4047],"class_list":["post-64382","post","type-post","status-publish","format-standard","has-post-thumbnail","hentry","category-articles","category-artikel","tag-automobilindustrie","tag-bauunternehmen","tag-einzelhandel","tag-immobilien","tag-newsletter-2","tag-oesterreich","tag-restrukturierung","tag-restrukturierungsstudie","tag-strategie","tag-umfrage"],"featured_image_urls_v2":{"full":["https:\/\/mf.ag\/wp-content\/uploads\/2025\/11\/Website-Bilder-Neu-2025-11-20T224644.004.png",1920,1080,false],"thumbnail":["https:\/\/mf.ag\/wp-content\/uploads\/2025\/11\/Website-Bilder-Neu-2025-11-20T224644.004-250x250.png",250,250,true],"medium":["https:\/\/mf.ag\/wp-content\/uploads\/2025\/11\/Website-Bilder-Neu-2025-11-20T224644.004-300x169.png",300,169,true],"medium_large":["https:\/\/mf.ag\/wp-content\/uploads\/2025\/11\/Website-Bilder-Neu-2025-11-20T224644.004-768x432.png",768,432,true],"large":["https:\/\/mf.ag\/wp-content\/uploads\/2025\/11\/Website-Bilder-Neu-2025-11-20T224644.004-1024x576.png",1024,576,true],"1536x1536":["https:\/\/mf.ag\/wp-content\/uploads\/2025\/11\/Website-Bilder-Neu-2025-11-20T224644.004-1536x864.png",1536,864,true],"2048x2048":["https:\/\/mf.ag\/wp-content\/uploads\/2025\/11\/Website-Bilder-Neu-2025-11-20T224644.004.png",1920,1080,false],"gform-image-choice-sm":["https:\/\/mf.ag\/wp-content\/uploads\/2025\/11\/Website-Bilder-Neu-2025-11-20T224644.004.png",300,169,false],"gform-image-choice-md":["https:\/\/mf.ag\/wp-content\/uploads\/2025\/11\/Website-Bilder-Neu-2025-11-20T224644.004.png",400,225,false],"gform-image-choice-lg":["https:\/\/mf.ag\/wp-content\/uploads\/2025\/11\/Website-Bilder-Neu-2025-11-20T224644.004.png",600,338,false],"profile_24":["https:\/\/mf.ag\/wp-content\/uploads\/2025\/11\/Website-Bilder-Neu-2025-11-20T224644.004-24x24.png",24,24,true],"profile_48":["https:\/\/mf.ag\/wp-content\/uploads\/2025\/11\/Website-Bilder-Neu-2025-11-20T224644.004-48x48.png",48,48,true],"profile_96":["https:\/\/mf.ag\/wp-content\/uploads\/2025\/11\/Website-Bilder-Neu-2025-11-20T224644.004-96x96.png",96,96,true],"profile_150":["https:\/\/mf.ag\/wp-content\/uploads\/2025\/11\/Website-Bilder-Neu-2025-11-20T224644.004-150x150.png",150,150,true],"profile_300":["https:\/\/mf.ag\/wp-content\/uploads\/2025\/11\/Website-Bilder-Neu-2025-11-20T224644.004-300x300.png",300,300,true]},"post_excerpt_stackable_v2":"<p>Kaum eine Woche vergeht, in der nicht eine gro\u00dfe Insolvenz&nbsp;publik wird, neue Z\u00f6lle die Lieferketten st\u00f6ren oder&nbsp;tr\u00fcbe&nbsp;Wirtschaftsprognosen&nbsp;die Schlagzeilen dominieren. Die aktuell herausfordernde Lage&nbsp;f\u00fchrt f\u00fcr&nbsp;zahlreiche Unternehmen in \u00d6sterreich zu akutem Handlungs- und Restrukturierungsbedarf, um weiterhin wettbewerbsf\u00e4hig zu bleiben.&nbsp;Die Firmeninsolvenzen befinden sich weiterhin auf Rekordniveau und k\u00f6nnten das dritte Jahr in Folge einen H\u00f6chststand erreichen. \u00d6sterreich bleibt eines der EU-L\u00e4nder mit den niedrigsten Wachstumsraten. Die Produktivit\u00e4t entwickelt sich schwach und bleibt ein wachstumshemmender Faktor f\u00fcr die Wirtschaft.&nbsp; Angesichts dieser Entwicklungen stellt sich&nbsp;die Frage: Wie&nbsp;werden&nbsp;sich die Wirtschaft und die \u201eRestrukturierungslandschaft\u201c in \u00d6sterreich im Jahr 2026 entwickeln? Welche Branchen werden besonders betroffen sein? Welche&hellip;<\/p>\n","category_list_v2":"<a href=\"https:\/\/mf.ag\/en\/category\/articles\/\" rel=\"category tag\">Articles<\/a>, <a href=\"https:\/\/mf.ag\/de\/category\/artikel\/\" rel=\"category tag\">Artikel<\/a>","author_info_v2":{"name":"VALTUS Management Factory","url":"https:\/\/mf.ag\/de\/author\/managementfactory\/"},"comments_num_v2":"0 comments","yoast_head":"<!-- This site is optimized with the Yoast SEO Premium plugin v25.8 (Yoast SEO v27.5) - https:\/\/yoast.com\/product\/yoast-seo-premium-wordpress\/ -->\n<title>Restrukturierungsstudie: Zahl der\u00a0Restrukturierungsf\u00e4lle\u00a0in \u00d6sterreich\u00a0wird 2026\u00a0weiter steigen &#187; Management Factory<\/title>\n<meta name=\"description\" content=\"Expertenumfrage zur Restukturierungslandschaft in \u00d6sterreich im November 2025: Die Anzahl der Restrukturierungen wird steigen\" \/>\n<meta name=\"robots\" content=\"index, follow, max-snippet:-1, max-image-preview:large, max-video-preview:-1\" \/>\n<link rel=\"canonical\" href=\"https:\/\/mf.ag\/de\/artikel\/restrukturierungsstudie-zahl-der-restrukturierungsfaelle-in-oesterreich-wird-2026-weiter-steigen\/\" \/>\n<meta property=\"og:locale\" content=\"de_DE\" \/>\n<meta property=\"og:type\" content=\"article\" \/>\n<meta property=\"og:title\" content=\"Restrukturierungsstudie: Zahl der\u00a0Restrukturierungsf\u00e4lle\u00a0in \u00d6sterreich\u00a0wird 2026\u00a0weiter steigen\" \/>\n<meta property=\"og:description\" content=\"Expertenumfrage zur Restukturierungslandschaft in \u00d6sterreich im November 2025: Die Anzahl der Restrukturierungen wird steigen\" \/>\n<meta property=\"og:url\" content=\"https:\/\/mf.ag\/de\/artikel\/restrukturierungsstudie-zahl-der-restrukturierungsfaelle-in-oesterreich-wird-2026-weiter-steigen\/\" \/>\n<meta property=\"og:site_name\" content=\"Management Factory\" \/>\n<meta property=\"article:published_time\" content=\"2025-11-25T10:46:25+00:00\" \/>\n<meta property=\"article:modified_time\" content=\"2026-01-23T08:55:30+00:00\" \/>\n<meta property=\"og:image\" content=\"https:\/\/mf.ag\/wp-content\/uploads\/2025\/11\/Website-Bilder-Neu-2025-11-20T224644.004-1024x576.png\" \/>\n\t<meta property=\"og:image:width\" content=\"1024\" \/>\n\t<meta property=\"og:image:height\" content=\"576\" \/>\n\t<meta property=\"og:image:type\" content=\"image\/png\" \/>\n<meta name=\"author\" content=\"VALTUS Management Factory\" \/>\n<meta name=\"twitter:card\" content=\"summary_large_image\" \/>\n<meta name=\"twitter:label1\" content=\"Verfasst von\" \/>\n\t<meta name=\"twitter:data1\" content=\"VALTUS Management Factory\" \/>\n\t<meta name=\"twitter:label2\" content=\"Gesch\u00e4tzte Lesezeit\" \/>\n\t<meta name=\"twitter:data2\" content=\"10\u00a0Minuten\" \/>\n<script type=\"application\/ld+json\" class=\"yoast-schema-graph\">{\"@context\":\"https:\\\/\\\/schema.org\",\"@graph\":[{\"@type\":\"Article\",\"@id\":\"https:\\\/\\\/mf.ag\\\/de\\\/artikel\\\/restrukturierungsstudie-zahl-der-restrukturierungsfaelle-in-oesterreich-wird-2026-weiter-steigen\\\/#article\",\"isPartOf\":{\"@id\":\"https:\\\/\\\/mf.ag\\\/de\\\/artikel\\\/restrukturierungsstudie-zahl-der-restrukturierungsfaelle-in-oesterreich-wird-2026-weiter-steigen\\\/\"},\"author\":{\"name\":\"VALTUS Management Factory\",\"@id\":\"https:\\\/\\\/mf.ag\\\/de\\\/#\\\/schema\\\/person\\\/1b1a766599b72b46cce17aecef0a2280\"},\"headline\":\"Restrukturierungsstudie: Zahl der\u00a0Restrukturierungsf\u00e4lle\u00a0in \u00d6sterreich\u00a0wird 2026\u00a0weiter steigen\",\"datePublished\":\"2025-11-25T10:46:25+00:00\",\"dateModified\":\"2026-01-23T08:55:30+00:00\",\"mainEntityOfPage\":{\"@id\":\"https:\\\/\\\/mf.ag\\\/de\\\/artikel\\\/restrukturierungsstudie-zahl-der-restrukturierungsfaelle-in-oesterreich-wird-2026-weiter-steigen\\\/\"},\"wordCount\":1667,\"publisher\":{\"@id\":\"https:\\\/\\\/mf.ag\\\/de\\\/#organization\"},\"image\":{\"@id\":\"https:\\\/\\\/mf.ag\\\/de\\\/artikel\\\/restrukturierungsstudie-zahl-der-restrukturierungsfaelle-in-oesterreich-wird-2026-weiter-steigen\\\/#primaryimage\"},\"thumbnailUrl\":\"https:\\\/\\\/mf.ag\\\/wp-content\\\/uploads\\\/2025\\\/11\\\/Website-Bilder-Neu-2025-11-20T224644.004.png\",\"keywords\":[\"Automobilindustrie\",\"Bauunternehmen\",\"Einzelhandel\",\"Immobilien\",\"Newsletter\",\"\u00d6sterreich\",\"Restrukturierung\",\"Restrukturierungsstudie\",\"Strategie\",\"Umfrage\"],\"articleSection\":[\"Articles\",\"Artikel\"],\"inLanguage\":\"de\"},{\"@type\":\"WebPage\",\"@id\":\"https:\\\/\\\/mf.ag\\\/de\\\/artikel\\\/restrukturierungsstudie-zahl-der-restrukturierungsfaelle-in-oesterreich-wird-2026-weiter-steigen\\\/\",\"url\":\"https:\\\/\\\/mf.ag\\\/de\\\/artikel\\\/restrukturierungsstudie-zahl-der-restrukturierungsfaelle-in-oesterreich-wird-2026-weiter-steigen\\\/\",\"name\":\"Restrukturierungsstudie: Zahl der\u00a0Restrukturierungsf\u00e4lle\u00a0in \u00d6sterreich\u00a0wird 2026\u00a0weiter steigen &#187; Management Factory\",\"isPartOf\":{\"@id\":\"https:\\\/\\\/mf.ag\\\/de\\\/#website\"},\"primaryImageOfPage\":{\"@id\":\"https:\\\/\\\/mf.ag\\\/de\\\/artikel\\\/restrukturierungsstudie-zahl-der-restrukturierungsfaelle-in-oesterreich-wird-2026-weiter-steigen\\\/#primaryimage\"},\"image\":{\"@id\":\"https:\\\/\\\/mf.ag\\\/de\\\/artikel\\\/restrukturierungsstudie-zahl-der-restrukturierungsfaelle-in-oesterreich-wird-2026-weiter-steigen\\\/#primaryimage\"},\"thumbnailUrl\":\"https:\\\/\\\/mf.ag\\\/wp-content\\\/uploads\\\/2025\\\/11\\\/Website-Bilder-Neu-2025-11-20T224644.004.png\",\"datePublished\":\"2025-11-25T10:46:25+00:00\",\"dateModified\":\"2026-01-23T08:55:30+00:00\",\"description\":\"Expertenumfrage zur Restukturierungslandschaft in \u00d6sterreich im November 2025: Die Anzahl der Restrukturierungen wird steigen\",\"breadcrumb\":{\"@id\":\"https:\\\/\\\/mf.ag\\\/de\\\/artikel\\\/restrukturierungsstudie-zahl-der-restrukturierungsfaelle-in-oesterreich-wird-2026-weiter-steigen\\\/#breadcrumb\"},\"inLanguage\":\"de\",\"potentialAction\":[{\"@type\":\"ReadAction\",\"target\":[\"https:\\\/\\\/mf.ag\\\/de\\\/artikel\\\/restrukturierungsstudie-zahl-der-restrukturierungsfaelle-in-oesterreich-wird-2026-weiter-steigen\\\/\"]}]},{\"@type\":\"ImageObject\",\"inLanguage\":\"de\",\"@id\":\"https:\\\/\\\/mf.ag\\\/de\\\/artikel\\\/restrukturierungsstudie-zahl-der-restrukturierungsfaelle-in-oesterreich-wird-2026-weiter-steigen\\\/#primaryimage\",\"url\":\"https:\\\/\\\/mf.ag\\\/wp-content\\\/uploads\\\/2025\\\/11\\\/Website-Bilder-Neu-2025-11-20T224644.004.png\",\"contentUrl\":\"https:\\\/\\\/mf.ag\\\/wp-content\\\/uploads\\\/2025\\\/11\\\/Website-Bilder-Neu-2025-11-20T224644.004.png\",\"width\":1920,\"height\":1080},{\"@type\":\"BreadcrumbList\",\"@id\":\"https:\\\/\\\/mf.ag\\\/de\\\/artikel\\\/restrukturierungsstudie-zahl-der-restrukturierungsfaelle-in-oesterreich-wird-2026-weiter-steigen\\\/#breadcrumb\",\"itemListElement\":[{\"@type\":\"ListItem\",\"position\":1,\"name\":\"Home\",\"item\":\"https:\\\/\\\/mf.ag\\\/de\\\/\"},{\"@type\":\"ListItem\",\"position\":2,\"name\":\"Restrukturierungsstudie: Zahl der\u00a0Restrukturierungsf\u00e4lle\u00a0in \u00d6sterreich\u00a0wird 2026\u00a0weiter steigen\"}]},{\"@type\":\"WebSite\",\"@id\":\"https:\\\/\\\/mf.ag\\\/de\\\/#website\",\"url\":\"https:\\\/\\\/mf.ag\\\/de\\\/\",\"name\":\"Management Factory\",\"description\":\"Mit Executive Interim Management und Financial Advisory das Gesch\u00e4ft voranbringen\",\"publisher\":{\"@id\":\"https:\\\/\\\/mf.ag\\\/de\\\/#organization\"},\"potentialAction\":[{\"@type\":\"SearchAction\",\"target\":{\"@type\":\"EntryPoint\",\"urlTemplate\":\"https:\\\/\\\/mf.ag\\\/de\\\/?s={search_term_string}\"},\"query-input\":{\"@type\":\"PropertyValueSpecification\",\"valueRequired\":true,\"valueName\":\"search_term_string\"}}],\"inLanguage\":\"de\"},{\"@type\":\"Organization\",\"@id\":\"https:\\\/\\\/mf.ag\\\/de\\\/#organization\",\"name\":\"Management Factory\",\"url\":\"https:\\\/\\\/mf.ag\\\/de\\\/\",\"logo\":{\"@type\":\"ImageObject\",\"inLanguage\":\"de\",\"@id\":\"https:\\\/\\\/mf.ag\\\/de\\\/#\\\/schema\\\/logo\\\/image\\\/\",\"url\":\"\",\"contentUrl\":\"\",\"caption\":\"Management Factory\"},\"image\":{\"@id\":\"https:\\\/\\\/mf.ag\\\/de\\\/#\\\/schema\\\/logo\\\/image\\\/\"}},{\"@type\":\"Person\",\"@id\":\"https:\\\/\\\/mf.ag\\\/de\\\/#\\\/schema\\\/person\\\/1b1a766599b72b46cce17aecef0a2280\",\"name\":\"VALTUS Management Factory\",\"image\":{\"@type\":\"ImageObject\",\"inLanguage\":\"de\",\"@id\":\"https:\\\/\\\/secure.gravatar.com\\\/avatar\\\/2e920f1a23e073db8a64336053afe342ca0876d1bcaeba2cb8be10b4812cf9de?s=96&r=g\",\"url\":\"https:\\\/\\\/secure.gravatar.com\\\/avatar\\\/2e920f1a23e073db8a64336053afe342ca0876d1bcaeba2cb8be10b4812cf9de?s=96&r=g\",\"contentUrl\":\"https:\\\/\\\/secure.gravatar.com\\\/avatar\\\/2e920f1a23e073db8a64336053afe342ca0876d1bcaeba2cb8be10b4812cf9de?s=96&r=g\",\"caption\":\"VALTUS Management Factory\"},\"description\":\"VALTUS Management Factory ist ein f\u00fchrendes Unternehmen f\u00fcr Executive Interim Management, Financial Advisory und Restrukturierung in \u00d6sterreich und unterst\u00fctzt Organisationen in Transformations-, Wachstums- und Krisensituationen mit erfahrenen F\u00fchrungspers\u00f6nlichkeiten. Als Teil der internationalen Valtus Group verbindet das Unternehmen operative Umsetzungskompetenz mit globaler Management- und Restrukturierungsexpertise.\",\"url\":\"https:\\\/\\\/mf.ag\\\/de\\\/author\\\/managementfactory\\\/\"}]}<\/script>\n<!-- \/ Yoast SEO Premium plugin. -->","yoast_head_json":{"title":"Restrukturierungsstudie: Zahl der\u00a0Restrukturierungsf\u00e4lle\u00a0in \u00d6sterreich\u00a0wird 2026\u00a0weiter steigen &#187; Management Factory","description":"Expertenumfrage zur Restukturierungslandschaft in \u00d6sterreich im November 2025: Die Anzahl der Restrukturierungen wird steigen","robots":{"index":"index","follow":"follow","max-snippet":"max-snippet:-1","max-image-preview":"max-image-preview:large","max-video-preview":"max-video-preview:-1"},"canonical":"https:\/\/mf.ag\/de\/artikel\/restrukturierungsstudie-zahl-der-restrukturierungsfaelle-in-oesterreich-wird-2026-weiter-steigen\/","og_locale":"de_DE","og_type":"article","og_title":"Restrukturierungsstudie: Zahl der\u00a0Restrukturierungsf\u00e4lle\u00a0in \u00d6sterreich\u00a0wird 2026\u00a0weiter steigen","og_description":"Expertenumfrage zur Restukturierungslandschaft in \u00d6sterreich im November 2025: Die Anzahl der Restrukturierungen wird steigen","og_url":"https:\/\/mf.ag\/de\/artikel\/restrukturierungsstudie-zahl-der-restrukturierungsfaelle-in-oesterreich-wird-2026-weiter-steigen\/","og_site_name":"Management Factory","article_published_time":"2025-11-25T10:46:25+00:00","article_modified_time":"2026-01-23T08:55:30+00:00","og_image":[{"width":1024,"height":576,"url":"https:\/\/mf.ag\/wp-content\/uploads\/2025\/11\/Website-Bilder-Neu-2025-11-20T224644.004-1024x576.png","type":"image\/png"}],"author":"VALTUS Management Factory","twitter_card":"summary_large_image","twitter_misc":{"Verfasst von":"VALTUS Management Factory","Gesch\u00e4tzte Lesezeit":"10\u00a0Minuten"},"schema":{"@context":"https:\/\/schema.org","@graph":[{"@type":"Article","@id":"https:\/\/mf.ag\/de\/artikel\/restrukturierungsstudie-zahl-der-restrukturierungsfaelle-in-oesterreich-wird-2026-weiter-steigen\/#article","isPartOf":{"@id":"https:\/\/mf.ag\/de\/artikel\/restrukturierungsstudie-zahl-der-restrukturierungsfaelle-in-oesterreich-wird-2026-weiter-steigen\/"},"author":{"name":"VALTUS Management Factory","@id":"https:\/\/mf.ag\/de\/#\/schema\/person\/1b1a766599b72b46cce17aecef0a2280"},"headline":"Restrukturierungsstudie: Zahl der\u00a0Restrukturierungsf\u00e4lle\u00a0in \u00d6sterreich\u00a0wird 2026\u00a0weiter steigen","datePublished":"2025-11-25T10:46:25+00:00","dateModified":"2026-01-23T08:55:30+00:00","mainEntityOfPage":{"@id":"https:\/\/mf.ag\/de\/artikel\/restrukturierungsstudie-zahl-der-restrukturierungsfaelle-in-oesterreich-wird-2026-weiter-steigen\/"},"wordCount":1667,"publisher":{"@id":"https:\/\/mf.ag\/de\/#organization"},"image":{"@id":"https:\/\/mf.ag\/de\/artikel\/restrukturierungsstudie-zahl-der-restrukturierungsfaelle-in-oesterreich-wird-2026-weiter-steigen\/#primaryimage"},"thumbnailUrl":"https:\/\/mf.ag\/wp-content\/uploads\/2025\/11\/Website-Bilder-Neu-2025-11-20T224644.004.png","keywords":["Automobilindustrie","Bauunternehmen","Einzelhandel","Immobilien","Newsletter","\u00d6sterreich","Restrukturierung","Restrukturierungsstudie","Strategie","Umfrage"],"articleSection":["Articles","Artikel"],"inLanguage":"de"},{"@type":"WebPage","@id":"https:\/\/mf.ag\/de\/artikel\/restrukturierungsstudie-zahl-der-restrukturierungsfaelle-in-oesterreich-wird-2026-weiter-steigen\/","url":"https:\/\/mf.ag\/de\/artikel\/restrukturierungsstudie-zahl-der-restrukturierungsfaelle-in-oesterreich-wird-2026-weiter-steigen\/","name":"Restrukturierungsstudie: Zahl der\u00a0Restrukturierungsf\u00e4lle\u00a0in \u00d6sterreich\u00a0wird 2026\u00a0weiter steigen &#187; Management Factory","isPartOf":{"@id":"https:\/\/mf.ag\/de\/#website"},"primaryImageOfPage":{"@id":"https:\/\/mf.ag\/de\/artikel\/restrukturierungsstudie-zahl-der-restrukturierungsfaelle-in-oesterreich-wird-2026-weiter-steigen\/#primaryimage"},"image":{"@id":"https:\/\/mf.ag\/de\/artikel\/restrukturierungsstudie-zahl-der-restrukturierungsfaelle-in-oesterreich-wird-2026-weiter-steigen\/#primaryimage"},"thumbnailUrl":"https:\/\/mf.ag\/wp-content\/uploads\/2025\/11\/Website-Bilder-Neu-2025-11-20T224644.004.png","datePublished":"2025-11-25T10:46:25+00:00","dateModified":"2026-01-23T08:55:30+00:00","description":"Expertenumfrage zur Restukturierungslandschaft in \u00d6sterreich im November 2025: Die Anzahl der Restrukturierungen wird steigen","breadcrumb":{"@id":"https:\/\/mf.ag\/de\/artikel\/restrukturierungsstudie-zahl-der-restrukturierungsfaelle-in-oesterreich-wird-2026-weiter-steigen\/#breadcrumb"},"inLanguage":"de","potentialAction":[{"@type":"ReadAction","target":["https:\/\/mf.ag\/de\/artikel\/restrukturierungsstudie-zahl-der-restrukturierungsfaelle-in-oesterreich-wird-2026-weiter-steigen\/"]}]},{"@type":"ImageObject","inLanguage":"de","@id":"https:\/\/mf.ag\/de\/artikel\/restrukturierungsstudie-zahl-der-restrukturierungsfaelle-in-oesterreich-wird-2026-weiter-steigen\/#primaryimage","url":"https:\/\/mf.ag\/wp-content\/uploads\/2025\/11\/Website-Bilder-Neu-2025-11-20T224644.004.png","contentUrl":"https:\/\/mf.ag\/wp-content\/uploads\/2025\/11\/Website-Bilder-Neu-2025-11-20T224644.004.png","width":1920,"height":1080},{"@type":"BreadcrumbList","@id":"https:\/\/mf.ag\/de\/artikel\/restrukturierungsstudie-zahl-der-restrukturierungsfaelle-in-oesterreich-wird-2026-weiter-steigen\/#breadcrumb","itemListElement":[{"@type":"ListItem","position":1,"name":"Home","item":"https:\/\/mf.ag\/de\/"},{"@type":"ListItem","position":2,"name":"Restrukturierungsstudie: Zahl der\u00a0Restrukturierungsf\u00e4lle\u00a0in \u00d6sterreich\u00a0wird 2026\u00a0weiter steigen"}]},{"@type":"WebSite","@id":"https:\/\/mf.ag\/de\/#website","url":"https:\/\/mf.ag\/de\/","name":"Management Factory","description":"Mit Executive Interim Management und Financial Advisory das Gesch\u00e4ft voranbringen","publisher":{"@id":"https:\/\/mf.ag\/de\/#organization"},"potentialAction":[{"@type":"SearchAction","target":{"@type":"EntryPoint","urlTemplate":"https:\/\/mf.ag\/de\/?s={search_term_string}"},"query-input":{"@type":"PropertyValueSpecification","valueRequired":true,"valueName":"search_term_string"}}],"inLanguage":"de"},{"@type":"Organization","@id":"https:\/\/mf.ag\/de\/#organization","name":"Management Factory","url":"https:\/\/mf.ag\/de\/","logo":{"@type":"ImageObject","inLanguage":"de","@id":"https:\/\/mf.ag\/de\/#\/schema\/logo\/image\/","url":"","contentUrl":"","caption":"Management Factory"},"image":{"@id":"https:\/\/mf.ag\/de\/#\/schema\/logo\/image\/"}},{"@type":"Person","@id":"https:\/\/mf.ag\/de\/#\/schema\/person\/1b1a766599b72b46cce17aecef0a2280","name":"VALTUS Management Factory","image":{"@type":"ImageObject","inLanguage":"de","@id":"https:\/\/secure.gravatar.com\/avatar\/2e920f1a23e073db8a64336053afe342ca0876d1bcaeba2cb8be10b4812cf9de?s=96&r=g","url":"https:\/\/secure.gravatar.com\/avatar\/2e920f1a23e073db8a64336053afe342ca0876d1bcaeba2cb8be10b4812cf9de?s=96&r=g","contentUrl":"https:\/\/secure.gravatar.com\/avatar\/2e920f1a23e073db8a64336053afe342ca0876d1bcaeba2cb8be10b4812cf9de?s=96&r=g","caption":"VALTUS Management Factory"},"description":"VALTUS Management Factory ist ein f\u00fchrendes Unternehmen f\u00fcr Executive Interim Management, Financial Advisory und Restrukturierung in \u00d6sterreich und unterst\u00fctzt Organisationen in Transformations-, Wachstums- und Krisensituationen mit erfahrenen F\u00fchrungspers\u00f6nlichkeiten. Als Teil der internationalen Valtus Group verbindet das Unternehmen operative Umsetzungskompetenz mit globaler Management- und Restrukturierungsexpertise.","url":"https:\/\/mf.ag\/de\/author\/managementfactory\/"}]}},"_links":{"self":[{"href":"https:\/\/mf.ag\/de\/wp-json\/wp\/v2\/posts\/64382","targetHints":{"allow":["GET"]}}],"collection":[{"href":"https:\/\/mf.ag\/de\/wp-json\/wp\/v2\/posts"}],"about":[{"href":"https:\/\/mf.ag\/de\/wp-json\/wp\/v2\/types\/post"}],"author":[{"embeddable":true,"href":"https:\/\/mf.ag\/de\/wp-json\/wp\/v2\/users\/32"}],"replies":[{"embeddable":true,"href":"https:\/\/mf.ag\/de\/wp-json\/wp\/v2\/comments?post=64382"}],"version-history":[{"count":29,"href":"https:\/\/mf.ag\/de\/wp-json\/wp\/v2\/posts\/64382\/revisions"}],"predecessor-version":[{"id":64792,"href":"https:\/\/mf.ag\/de\/wp-json\/wp\/v2\/posts\/64382\/revisions\/64792"}],"wp:featuredmedia":[{"embeddable":true,"href":"https:\/\/mf.ag\/de\/wp-json\/wp\/v2\/media\/64474"}],"wp:attachment":[{"href":"https:\/\/mf.ag\/de\/wp-json\/wp\/v2\/media?parent=64382"}],"wp:term":[{"taxonomy":"category","embeddable":true,"href":"https:\/\/mf.ag\/de\/wp-json\/wp\/v2\/categories?post=64382"},{"taxonomy":"post_tag","embeddable":true,"href":"https:\/\/mf.ag\/de\/wp-json\/wp\/v2\/tags?post=64382"}],"curies":[{"name":"wp","href":"https:\/\/api.w.org\/{rel}","templated":true}]}}