{"id":61739,"date":"2025-07-02T13:45:20","date_gmt":"2025-07-02T11:45:20","guid":{"rendered":"https:\/\/mf.ag\/?p=61739"},"modified":"2025-08-04T07:52:02","modified_gmt":"2025-08-04T05:52:02","slug":"interim-management-in-kanada-ein-markt-im-aufschwung","status":"publish","type":"post","link":"https:\/\/mf.ag\/de\/artikel\/interim-management-in-kanada-ein-markt-im-aufschwung\/","title":{"rendered":"Interim Management in Kanada: Ein Markt im Aufschwung"},"content":{"rendered":"\n<p><strong>Das Thema Executive Interim Management gewinnt weltweit an Bedeutung. W\u00e4hrend der Interim Markt in Europa bereits gut etabliert ist, steckt das Thema Interim-F\u00fchrung in Kanada noch in den Kinderschuhen \u2013 mit starkem Wachstum.<\/strong> <strong>An der Spitze dieser Entwicklung steht <a href=\"https:\/\/www.linkedin.com\/in\/benoit-creneau\/\" target=\"_blank\" rel=\"noreferrer noopener\">Beno\u00eet Cr\u00e9neau<\/a>, <a href=\"https:\/\/mf.ag\/de\/interim-ceo\/\">CEO<\/a> von <a href=\"https:\/\/www.xnorthgroup.com\/\" target=\"_blank\" rel=\"noreferrer noopener\">xNorth\u2122 \u2013 Executive Interim Management<\/a> und kanadischer Partner der <a href=\"https:\/\/valtusgroup.com\/\" target=\"_blank\" rel=\"noreferrer noopener\">Valtus Alliance<\/a>.<\/strong><\/p>\n\n\n\n<p>In diesem Interview, gef\u00fchrt von <a href=\"https:\/\/www.linkedin.com\/in\/annika-porsch\/\" target=\"_blank\" rel=\"noreferrer noopener\">Annika Porsch<\/a>, teilt Beno\u00eet seine Einsch\u00e4tzungen zur aktuellen Lage des kanadischen Interim-Marktes \u2013 einschlie\u00dflich Wachstumsdynamiken, branchenspezifischer Nachfrage und der strategischen Rolle von Interim Executives in Zeiten des Wandels, der Krise und Transformation. Er beleuchtet zudem kulturelle und strukturelle Besonderheiten, die den Umgang kanadischer Unternehmen mit tempor\u00e4rer F\u00fchrung pr\u00e4gen.<\/p>\n\n\n\n<h3 class=\"wp-block-heading\" id=\"h-wie-wurdest-du-den-aktuellen-stand-des-interim-management-marktes-in-kanada-beschreiben-ist-die-nachfrage-in-den-letzten-jahren-gewachsen-und-wenn-ja-in-welchem-ausmass\">Wie w\u00fcrdest du den aktuellen Stand des Interim Management Marktes in Kanada beschreiben? Ist die Nachfrage in den letzten Jahren gewachsen \u2013 und wenn ja, in welchem Ausma\u00df?<\/h3>\n\n\n\n<p>Der kanadische Markt f\u00fcr <a href=\"https:\/\/mf.ag\/de\/executive-interim-management\/\">Executive Interim Management<\/a> befindet sich eindeutig in einer Wachstumsphase. Im Gegensatz zu Europa, wo das Modell bereits etabliert ist, gewinnt es in Kanada erst allm\u00e4hlich an Bedeutung. Interim Leadership wird hier oft missverstanden \u2013 h\u00e4ufig mit dem Modell \u201eTeilzeit-Executive\u201c verwechselt, das sich in Umfang und Wirkung deutlich unterscheidet. Zudem wird es oft lediglich als \u00dcberbr\u00fcckungsl\u00f6sung gesehen \u2013 was sein strategisches Potenzial untersch\u00e4tzt.<\/p>\n\n\n\n<p>Dennoch ist die Nachfrage in den letzten Jahren stark gestiegen, insbesondere seit der Pandemie. Wirtschaftliche Unsicherheit, zunehmende Komplexit\u00e4t und der steigende Ergebnisdruck haben das Wachstum befeuert. Ein wesentlicher Treiber ist die wachsende Zahl internationaler Unternehmen, die in Kanada investieren und erwarten, dass ihre lokalen Strukturen globale Standards erf\u00fcllen. Auch wenn harte Zahlen schwer zu erheben sind, sch\u00e4tzen wir das j\u00e4hrliche Wachstum auf 15 bis 20 Prozent.<\/p>\n\n\n\n<h3 class=\"wp-block-heading\" id=\"h-welche-interim-funktionen-sind-derzeit-am-gefragtesten-haben-sich-die-trends-uber-die-zeit-verandert\">Welche Interim-Funktionen sind derzeit am gefragtesten? Haben sich die Trends \u00fcber die Zeit ver\u00e4ndert?<\/h3>\n\n\n\n<p>Es gibt einen klaren Unterschied zwischen Interim-Mandaten zur Sicherung von F\u00fchrungskontinuit\u00e4t und solchen mit Transformationsfokus. Beide sind wichtig \u2013 aber es sind die Transformationsmandate, die den Markt vorantreiben.<\/p>\n\n\n\n<p><a href=\"https:\/\/mf.ag\/de\/rent-a-cfo\/\">CFOs<\/a> sind nach wie vor die am h\u00e4ufigsten nachgefragte Rolle \u2013 ob zur \u00dcberbr\u00fcckung von F\u00fchrungsl\u00fccken oder f\u00fcr Projekte wie Fundraising, M&amp;A, <a href=\"https:\/\/mf.ag\/de\/restrukturierungskonzepte-und-begleitung\/\">Restrukturierungen<\/a> oder IPO-Vorbereitungen. Auch die Nachfrage nach COOs ist gestiegen, da Unternehmen operative Effizienz steigern oder schw\u00e4chelnde Bereiche neu aufstellen m\u00f6chten.<\/p>\n\n\n\n<p>CHROs werden h\u00e4ufig f\u00fcr Themen wie Organisationsentwicklung, Workforce Planning und kulturelle Integration eingesetzt. Auf der technologischen Seite sind CIOs und Chief Digital Officers gefragt, etwa f\u00fcr digitale Transformation, ERP-Einf\u00fchrungen oder Cybersecurity-Projekte. Interim-CEO-Mandate sind besonders heikel \u2013 z.\u202fB. bei Krisen, Nachfolgeregelungen oder Post-M&amp;A-Phasen.<\/p>\n\n\n\n<h3 class=\"wp-block-heading\" id=\"h-in-welchen-branchen-ist-executive-interim-management-besonders-verbreitet\">In welchen Branchen ist Executive Interim Management besonders verbreitet?<\/h3>\n\n\n\n<p>Interim Leadership ist im Non-Profit- und NGO-Sektor schon l\u00e4nger bekannt. Dar\u00fcber hinaus steigt die Nutzung in Branchen, die unter Leistungs- oder Ver\u00e4nderungsdruck stehen.<\/p>\n\n\n\n<p>Private-Equity- und Investoren-gef\u00fchrte Unternehmen setzen Interim Executives f\u00fcr operative Verbesserungen, Exit-Vorbereitungen und Post-Merger-Integrationen ein. Industrie- und Fertigungsunternehmen greifen auf sie zur\u00fcck f\u00fcr Produktionsoptimierung, Supply-Chain-Neuausrichtung oder Turnaround-Projekte. In den Bereichen Tech und SaaS (Software-as-a-Service) unterst\u00fctzen sie Skalierung, Kapitalbeschaffung und strategische Neuausrichtungen. Auch im Gesundheitswesen, der Life-Sciences-, Finanz- und Konsumg\u00fcterbranche nimmt der Einsatz tempor\u00e4rer F\u00fchrungskr\u00e4fte zur Modernisierung und Steuerung von \u00dcbergangsphasen zu.<\/p>\n\n\n\n<h3 class=\"wp-block-heading\" id=\"h-was-sind-die-haufigsten-herausforderungen-deiner-kund-innen\">Was sind die h\u00e4ufigsten Herausforderungen deiner Kund:innen?<\/h3>\n\n\n\n<p>Bei xNorth sind die meisten Eins\u00e4tze mit unternehmensstrategischen Wendepunkten verkn\u00fcpft. Transformation ist dabei der h\u00e4ufigste Ausl\u00f6ser \u2013 ob digital, operativ oder organisatorisch. Unternehmen entwickeln neue Gesch\u00e4ftsmodelle, expandieren in neue M\u00e4rkte oder modernisieren veraltete Systeme \u2013 und brauchen daf\u00fcr erfahrene F\u00fchrungskr\u00e4fte, die solche Komplexit\u00e4t meistern k\u00f6nnen.<\/p>\n\n\n\n<p>Auch Wachstum ist ein h\u00e4ufiger Trigger \u2013 insbesondere, wenn die internen Kapazit\u00e4ten mit der Expansion nicht Schritt halten. <a href=\"https:\/\/mf.ag\/de\/transaktionsberatung\/\">M&amp;A-Aktivit\u00e4ten<\/a> sind ebenfalls ein wiederkehrendes Thema: Interim Executives begleiten hier z.\u202fB. die Deal-Vorbereitung, Post-Merger-Integrationen oder Carve-outs. Krisen und Restrukturierungen entstehen bei Ertragseinbr\u00fcchen, neuen regulatorischen Anforderungen oder F\u00fchrungsinstabilit\u00e4t. <a href=\"https:\/\/mf.ag\/de\/interim-manager\/\">Interim Manager:innen<\/a> springen au\u00dferdem bei pl\u00f6tzlichen F\u00fchrungsausf\u00e4llen ein.<\/p>\n\n\n\n<h3 class=\"wp-block-heading\" id=\"h-welche-erwartungen-haben-kanadische-unternehmen-an-interim-manager-innen-hinsichtlich-erfahrung-verfugbarkeit-und-flexibilitat\">Welche Erwartungen haben kanadische Unternehmen an Interim Manager:innen hinsichtlich Erfahrung, Verf\u00fcgbarkeit und Flexibilit\u00e4t?<\/h3>\n\n\n\n<p>Kanadische Auftraggeber haben sehr spezifische Erwartungen. Aufgrund der eher risikoaversen Gesch\u00e4ftskultur suchen Unternehmen nach Interim Executives mit tiefgreifender, relevanter Erfahrung \u2013 in der Regel 15 bis 20 Jahre \u2013 in vergleichbaren Branchen und Situationen.<\/p>\n\n\n\n<p>Sie erwarten, dass die Interim Manager:innen schnell starten, Verantwortung \u00fcbernehmen und sofort Ergebnisse liefern. Verf\u00fcgbarkeit ist entscheidend \u2013 viele Positionen m\u00fcssen innerhalb weniger Tage oder Wochen besetzt werden. Flexibilit\u00e4t spielt ebenfalls eine Rolle: Manche Mandate sind Vollzeit, andere hybrid oder in Teilzeit.<\/p>\n\n\n\n<p>Soft Skills sind im multikulturellen und kooperativen kanadischen Umfeld besonders wichtig. Interim Executives m\u00fcssen schnell Vertrauen aufbauen, mit vielf\u00e4ltigen, kulturellen Backgrounds umgehen k\u00f6nnen und sich reibungslos ins bestehende Team integrieren \u2013 ohne die Dynamik zu st\u00f6ren.<\/p>\n\n\n\n<h3 class=\"wp-block-heading\" id=\"h-gibt-es-rechtliche-kulturelle-oder-wirtschaftliche-besonderheiten-in-kanada-die-den-einsatz-von-interim-management-beeinflussen\">Gibt es rechtliche, kulturelle oder wirtschaftliche Besonderheiten in Kanada, die den Einsatz von Interim Management beeinflussen?<\/h3>\n\n\n\n<p>Ja, einige. Rechtlich ist Kanada offen f\u00fcr projektbasierte Vertr\u00e4ge \u2013 vorausgesetzt, Umfang, Dauer und Exit-Bedingungen sind klar definiert.<\/p>\n\n\n\n<p>Kulturell haben kanadische Unternehmen traditionell eher langfristige Festanstellungen bevorzugt. Das \u00e4ndert sich langsam. Die Offenheit gegen\u00fcber flexibleren F\u00fchrungsmodellen nimmt zu \u2013 und viele F\u00fchrungskr\u00e4fte interessieren sich inzwischen gezielt f\u00fcr Interim-Mandate, um an wirkungsvollen Projekten mitzuarbeiten, ohne sich dauerhaft zu binden. Weil der Markt aber noch reift, erleben viele Interim Professionals Phasen ohne Mandat zwischen den Eins\u00e4tzen.<\/p>\n\n\n\n<p>Wirtschaftlich sorgt die derzeitige Unsicherheit daf\u00fcr, dass Unternehmen bei Festanstellungen vorsichtiger agieren. Interim Management bietet hier eine flexible Alternative mit geringeren langfristigen Kosten. In Qu\u00e9bec kommen zus\u00e4tzlich noch Sprach- und Kulturfaktoren hinzu \u2013 etwa die Bedeutung von Zweisprachigkeit und kultureller Passung.<\/p>\n\n\n\n<h3 class=\"wp-block-heading\" id=\"h-wie-weit-entwickelt-ist-das-interim-management-okosystem-in-kanada-setzen-unternehmen-eher-auf-spezialisierte-anbieter-oder-auf-informelle-netzwerke\">Wie weit entwickelt ist das Interim Management \u00d6kosystem in Kanada? Setzen Unternehmen eher auf spezialisierte Anbieter oder auf informelle Netzwerke?<\/h3>\n\n\n\n<p>Das \u00d6kosystem ist noch im Aufbau und stark beziehungsbasiert. Informelle Netzwerke \u2013 z.\u202fB. Empfehlungen durch Boards, pers\u00f6nliche Kontakte oder Executive Recruiter \u2013 werden vor allem bei kurzfristigen \u00dcberbr\u00fcckungen h\u00e4ufig genutzt.<\/p>\n\n\n\n<p>F\u00fcr komplexere Transformationsmandate wenden sich jedoch zunehmend mehr Unternehmen an spezialisierte Anbieter wie xNorth. Wir bieten nicht nur die Besetzung von Rollen, sondern auch begleitende Beratung und strukturierte Unterst\u00fctzung w\u00e4hrend des gesamten Mandats. Der Markt nimmt sp\u00fcrbar Fahrt auf: Fr\u00fchere Kunden kehren mit neuen Anforderungen zur\u00fcck, und immer mehr Branchen erkennen den strategischen Mehrwert tempor\u00e4rer F\u00fchrung.<\/p>\n\n\n\n<p>Wir sehen hier eine gro\u00dfe Chance: xNorth m\u00f6chte Wegbereiter sein und bew\u00e4hrte Methoden aus dem reifen europ\u00e4ischen Markt auf die kanadischen Besonderheiten zu \u00fcbertragen.<\/p>\n","protected":false},"excerpt":{"rendered":"<p>Das Thema Executive Interim Management gewinnt weltweit an Bedeutung. W\u00e4hrend der Interim Markt in Europa bereits gut etabliert ist, steckt das Thema Interim-F\u00fchrung in Kanada noch in den Kinderschuhen \u2013 mit starkem Wachstum. An der Spitze dieser Entwicklung steht Beno\u00eet Cr\u00e9neau, CEO von xNorth\u2122 \u2013 Executive Interim Management und kanadischer Partner der Valtus Alliance. In [&hellip;]<\/p>\n","protected":false},"author":29,"featured_media":61740,"comment_status":"closed","ping_status":"closed","sticky":false,"template":"","format":"standard","meta":{"inline_featured_image":false,"footnotes":""},"categories":[3268],"tags":[3290,3298,3372,3911,4071,3341,3682],"class_list":["post-61739","post","type-post","status-publish","format-standard","has-post-thumbnail","hentry","category-artikel","tag-ceo-2","tag-cfo-2","tag-interim-management-3","tag-kanada","tag-oekonomie","tag-transformation-2","tag-valtus-alliance-2"],"featured_image_urls_v2":{"full":["https:\/\/mf.ag\/wp-content\/uploads\/2025\/07\/Website-Bilder-Neu-71.png",1920,1080,false],"thumbnail":["https:\/\/mf.ag\/wp-content\/uploads\/2025\/07\/Website-Bilder-Neu-71-250x250.png",250,250,true],"medium":["https:\/\/mf.ag\/wp-content\/uploads\/2025\/07\/Website-Bilder-Neu-71-300x169.png",300,169,true],"medium_large":["https:\/\/mf.ag\/wp-content\/uploads\/2025\/07\/Website-Bilder-Neu-71-768x432.png",768,432,true],"large":["https:\/\/mf.ag\/wp-content\/uploads\/2025\/07\/Website-Bilder-Neu-71-1024x576.png",1024,576,true],"1536x1536":["https:\/\/mf.ag\/wp-content\/uploads\/2025\/07\/Website-Bilder-Neu-71-1536x864.png",1536,864,true],"2048x2048":["https:\/\/mf.ag\/wp-content\/uploads\/2025\/07\/Website-Bilder-Neu-71.png",1920,1080,false],"gform-image-choice-sm":["https:\/\/mf.ag\/wp-content\/uploads\/2025\/07\/Website-Bilder-Neu-71.png",300,169,false],"gform-image-choice-md":["https:\/\/mf.ag\/wp-content\/uploads\/2025\/07\/Website-Bilder-Neu-71.png",400,225,false],"gform-image-choice-lg":["https:\/\/mf.ag\/wp-content\/uploads\/2025\/07\/Website-Bilder-Neu-71.png",600,338,false],"profile_24":["https:\/\/mf.ag\/wp-content\/uploads\/2025\/07\/Website-Bilder-Neu-71-24x24.png",24,24,true],"profile_48":["https:\/\/mf.ag\/wp-content\/uploads\/2025\/07\/Website-Bilder-Neu-71-48x48.png",48,48,true],"profile_96":["https:\/\/mf.ag\/wp-content\/uploads\/2025\/07\/Website-Bilder-Neu-71-96x96.png",96,96,true],"profile_150":["https:\/\/mf.ag\/wp-content\/uploads\/2025\/07\/Website-Bilder-Neu-71-150x150.png",150,150,true],"profile_300":["https:\/\/mf.ag\/wp-content\/uploads\/2025\/07\/Website-Bilder-Neu-71-300x300.png",300,300,true]},"post_excerpt_stackable_v2":"<p>Das Thema Executive Interim Management gewinnt weltweit an Bedeutung. W\u00e4hrend der Interim Markt in Europa bereits gut etabliert ist, steckt das Thema Interim-F\u00fchrung in Kanada noch in den Kinderschuhen \u2013 mit starkem Wachstum. An der Spitze dieser Entwicklung steht Beno\u00eet Cr\u00e9neau, CEO von xNorth\u2122 \u2013 Executive Interim Management und kanadischer Partner der Valtus Alliance. In diesem Interview, gef\u00fchrt von Annika Porsch, teilt Beno\u00eet seine Einsch\u00e4tzungen zur aktuellen Lage des kanadischen Interim-Marktes \u2013 einschlie\u00dflich Wachstumsdynamiken, branchenspezifischer Nachfrage und der strategischen Rolle von Interim Executives in Zeiten des Wandels, der Krise und Transformation. Er beleuchtet zudem kulturelle und strukturelle Besonderheiten, die den&hellip;<\/p>\n","category_list_v2":"<a href=\"https:\/\/mf.ag\/de\/category\/artikel\/\" rel=\"category tag\">Artikel<\/a>","author_info_v2":{"name":"Annika Porsch","url":"https:\/\/mf.ag\/de\/author\/annika\/"},"comments_num_v2":"0 comments","yoast_head":"<!-- This site is optimized with the Yoast SEO Premium plugin v25.8 (Yoast SEO v27.5) - https:\/\/yoast.com\/product\/yoast-seo-premium-wordpress\/ -->\n<title>Interim Management in Kanada: Ein Markt im Aufschwung &#187; Management Factory<\/title>\n<meta name=\"robots\" content=\"index, follow, max-snippet:-1, max-image-preview:large, max-video-preview:-1\" \/>\n<link rel=\"canonical\" href=\"https:\/\/mf.ag\/de\/artikel\/interim-management-in-kanada-ein-markt-im-aufschwung\/\" \/>\n<meta property=\"og:locale\" content=\"de_DE\" \/>\n<meta property=\"og:type\" content=\"article\" \/>\n<meta property=\"og:title\" content=\"Interim Management in Kanada: Ein Markt im Aufschwung\" \/>\n<meta property=\"og:description\" content=\"Das Thema Executive Interim Management gewinnt weltweit an Bedeutung. W\u00e4hrend der Interim Markt in Europa bereits gut etabliert ist, steckt das Thema Interim-F\u00fchrung in Kanada noch in den Kinderschuhen \u2013 mit starkem Wachstum. An der Spitze dieser Entwicklung steht Beno\u00eet Cr\u00e9neau, CEO von xNorth\u2122 \u2013 Executive Interim Management und kanadischer Partner der Valtus Alliance. In [&hellip;]\" \/>\n<meta property=\"og:url\" content=\"https:\/\/mf.ag\/de\/artikel\/interim-management-in-kanada-ein-markt-im-aufschwung\/\" \/>\n<meta property=\"og:site_name\" content=\"Management Factory\" \/>\n<meta property=\"article:published_time\" content=\"2025-07-02T11:45:20+00:00\" \/>\n<meta property=\"article:modified_time\" content=\"2025-08-04T05:52:02+00:00\" \/>\n<meta property=\"og:image\" content=\"https:\/\/mf.ag\/wp-content\/uploads\/2025\/07\/Website-Bilder-Neu-71.png\" \/>\n\t<meta property=\"og:image:width\" content=\"1920\" \/>\n\t<meta property=\"og:image:height\" content=\"1080\" \/>\n\t<meta property=\"og:image:type\" content=\"image\/png\" \/>\n<meta name=\"author\" content=\"Annika Porsch\" \/>\n<meta name=\"twitter:card\" content=\"summary_large_image\" \/>\n<meta name=\"twitter:label1\" content=\"Verfasst von\" \/>\n\t<meta name=\"twitter:data1\" content=\"Annika Porsch\" \/>\n\t<meta name=\"twitter:label2\" content=\"Gesch\u00e4tzte Lesezeit\" \/>\n\t<meta name=\"twitter:data2\" content=\"6\u00a0Minuten\" \/>\n<script type=\"application\/ld+json\" class=\"yoast-schema-graph\">{\"@context\":\"https:\\\/\\\/schema.org\",\"@graph\":[{\"@type\":\"Article\",\"@id\":\"https:\\\/\\\/mf.ag\\\/de\\\/artikel\\\/interim-management-in-kanada-ein-markt-im-aufschwung\\\/#article\",\"isPartOf\":{\"@id\":\"https:\\\/\\\/mf.ag\\\/de\\\/artikel\\\/interim-management-in-kanada-ein-markt-im-aufschwung\\\/\"},\"author\":{\"name\":\"Annika Porsch\",\"@id\":\"https:\\\/\\\/mf.ag\\\/de\\\/#\\\/schema\\\/person\\\/b4f47b23f6fc2a23a6f69c9bf8e5292d\"},\"headline\":\"Interim Management in Kanada: Ein Markt im Aufschwung\",\"datePublished\":\"2025-07-02T11:45:20+00:00\",\"dateModified\":\"2025-08-04T05:52:02+00:00\",\"mainEntityOfPage\":{\"@id\":\"https:\\\/\\\/mf.ag\\\/de\\\/artikel\\\/interim-management-in-kanada-ein-markt-im-aufschwung\\\/\"},\"wordCount\":1079,\"publisher\":{\"@id\":\"https:\\\/\\\/mf.ag\\\/de\\\/#organization\"},\"image\":{\"@id\":\"https:\\\/\\\/mf.ag\\\/de\\\/artikel\\\/interim-management-in-kanada-ein-markt-im-aufschwung\\\/#primaryimage\"},\"thumbnailUrl\":\"https:\\\/\\\/mf.ag\\\/wp-content\\\/uploads\\\/2025\\\/07\\\/Website-Bilder-Neu-71.png\",\"keywords\":[\"CEO\",\"CFO\",\"Interim Management\",\"Kanada\",\"\u00d6konomie\",\"Transformation\",\"Valtus Alliance\"],\"articleSection\":[\"Artikel\"],\"inLanguage\":\"de\"},{\"@type\":\"WebPage\",\"@id\":\"https:\\\/\\\/mf.ag\\\/de\\\/artikel\\\/interim-management-in-kanada-ein-markt-im-aufschwung\\\/\",\"url\":\"https:\\\/\\\/mf.ag\\\/de\\\/artikel\\\/interim-management-in-kanada-ein-markt-im-aufschwung\\\/\",\"name\":\"Interim Management in Kanada: Ein Markt im Aufschwung &#187; Management Factory\",\"isPartOf\":{\"@id\":\"https:\\\/\\\/mf.ag\\\/de\\\/#website\"},\"primaryImageOfPage\":{\"@id\":\"https:\\\/\\\/mf.ag\\\/de\\\/artikel\\\/interim-management-in-kanada-ein-markt-im-aufschwung\\\/#primaryimage\"},\"image\":{\"@id\":\"https:\\\/\\\/mf.ag\\\/de\\\/artikel\\\/interim-management-in-kanada-ein-markt-im-aufschwung\\\/#primaryimage\"},\"thumbnailUrl\":\"https:\\\/\\\/mf.ag\\\/wp-content\\\/uploads\\\/2025\\\/07\\\/Website-Bilder-Neu-71.png\",\"datePublished\":\"2025-07-02T11:45:20+00:00\",\"dateModified\":\"2025-08-04T05:52:02+00:00\",\"breadcrumb\":{\"@id\":\"https:\\\/\\\/mf.ag\\\/de\\\/artikel\\\/interim-management-in-kanada-ein-markt-im-aufschwung\\\/#breadcrumb\"},\"inLanguage\":\"de\",\"potentialAction\":[{\"@type\":\"ReadAction\",\"target\":[\"https:\\\/\\\/mf.ag\\\/de\\\/artikel\\\/interim-management-in-kanada-ein-markt-im-aufschwung\\\/\"]}]},{\"@type\":\"ImageObject\",\"inLanguage\":\"de\",\"@id\":\"https:\\\/\\\/mf.ag\\\/de\\\/artikel\\\/interim-management-in-kanada-ein-markt-im-aufschwung\\\/#primaryimage\",\"url\":\"https:\\\/\\\/mf.ag\\\/wp-content\\\/uploads\\\/2025\\\/07\\\/Website-Bilder-Neu-71.png\",\"contentUrl\":\"https:\\\/\\\/mf.ag\\\/wp-content\\\/uploads\\\/2025\\\/07\\\/Website-Bilder-Neu-71.png\",\"width\":1920,\"height\":1080},{\"@type\":\"BreadcrumbList\",\"@id\":\"https:\\\/\\\/mf.ag\\\/de\\\/artikel\\\/interim-management-in-kanada-ein-markt-im-aufschwung\\\/#breadcrumb\",\"itemListElement\":[{\"@type\":\"ListItem\",\"position\":1,\"name\":\"Home\",\"item\":\"https:\\\/\\\/mf.ag\\\/de\\\/\"},{\"@type\":\"ListItem\",\"position\":2,\"name\":\"Interim Management in Kanada: Ein Markt im Aufschwung\"}]},{\"@type\":\"WebSite\",\"@id\":\"https:\\\/\\\/mf.ag\\\/de\\\/#website\",\"url\":\"https:\\\/\\\/mf.ag\\\/de\\\/\",\"name\":\"Management Factory\",\"description\":\"Mit Executive Interim Management und Financial Advisory das Gesch\u00e4ft voranbringen\",\"publisher\":{\"@id\":\"https:\\\/\\\/mf.ag\\\/de\\\/#organization\"},\"potentialAction\":[{\"@type\":\"SearchAction\",\"target\":{\"@type\":\"EntryPoint\",\"urlTemplate\":\"https:\\\/\\\/mf.ag\\\/de\\\/?s={search_term_string}\"},\"query-input\":{\"@type\":\"PropertyValueSpecification\",\"valueRequired\":true,\"valueName\":\"search_term_string\"}}],\"inLanguage\":\"de\"},{\"@type\":\"Organization\",\"@id\":\"https:\\\/\\\/mf.ag\\\/de\\\/#organization\",\"name\":\"Management Factory\",\"url\":\"https:\\\/\\\/mf.ag\\\/de\\\/\",\"logo\":{\"@type\":\"ImageObject\",\"inLanguage\":\"de\",\"@id\":\"https:\\\/\\\/mf.ag\\\/de\\\/#\\\/schema\\\/logo\\\/image\\\/\",\"url\":\"\",\"contentUrl\":\"\",\"caption\":\"Management Factory\"},\"image\":{\"@id\":\"https:\\\/\\\/mf.ag\\\/de\\\/#\\\/schema\\\/logo\\\/image\\\/\"}},{\"@type\":\"Person\",\"@id\":\"https:\\\/\\\/mf.ag\\\/de\\\/#\\\/schema\\\/person\\\/b4f47b23f6fc2a23a6f69c9bf8e5292d\",\"name\":\"Annika Porsch\",\"image\":{\"@type\":\"ImageObject\",\"inLanguage\":\"de\",\"@id\":\"https:\\\/\\\/secure.gravatar.com\\\/avatar\\\/35b703c761935cb4e6dee2bcf5aa14408ea4102076ef1a6cd839ac730f42230f?s=96&r=g\",\"url\":\"https:\\\/\\\/secure.gravatar.com\\\/avatar\\\/35b703c761935cb4e6dee2bcf5aa14408ea4102076ef1a6cd839ac730f42230f?s=96&r=g\",\"contentUrl\":\"https:\\\/\\\/secure.gravatar.com\\\/avatar\\\/35b703c761935cb4e6dee2bcf5aa14408ea4102076ef1a6cd839ac730f42230f?s=96&r=g\",\"caption\":\"Annika Porsch\"},\"url\":\"https:\\\/\\\/mf.ag\\\/de\\\/author\\\/annika\\\/\"}]}<\/script>\n<!-- \/ Yoast SEO Premium plugin. -->","yoast_head_json":{"title":"Interim Management in Kanada: Ein Markt im Aufschwung &#187; Management Factory","robots":{"index":"index","follow":"follow","max-snippet":"max-snippet:-1","max-image-preview":"max-image-preview:large","max-video-preview":"max-video-preview:-1"},"canonical":"https:\/\/mf.ag\/de\/artikel\/interim-management-in-kanada-ein-markt-im-aufschwung\/","og_locale":"de_DE","og_type":"article","og_title":"Interim Management in Kanada: Ein Markt im Aufschwung","og_description":"Das Thema Executive Interim Management gewinnt weltweit an Bedeutung. W\u00e4hrend der Interim Markt in Europa bereits gut etabliert ist, steckt das Thema Interim-F\u00fchrung in Kanada noch in den Kinderschuhen \u2013 mit starkem Wachstum. An der Spitze dieser Entwicklung steht Beno\u00eet Cr\u00e9neau, CEO von xNorth\u2122 \u2013 Executive Interim Management und kanadischer Partner der Valtus Alliance. In [&hellip;]","og_url":"https:\/\/mf.ag\/de\/artikel\/interim-management-in-kanada-ein-markt-im-aufschwung\/","og_site_name":"Management Factory","article_published_time":"2025-07-02T11:45:20+00:00","article_modified_time":"2025-08-04T05:52:02+00:00","og_image":[{"width":1920,"height":1080,"url":"https:\/\/mf.ag\/wp-content\/uploads\/2025\/07\/Website-Bilder-Neu-71.png","type":"image\/png"}],"author":"Annika Porsch","twitter_card":"summary_large_image","twitter_misc":{"Verfasst von":"Annika Porsch","Gesch\u00e4tzte Lesezeit":"6\u00a0Minuten"},"schema":{"@context":"https:\/\/schema.org","@graph":[{"@type":"Article","@id":"https:\/\/mf.ag\/de\/artikel\/interim-management-in-kanada-ein-markt-im-aufschwung\/#article","isPartOf":{"@id":"https:\/\/mf.ag\/de\/artikel\/interim-management-in-kanada-ein-markt-im-aufschwung\/"},"author":{"name":"Annika Porsch","@id":"https:\/\/mf.ag\/de\/#\/schema\/person\/b4f47b23f6fc2a23a6f69c9bf8e5292d"},"headline":"Interim Management in Kanada: Ein Markt im Aufschwung","datePublished":"2025-07-02T11:45:20+00:00","dateModified":"2025-08-04T05:52:02+00:00","mainEntityOfPage":{"@id":"https:\/\/mf.ag\/de\/artikel\/interim-management-in-kanada-ein-markt-im-aufschwung\/"},"wordCount":1079,"publisher":{"@id":"https:\/\/mf.ag\/de\/#organization"},"image":{"@id":"https:\/\/mf.ag\/de\/artikel\/interim-management-in-kanada-ein-markt-im-aufschwung\/#primaryimage"},"thumbnailUrl":"https:\/\/mf.ag\/wp-content\/uploads\/2025\/07\/Website-Bilder-Neu-71.png","keywords":["CEO","CFO","Interim Management","Kanada","\u00d6konomie","Transformation","Valtus Alliance"],"articleSection":["Artikel"],"inLanguage":"de"},{"@type":"WebPage","@id":"https:\/\/mf.ag\/de\/artikel\/interim-management-in-kanada-ein-markt-im-aufschwung\/","url":"https:\/\/mf.ag\/de\/artikel\/interim-management-in-kanada-ein-markt-im-aufschwung\/","name":"Interim Management in Kanada: Ein Markt im Aufschwung &#187; Management Factory","isPartOf":{"@id":"https:\/\/mf.ag\/de\/#website"},"primaryImageOfPage":{"@id":"https:\/\/mf.ag\/de\/artikel\/interim-management-in-kanada-ein-markt-im-aufschwung\/#primaryimage"},"image":{"@id":"https:\/\/mf.ag\/de\/artikel\/interim-management-in-kanada-ein-markt-im-aufschwung\/#primaryimage"},"thumbnailUrl":"https:\/\/mf.ag\/wp-content\/uploads\/2025\/07\/Website-Bilder-Neu-71.png","datePublished":"2025-07-02T11:45:20+00:00","dateModified":"2025-08-04T05:52:02+00:00","breadcrumb":{"@id":"https:\/\/mf.ag\/de\/artikel\/interim-management-in-kanada-ein-markt-im-aufschwung\/#breadcrumb"},"inLanguage":"de","potentialAction":[{"@type":"ReadAction","target":["https:\/\/mf.ag\/de\/artikel\/interim-management-in-kanada-ein-markt-im-aufschwung\/"]}]},{"@type":"ImageObject","inLanguage":"de","@id":"https:\/\/mf.ag\/de\/artikel\/interim-management-in-kanada-ein-markt-im-aufschwung\/#primaryimage","url":"https:\/\/mf.ag\/wp-content\/uploads\/2025\/07\/Website-Bilder-Neu-71.png","contentUrl":"https:\/\/mf.ag\/wp-content\/uploads\/2025\/07\/Website-Bilder-Neu-71.png","width":1920,"height":1080},{"@type":"BreadcrumbList","@id":"https:\/\/mf.ag\/de\/artikel\/interim-management-in-kanada-ein-markt-im-aufschwung\/#breadcrumb","itemListElement":[{"@type":"ListItem","position":1,"name":"Home","item":"https:\/\/mf.ag\/de\/"},{"@type":"ListItem","position":2,"name":"Interim Management in Kanada: Ein Markt im Aufschwung"}]},{"@type":"WebSite","@id":"https:\/\/mf.ag\/de\/#website","url":"https:\/\/mf.ag\/de\/","name":"Management Factory","description":"Mit Executive Interim Management und Financial Advisory das Gesch\u00e4ft voranbringen","publisher":{"@id":"https:\/\/mf.ag\/de\/#organization"},"potentialAction":[{"@type":"SearchAction","target":{"@type":"EntryPoint","urlTemplate":"https:\/\/mf.ag\/de\/?s={search_term_string}"},"query-input":{"@type":"PropertyValueSpecification","valueRequired":true,"valueName":"search_term_string"}}],"inLanguage":"de"},{"@type":"Organization","@id":"https:\/\/mf.ag\/de\/#organization","name":"Management Factory","url":"https:\/\/mf.ag\/de\/","logo":{"@type":"ImageObject","inLanguage":"de","@id":"https:\/\/mf.ag\/de\/#\/schema\/logo\/image\/","url":"","contentUrl":"","caption":"Management Factory"},"image":{"@id":"https:\/\/mf.ag\/de\/#\/schema\/logo\/image\/"}},{"@type":"Person","@id":"https:\/\/mf.ag\/de\/#\/schema\/person\/b4f47b23f6fc2a23a6f69c9bf8e5292d","name":"Annika Porsch","image":{"@type":"ImageObject","inLanguage":"de","@id":"https:\/\/secure.gravatar.com\/avatar\/35b703c761935cb4e6dee2bcf5aa14408ea4102076ef1a6cd839ac730f42230f?s=96&r=g","url":"https:\/\/secure.gravatar.com\/avatar\/35b703c761935cb4e6dee2bcf5aa14408ea4102076ef1a6cd839ac730f42230f?s=96&r=g","contentUrl":"https:\/\/secure.gravatar.com\/avatar\/35b703c761935cb4e6dee2bcf5aa14408ea4102076ef1a6cd839ac730f42230f?s=96&r=g","caption":"Annika Porsch"},"url":"https:\/\/mf.ag\/de\/author\/annika\/"}]}},"_links":{"self":[{"href":"https:\/\/mf.ag\/de\/wp-json\/wp\/v2\/posts\/61739","targetHints":{"allow":["GET"]}}],"collection":[{"href":"https:\/\/mf.ag\/de\/wp-json\/wp\/v2\/posts"}],"about":[{"href":"https:\/\/mf.ag\/de\/wp-json\/wp\/v2\/types\/post"}],"author":[{"embeddable":true,"href":"https:\/\/mf.ag\/de\/wp-json\/wp\/v2\/users\/29"}],"replies":[{"embeddable":true,"href":"https:\/\/mf.ag\/de\/wp-json\/wp\/v2\/comments?post=61739"}],"version-history":[{"count":7,"href":"https:\/\/mf.ag\/de\/wp-json\/wp\/v2\/posts\/61739\/revisions"}],"predecessor-version":[{"id":62023,"href":"https:\/\/mf.ag\/de\/wp-json\/wp\/v2\/posts\/61739\/revisions\/62023"}],"wp:featuredmedia":[{"embeddable":true,"href":"https:\/\/mf.ag\/de\/wp-json\/wp\/v2\/media\/61740"}],"wp:attachment":[{"href":"https:\/\/mf.ag\/de\/wp-json\/wp\/v2\/media?parent=61739"}],"wp:term":[{"taxonomy":"category","embeddable":true,"href":"https:\/\/mf.ag\/de\/wp-json\/wp\/v2\/categories?post=61739"},{"taxonomy":"post_tag","embeddable":true,"href":"https:\/\/mf.ag\/de\/wp-json\/wp\/v2\/tags?post=61739"}],"curies":[{"name":"wp","href":"https:\/\/api.w.org\/{rel}","templated":true}]}}