{"id":60135,"date":"2025-04-11T10:45:00","date_gmt":"2025-04-11T08:45:00","guid":{"rendered":"https:\/\/mf.ag\/?p=60135"},"modified":"2026-01-12T13:13:56","modified_gmt":"2026-01-12T12:13:56","slug":"hr-zwischen-bruchlinien-und-brueckenbauen-rueckblick-auf-die-pop-2025-in-stegersbach","status":"publish","type":"post","link":"https:\/\/mf.ag\/de\/artikel\/hr-zwischen-bruchlinien-und-brueckenbauen-rueckblick-auf-die-pop-2025-in-stegersbach\/","title":{"rendered":"HR zwischen Bruchlinien und Br\u00fcckenbauen \u2013 R\u00fcckblick auf die POP 2025 in Stegersbach"},"content":{"rendered":"\n<p><strong>Zwei fulminante Tage mit und f\u00fcr HR-Verantwortliche. Und jede Menge Diskussionsstoff. Die&nbsp;<a href=\"https:\/\/www.businesscircle.at\/events\/pop-power-of-people\" target=\"_blank\" rel=\"noreferrer noopener\">Power of People<\/a> 2025&nbsp;organsiert vom <a href=\"https:\/\/www.businesscircle.at\/\" target=\"_blank\" rel=\"noreferrer noopener\">Business Circle<\/a> war kein Event f\u00fcr Floskeln \u2013 sondern ein Ort, an dem Klartext gesprochen wurde.<\/strong><\/p>\n\n\n\n<figure class=\"wp-block-image size-large\"><img loading=\"lazy\" decoding=\"async\" width=\"1024\" height=\"576\" src=\"https:\/\/mf.ag\/wp-content\/uploads\/2025\/04\/Website-Bilder-Neu-7-1024x576.png\" alt=\"\" class=\"wp-image-60170\" srcset=\"https:\/\/mf.ag\/wp-content\/uploads\/2025\/04\/Website-Bilder-Neu-7-1024x576.png 1024w, https:\/\/mf.ag\/wp-content\/uploads\/2025\/04\/Website-Bilder-Neu-7-300x169.png 300w, https:\/\/mf.ag\/wp-content\/uploads\/2025\/04\/Website-Bilder-Neu-7-768x432.png 768w, https:\/\/mf.ag\/wp-content\/uploads\/2025\/04\/Website-Bilder-Neu-7-1536x864.png 1536w, https:\/\/mf.ag\/wp-content\/uploads\/2025\/04\/Website-Bilder-Neu-7.png 1920w\" sizes=\"auto, (max-width: 1024px) 100vw, 1024px\" \/><\/figure>\n\n\n\n<h3 class=\"wp-block-heading\" id=\"h-fuhrung-neu-denken\"><strong>F\u00fchrung? Neu denken!<\/strong><\/h3>\n\n\n\n<p><a href=\"https:\/\/www.linkedin.com\/in\/danielvonier\/\" target=\"_blank\" rel=\"noreferrer noopener\">Daniel Vonier<\/a> erinnerte uns eindr\u00fccklich daran, dass klassische F\u00fchrungsmodelle in der Komplexit\u00e4t der heutigen Welt schlicht nicht mehr greifen. Seine These: F\u00fchrung ist kein individuelles Talent, sondern eine kollektive F\u00e4higkeit. HR muss raus aus der Enabler-Ecke und rein in die Rolle des aktiven Gestalters \u2013 um in Zeiten von Dauerkrise eine resiliente Kultur zu bauen.<\/p>\n\n\n\n<figure class=\"wp-block-image size-large\"><img loading=\"lazy\" decoding=\"async\" width=\"1024\" height=\"576\" src=\"https:\/\/mf.ag\/wp-content\/uploads\/2025\/04\/Website-Bilder-Neu-4-1024x576.png\" alt=\"\" class=\"wp-image-60164\" srcset=\"https:\/\/mf.ag\/wp-content\/uploads\/2025\/04\/Website-Bilder-Neu-4-1024x576.png 1024w, https:\/\/mf.ag\/wp-content\/uploads\/2025\/04\/Website-Bilder-Neu-4-300x169.png 300w, https:\/\/mf.ag\/wp-content\/uploads\/2025\/04\/Website-Bilder-Neu-4-768x432.png 768w, https:\/\/mf.ag\/wp-content\/uploads\/2025\/04\/Website-Bilder-Neu-4-1536x864.png 1536w, https:\/\/mf.ag\/wp-content\/uploads\/2025\/04\/Website-Bilder-Neu-4.png 1920w\" sizes=\"auto, (max-width: 1024px) 100vw, 1024px\" \/><\/figure>\n\n\n\n<h3 class=\"wp-block-heading\" id=\"h-hr-als-leuchtturm-nicht-als-fahnchen-im-wind\"><strong>HR als Leuchtturm \u2013 nicht als F\u00e4hnchen im Wind<\/strong><\/h3>\n\n\n\n<p><a href=\"https:\/\/www.linkedin.com\/in\/annette-scheckmann\/\" target=\"_blank\" rel=\"noreferrer noopener\">Annette Scheckmann<\/a> (<a href=\"https:\/\/www.strabag.com\/de\" target=\"_blank\" rel=\"noreferrer noopener\">STRABAG<\/a>) zeigte auf, was es braucht, um HR auf Augenh\u00f6he mit dem Vorstand zu positionieren: strategisches Denken, ein klarer Blick auf k\u00fcnftige Anforderungen \u2013 und die Bereitschaft, auch unbequeme Weichenstellungen zu treffen.<\/p>\n\n\n\n<figure class=\"wp-block-image size-large\"><img loading=\"lazy\" decoding=\"async\" width=\"1024\" height=\"576\" src=\"https:\/\/mf.ag\/wp-content\/uploads\/2025\/04\/Website-Bilder-Neu-5-1024x576.png\" alt=\"\" class=\"wp-image-60166\" srcset=\"https:\/\/mf.ag\/wp-content\/uploads\/2025\/04\/Website-Bilder-Neu-5-1024x576.png 1024w, https:\/\/mf.ag\/wp-content\/uploads\/2025\/04\/Website-Bilder-Neu-5-300x169.png 300w, https:\/\/mf.ag\/wp-content\/uploads\/2025\/04\/Website-Bilder-Neu-5-768x432.png 768w, https:\/\/mf.ag\/wp-content\/uploads\/2025\/04\/Website-Bilder-Neu-5-1536x864.png 1536w, https:\/\/mf.ag\/wp-content\/uploads\/2025\/04\/Website-Bilder-Neu-5.png 1920w\" sizes=\"auto, (max-width: 1024px) 100vw, 1024px\" \/><\/figure>\n\n\n\n<h3 class=\"wp-block-heading\" id=\"h-wirtschaftlicher-gegenwind-steigende-unsicherheit-und-die-stimmung-kippt\"><strong>Wirtschaftlicher Gegenwind, steigende Unsicherheit \u2013 und die Stimmung kippt<\/strong><\/h3>\n\n\n\n<p>Im Panel mit u.\u202fa. <a href=\"https:\/\/www.oebb.at\/\" target=\"_blank\" rel=\"noreferrer noopener\">\u00d6BB<\/a>, <a href=\"https:\/\/www.siemens.com\/at\/de.html\" target=\"_blank\" rel=\"noreferrer noopener\">Siemens<\/a>, <a href=\"https:\/\/www.pwc.at\/\" target=\"_blank\" rel=\"noreferrer noopener\">PwC<\/a> und <a href=\"https:\/\/www.edenred.at\/\" target=\"_blank\" rel=\"noreferrer noopener\">Edenred<\/a> wurde deutlich: HR muss heute mehr denn je zwischen wirtschaftlichem Druck, Employer Branding-Versprechen und Mitarbeitenden-Stimmung vermitteln. Die Kernfrage: Wie schaffen wir Vertrauen und Orientierung \u2013 auch wenn es intern nicht nur gute Nachrichten gibt?<\/p>\n\n\n\n<h3 class=\"wp-block-heading\" id=\"h-people-analytics-amp-digital-hr\"><strong>People Analytics &amp; Digital HR<\/strong><\/h3>\n\n\n\n<p><a href=\"https:\/\/www.linkedin.com\/in\/peopledatadan\/\" target=\"_blank\" rel=\"noreferrer noopener\">Daniel M\u00fchlbauer<\/a> appellierte: Lasst uns den Kern von datenbasierter Personalarbeit nicht aus den Augen verlieren. Es geht nicht um Technik um der Technik willen, sondern um echte Anwendungsf\u00e4lle. Und beim Thema KI im HR? Sein Credo: Hyperpersonalisierung statt Overengineering. Klein anfangen, gezielt skalieren.<\/p>\n\n\n\n<h3 class=\"wp-block-heading\" id=\"h-espresso-talk-mit-echtem-tiefgang\"><strong>Espresso Talk mit echtem Tiefgang<\/strong><\/h3>\n\n\n\n<p>Wenn HR und Personalberatung sich (nicht) verstehen \u2013 <a href=\"https:\/\/www.iventa.eu\/team\/martin-mayer\/\" target=\"_blank\" rel=\"noreferrer noopener\">Martin Mayer<\/a> (<a href=\"https:\/\/www.iventa.eu\/\" target=\"_blank\" rel=\"noreferrer noopener\">Iventa<\/a>) und <a href=\"https:\/\/www.linkedin.com\/in\/christina-kallinger-197318205\/\" target=\"_blank\" rel=\"noreferrer noopener\">Christina Kallinger<\/a> (<a href=\"https:\/\/www.grawe.at\/\" target=\"_blank\" rel=\"noreferrer noopener\">GRAWE<\/a>) zeigten, wie wichtig Perspektivwechsel und ehrliche Kommunikation sind, wenn man wirklich gemeinsam gestalten will.<\/p>\n\n\n\n<figure class=\"wp-block-image size-large\"><img loading=\"lazy\" decoding=\"async\" width=\"1024\" height=\"576\" src=\"https:\/\/mf.ag\/wp-content\/uploads\/2025\/04\/Website-Bilder-Neu-6-1024x576.png\" alt=\"\" class=\"wp-image-60168\" srcset=\"https:\/\/mf.ag\/wp-content\/uploads\/2025\/04\/Website-Bilder-Neu-6-1024x576.png 1024w, https:\/\/mf.ag\/wp-content\/uploads\/2025\/04\/Website-Bilder-Neu-6-300x169.png 300w, https:\/\/mf.ag\/wp-content\/uploads\/2025\/04\/Website-Bilder-Neu-6-768x432.png 768w, https:\/\/mf.ag\/wp-content\/uploads\/2025\/04\/Website-Bilder-Neu-6-1536x864.png 1536w, https:\/\/mf.ag\/wp-content\/uploads\/2025\/04\/Website-Bilder-Neu-6.png 1920w\" sizes=\"auto, (max-width: 1024px) 100vw, 1024px\" \/><\/figure>\n\n\n\n<h3 class=\"wp-block-heading\" id=\"h-unser-beitrag-von-management-factory-transformation-restrukturierungen-amp-personalreduktion\"><strong>Unser Beitrag von Management Factory<\/strong> <strong>\u201eTransformation, <a href=\"https:\/\/mf.ag\/de\/restrukturierung\/\">Restrukturierungen<\/a> &amp; Personalreduktion?\u201c<\/strong><\/h3>\n\n\n\n<p>Diese Themen sind in vielen Unternehmen harte Realit\u00e4t \u2013 aber selten professionell gesteuert. Wir zeigten die zahlreichen Vorteile auf, wie externe Interim Manager:innen in solchen Prozessen professionell durch die Krise steuern und Stabilit\u00e4t schaffen &amp; Verantwortung \u00fcbernehmen. Denn: Wer F\u00fchrung tempor\u00e4r verliert, braucht einen klaren Kopf von au\u00dfen.<\/p>\n\n\n\n<figure class=\"wp-block-image size-large\"><img loading=\"lazy\" decoding=\"async\" width=\"1024\" height=\"576\" src=\"https:\/\/mf.ag\/wp-content\/uploads\/2025\/04\/Website-Bilder-Neu-11-1024x576.png\" alt=\"\" class=\"wp-image-60184\" srcset=\"https:\/\/mf.ag\/wp-content\/uploads\/2025\/04\/Website-Bilder-Neu-11-1024x576.png 1024w, https:\/\/mf.ag\/wp-content\/uploads\/2025\/04\/Website-Bilder-Neu-11-300x169.png 300w, https:\/\/mf.ag\/wp-content\/uploads\/2025\/04\/Website-Bilder-Neu-11-768x432.png 768w, https:\/\/mf.ag\/wp-content\/uploads\/2025\/04\/Website-Bilder-Neu-11-1536x864.png 1536w, https:\/\/mf.ag\/wp-content\/uploads\/2025\/04\/Website-Bilder-Neu-11.png 1920w\" sizes=\"auto, (max-width: 1024px) 100vw, 1024px\" \/><\/figure>\n\n\n\n<p>Nina Neubauer berichtete \u00fcber Interim Management in Krisensituationen. Interim Manager:innen bringen erprobte Krisenerfahrung, klare Ergebnisorientierung und Effizienz mit. Neben der Stabilisierung des operativen Gesch\u00e4fts f\u00fchren sie Unternehmen auch durch sensible Prozesse wie den strategischen Personalabbau \u2013 professionell, transparent und mit Blick auf langfristige Stabilit\u00e4t. F\u00fcr HR-Verantwortliche ist der Einsatz externe:r <a href=\"https:\/\/mf.ag\/de\/interim-manager\/\">Interim Manager:in<\/a> ein starkes Signal f\u00fcr wirksames, strategisches Krisen- und Transformationsmanagement.<\/p>\n\n\n\n<p><a href=\"https:\/\/mf.ag\/de\/thomas-tschol\/\" target=\"_blank\" rel=\"noreferrer noopener\">Thomas Tschol<\/a> beleuchtete die Hauptgr\u00fcnde der Unternehmenskrisen: <\/p>\n\n\n\n<ul class=\"wp-block-list\">\n<li>Strategie: Unzureichende Markt-Wettbewerbsanalyse<\/li>\n\n\n\n<li>Organisation: Hierarchisches Durcheinander schlechte Prozesse\/Umsetzung<\/li>\n\n\n\n<li>Finanzen: Keine verl\u00e4ssliche Datenbasis bzw. falsche Finanzierungen<\/li>\n\n\n\n<li>Stakeholder Management: Vernachl\u00e4ssigte Beziehungen<\/li>\n\n\n\n<li>Entschlussst\u00e4rke: too little, to late<\/li>\n<\/ul>\n\n\n\n<p>Zu sp\u00e4tes Handeln ist ein h\u00e4ufiger Fehler in Unternehmenskrisen. Aus 100 Projekten wurden f\u00fcnf Hauptursachen identifiziert: mangelnde Strategie, organisatorisches Chaos, fehlende Finanztransparenz, vernachl\u00e4ssigte Stakeholder-Beziehungen und fehlende Entschlusskraft.<\/p>\n\n\n\n<figure class=\"wp-block-image size-large\"><img loading=\"lazy\" decoding=\"async\" width=\"1024\" height=\"576\" src=\"https:\/\/mf.ag\/wp-content\/uploads\/2025\/04\/Website-Bilder-Neu-10-1024x576.png\" alt=\"\" class=\"wp-image-60182\" srcset=\"https:\/\/mf.ag\/wp-content\/uploads\/2025\/04\/Website-Bilder-Neu-10-1024x576.png 1024w, https:\/\/mf.ag\/wp-content\/uploads\/2025\/04\/Website-Bilder-Neu-10-300x169.png 300w, https:\/\/mf.ag\/wp-content\/uploads\/2025\/04\/Website-Bilder-Neu-10-768x432.png 768w, https:\/\/mf.ag\/wp-content\/uploads\/2025\/04\/Website-Bilder-Neu-10-1536x864.png 1536w, https:\/\/mf.ag\/wp-content\/uploads\/2025\/04\/Website-Bilder-Neu-10.png 1920w\" sizes=\"auto, (max-width: 1024px) 100vw, 1024px\" \/><\/figure>\n\n\n\n<h3 class=\"wp-block-heading\" id=\"h-lohntransparenz-zwischen-fairness-und-standortkosten\"><strong>Lohntransparenz: Zwischen Fairness und Standortkosten<\/strong><\/h3>\n\n\n\n<p>Im Panel&nbsp;<strong>\u201eMensch. Kosten. Standort.\u201c<\/strong>&nbsp;diskutierten <a href=\"https:\/\/www.linkedin.com\/in\/petra-draxl-2707b04a\/\" target=\"_blank\" rel=\"noreferrer noopener\">Petra Draxl<\/a> (<a href=\"https:\/\/www.ams.at\/\" target=\"_blank\" rel=\"noreferrer noopener\">AMS<\/a>), <a href=\"https:\/\/www.linkedin.com\/in\/alexandra-eperjesi\/\" target=\"_blank\" rel=\"noreferrer noopener\">Alexandra Eperjesi-Hefner<\/a> (<a href=\"https:\/\/www.lindlpower.com\/\" target=\"_blank\" rel=\"noreferrer noopener\">LINDLPOWER<\/a>), <a href=\"https:\/\/www.linkedin.com\/in\/markus-tomaschitz-40688980\/\" target=\"_blank\" rel=\"noreferrer noopener\">Markus Tomaschitz<\/a> (<a href=\"https:\/\/www.avl.com\/de-at\" target=\"_blank\" rel=\"noreferrer noopener\">AVL<\/a>) und <a href=\"https:\/\/www.linkedin.com\/in\/eduard-storm-0590241a6\/\" target=\"_blank\" rel=\"noreferrer noopener\">Eduard Storm <\/a>(<a href=\"https:\/\/www.ihs.ac.at\/de\/\" target=\"_blank\" rel=\"noreferrer noopener\">IHS<\/a>), wie sich das neue Lohntransparenzgesetz auf die Attraktivit\u00e4t des Standorts \u00d6sterreich auswirkt \u2013 und wie HR helfen kann, faire Entlohnung mit betriebswirtschaftlicher Realit\u00e4t in Einklang zu bringen. Im Fokus: Die Rolle von HR als Balance-Halter zwischen Mensch und System.<\/p>\n\n\n\n<h3 class=\"wp-block-heading\" id=\"h-people-analytics-amp-ki-von-der-technik-zur-wirkung\"><strong>People Analytics &amp; KI \u2013 von der Technik zur Wirkung<\/strong><\/h3>\n\n\n\n<p>Daniel M\u00fchlbauer erinnerte daran, dass datenbasierte HR-Arbeit kein Selbstzweck ist. People Analytics muss konkrete Probleme l\u00f6sen, nicht nur Reports produzieren. Bei der digitalen People Experience geht es um Personalisierung statt Automatisierungs-Overkill.<\/p>\n\n\n\n<h3 class=\"wp-block-heading\" id=\"h-session-i-equal-pay-fairness-im-fokus\"><strong>SESSION I: Equal Pay \u2013 Fairness im Fokus<\/strong><\/h3>\n\n\n\n<p><a href=\"https:\/\/www.linkedin.com\/in\/sophie-landauf-a58068181\/\" target=\"_blank\" rel=\"noreferrer noopener\">Sophie Landauf<\/a> &amp; <a href=\"https:\/\/www.linkedin.com\/in\/johanna-schaller-150161131\/\" target=\"_blank\" rel=\"noreferrer noopener\">Johanna Schaller<\/a> (<a href=\"https:\/\/www.pwc.at\/\" target=\"_blank\" rel=\"noreferrer noopener\">PwC \u00d6sterreich<\/a>) zeigten, wie die EU-Entgelttransparenzrichtlinie HR zwingt, Verg\u00fctung neu zu denken. Grading-Systeme, KI-gest\u00fctzte Analysen und strategische Gehaltsstrukturen werden zu zentralen Tools \u2013 aber nicht ohne kluge, menschliche Abw\u00e4gung.<\/p>\n\n\n\n<h3 class=\"wp-block-heading\" id=\"h-fazit\"><strong>Fazit?<\/strong><\/h3>\n\n\n\n<p>Die POP 2025 hat gezeigt: HR ist nicht mehr blo\u00df Umsetzer, sondern Zukunftsgestalter.<br>Zwischen Fachkr\u00e4ftemangel, Kulturwandel und digitalen Umbr\u00fcchen braucht es Haltung, Mut und Systemkompetenz.<\/p>\n\n\n\n<figure class=\"wp-block-image size-large\"><img loading=\"lazy\" decoding=\"async\" width=\"1024\" height=\"576\" src=\"https:\/\/mf.ag\/wp-content\/uploads\/2025\/04\/Website-Bilder-Neu-8-1024x576.png\" alt=\"\" class=\"wp-image-60172\" srcset=\"https:\/\/mf.ag\/wp-content\/uploads\/2025\/04\/Website-Bilder-Neu-8-1024x576.png 1024w, https:\/\/mf.ag\/wp-content\/uploads\/2025\/04\/Website-Bilder-Neu-8-300x169.png 300w, https:\/\/mf.ag\/wp-content\/uploads\/2025\/04\/Website-Bilder-Neu-8-768x432.png 768w, https:\/\/mf.ag\/wp-content\/uploads\/2025\/04\/Website-Bilder-Neu-8-1536x864.png 1536w, https:\/\/mf.ag\/wp-content\/uploads\/2025\/04\/Website-Bilder-Neu-8.png 1920w\" sizes=\"auto, (max-width: 1024px) 100vw, 1024px\" \/><\/figure>\n\n\n\n<p>Und wir freuen uns, mitzugestalten. Es war sch\u00f6n, aktiv einen Beitrag leisten zu k\u00f6nnen und wir freuen uns schon aufs n\u00e4chste Mal<\/p>\n\n\n\n<figure class=\"wp-block-image size-large\"><img loading=\"lazy\" decoding=\"async\" width=\"1024\" height=\"576\" src=\"https:\/\/mf.ag\/wp-content\/uploads\/2025\/04\/Website-Bilder-Neu-9-1024x576.png\" alt=\"\" class=\"wp-image-60174\" srcset=\"https:\/\/mf.ag\/wp-content\/uploads\/2025\/04\/Website-Bilder-Neu-9-1024x576.png 1024w, https:\/\/mf.ag\/wp-content\/uploads\/2025\/04\/Website-Bilder-Neu-9-300x169.png 300w, https:\/\/mf.ag\/wp-content\/uploads\/2025\/04\/Website-Bilder-Neu-9-768x432.png 768w, https:\/\/mf.ag\/wp-content\/uploads\/2025\/04\/Website-Bilder-Neu-9-1536x864.png 1536w, https:\/\/mf.ag\/wp-content\/uploads\/2025\/04\/Website-Bilder-Neu-9.png 1920w\" sizes=\"auto, (max-width: 1024px) 100vw, 1024px\" \/><\/figure>\n","protected":false},"excerpt":{"rendered":"<p>Zwei fulminante Tage mit und f\u00fcr HR-Verantwortliche. Und jede Menge Diskussionsstoff. Die&nbsp;Power of People 2025&nbsp;organsiert vom Business Circle war kein Event f\u00fcr Floskeln \u2013 sondern ein Ort, an dem Klartext gesprochen wurde. F\u00fchrung? Neu denken! Daniel Vonier erinnerte uns eindr\u00fccklich daran, dass klassische F\u00fchrungsmodelle in der Komplexit\u00e4t der heutigen Welt schlicht nicht mehr greifen. Seine [&hellip;]<\/p>\n","protected":false},"author":56,"featured_media":60162,"comment_status":"closed","ping_status":"closed","sticky":false,"template":"","format":"standard","meta":{"inline_featured_image":false,"footnotes":""},"categories":[3268],"tags":[3642,3910,3372,3996,3282],"class_list":["post-60135","post","type-post","status-publish","format-standard","has-post-thumbnail","hentry","category-artikel","tag-hr-3","tag-hr-interim-management","tag-interim-management-3","tag-konferenz","tag-restrukturierung"],"featured_image_urls_v2":{"full":["https:\/\/mf.ag\/wp-content\/uploads\/2025\/04\/Website-Bilder-Neu-1-1.png",1920,1080,false],"thumbnail":["https:\/\/mf.ag\/wp-content\/uploads\/2025\/04\/Website-Bilder-Neu-1-1-250x250.png",250,250,true],"medium":["https:\/\/mf.ag\/wp-content\/uploads\/2025\/04\/Website-Bilder-Neu-1-1-300x169.png",300,169,true],"medium_large":["https:\/\/mf.ag\/wp-content\/uploads\/2025\/04\/Website-Bilder-Neu-1-1-768x432.png",768,432,true],"large":["https:\/\/mf.ag\/wp-content\/uploads\/2025\/04\/Website-Bilder-Neu-1-1-1024x576.png",1024,576,true],"1536x1536":["https:\/\/mf.ag\/wp-content\/uploads\/2025\/04\/Website-Bilder-Neu-1-1-1536x864.png",1536,864,true],"2048x2048":["https:\/\/mf.ag\/wp-content\/uploads\/2025\/04\/Website-Bilder-Neu-1-1.png",1920,1080,false],"gform-image-choice-sm":["https:\/\/mf.ag\/wp-content\/uploads\/2025\/04\/Website-Bilder-Neu-1-1-300x300.png",300,300,true],"gform-image-choice-md":["https:\/\/mf.ag\/wp-content\/uploads\/2025\/04\/Website-Bilder-Neu-1-1-400x400.png",400,400,true],"gform-image-choice-lg":["https:\/\/mf.ag\/wp-content\/uploads\/2025\/04\/Website-Bilder-Neu-1-1-600x600.png",600,600,true],"profile_24":["https:\/\/mf.ag\/wp-content\/uploads\/2025\/04\/Website-Bilder-Neu-1-1-24x24.png",24,24,true],"profile_48":["https:\/\/mf.ag\/wp-content\/uploads\/2025\/04\/Website-Bilder-Neu-1-1-48x48.png",48,48,true],"profile_96":["https:\/\/mf.ag\/wp-content\/uploads\/2025\/04\/Website-Bilder-Neu-1-1-96x96.png",96,96,true],"profile_150":["https:\/\/mf.ag\/wp-content\/uploads\/2025\/04\/Website-Bilder-Neu-1-1-150x150.png",150,150,true],"profile_300":["https:\/\/mf.ag\/wp-content\/uploads\/2025\/04\/Website-Bilder-Neu-1-1-300x300.png",300,300,true]},"post_excerpt_stackable_v2":"<p>Zwei fulminante Tage mit und f\u00fcr HR-Verantwortliche. Und jede Menge Diskussionsstoff. Die&nbsp;Power of People 2025&nbsp;organsiert vom Business Circle war kein Event f\u00fcr Floskeln \u2013 sondern ein Ort, an dem Klartext gesprochen wurde. F\u00fchrung? Neu denken! Daniel Vonier erinnerte uns eindr\u00fccklich daran, dass klassische F\u00fchrungsmodelle in der Komplexit\u00e4t der heutigen Welt schlicht nicht mehr greifen. Seine These: F\u00fchrung ist kein individuelles Talent, sondern eine kollektive F\u00e4higkeit. HR muss raus aus der Enabler-Ecke und rein in die Rolle des aktiven Gestalters \u2013 um in Zeiten von Dauerkrise eine resiliente Kultur zu bauen. HR als Leuchtturm \u2013 nicht als F\u00e4hnchen im Wind Annette&hellip;<\/p>\n","category_list_v2":"<a href=\"https:\/\/mf.ag\/de\/category\/artikel\/\" rel=\"category tag\">Artikel<\/a>","author_info_v2":{"name":"Nina Neubauer","url":"https:\/\/mf.ag\/de\/author\/ninaneubauer\/"},"comments_num_v2":"0 comments","yoast_head":"<!-- This site is optimized with the Yoast SEO Premium plugin v25.8 (Yoast SEO v27.5) - https:\/\/yoast.com\/product\/yoast-seo-premium-wordpress\/ -->\n<title>HR zwischen Bruchlinien und Br\u00fcckenbauen \u2013 R\u00fcckblick auf die POP 2025 in Stegersbach &#187; Management Factory<\/title>\n<meta name=\"robots\" content=\"index, follow, max-snippet:-1, max-image-preview:large, max-video-preview:-1\" \/>\n<link rel=\"canonical\" href=\"https:\/\/mf.ag\/de\/artikel\/hr-zwischen-bruchlinien-und-brueckenbauen-rueckblick-auf-die-pop-2025-in-stegersbach\/\" \/>\n<meta property=\"og:locale\" content=\"de_DE\" \/>\n<meta property=\"og:type\" content=\"article\" \/>\n<meta property=\"og:title\" content=\"HR zwischen Bruchlinien und Br\u00fcckenbauen \u2013 R\u00fcckblick auf die POP 2025 in Stegersbach\" \/>\n<meta property=\"og:description\" content=\"Zwei fulminante Tage mit und f\u00fcr HR-Verantwortliche. Und jede Menge Diskussionsstoff. Die&nbsp;Power of People 2025&nbsp;organsiert vom Business Circle war kein Event f\u00fcr Floskeln \u2013 sondern ein Ort, an dem Klartext gesprochen wurde. F\u00fchrung? Neu denken! Daniel Vonier erinnerte uns eindr\u00fccklich daran, dass klassische F\u00fchrungsmodelle in der Komplexit\u00e4t der heutigen Welt schlicht nicht mehr greifen. Seine [&hellip;]\" \/>\n<meta property=\"og:url\" content=\"https:\/\/mf.ag\/de\/artikel\/hr-zwischen-bruchlinien-und-brueckenbauen-rueckblick-auf-die-pop-2025-in-stegersbach\/\" \/>\n<meta property=\"og:site_name\" content=\"Management Factory\" \/>\n<meta property=\"article:published_time\" content=\"2025-04-11T08:45:00+00:00\" \/>\n<meta property=\"article:modified_time\" content=\"2026-01-12T12:13:56+00:00\" \/>\n<meta property=\"og:image\" content=\"https:\/\/mf.ag\/wp-content\/uploads\/2025\/04\/Website-Bilder-Neu-1-1-1024x576.png\" \/>\n\t<meta property=\"og:image:width\" content=\"1024\" \/>\n\t<meta property=\"og:image:height\" content=\"576\" \/>\n\t<meta property=\"og:image:type\" content=\"image\/png\" \/>\n<meta name=\"author\" content=\"Nina Neubauer\" \/>\n<meta name=\"twitter:card\" content=\"summary_large_image\" \/>\n<meta name=\"twitter:label1\" content=\"Verfasst von\" \/>\n\t<meta name=\"twitter:data1\" content=\"Nina Neubauer\" \/>\n\t<meta name=\"twitter:label2\" content=\"Gesch\u00e4tzte Lesezeit\" \/>\n\t<meta name=\"twitter:data2\" content=\"6\u00a0Minuten\" \/>\n<script type=\"application\/ld+json\" class=\"yoast-schema-graph\">{\"@context\":\"https:\\\/\\\/schema.org\",\"@graph\":[{\"@type\":\"Article\",\"@id\":\"https:\\\/\\\/mf.ag\\\/de\\\/artikel\\\/hr-zwischen-bruchlinien-und-brueckenbauen-rueckblick-auf-die-pop-2025-in-stegersbach\\\/#article\",\"isPartOf\":{\"@id\":\"https:\\\/\\\/mf.ag\\\/de\\\/artikel\\\/hr-zwischen-bruchlinien-und-brueckenbauen-rueckblick-auf-die-pop-2025-in-stegersbach\\\/\"},\"author\":{\"name\":\"Nina Neubauer\",\"@id\":\"https:\\\/\\\/mf.ag\\\/de\\\/#\\\/schema\\\/person\\\/b5d4537d3aad270c26417d4b195387e9\"},\"headline\":\"HR zwischen Bruchlinien und Br\u00fcckenbauen \u2013 R\u00fcckblick auf die POP 2025 in Stegersbach\",\"datePublished\":\"2025-04-11T08:45:00+00:00\",\"dateModified\":\"2026-01-12T12:13:56+00:00\",\"mainEntityOfPage\":{\"@id\":\"https:\\\/\\\/mf.ag\\\/de\\\/artikel\\\/hr-zwischen-bruchlinien-und-brueckenbauen-rueckblick-auf-die-pop-2025-in-stegersbach\\\/\"},\"wordCount\":689,\"publisher\":{\"@id\":\"https:\\\/\\\/mf.ag\\\/de\\\/#organization\"},\"image\":{\"@id\":\"https:\\\/\\\/mf.ag\\\/de\\\/artikel\\\/hr-zwischen-bruchlinien-und-brueckenbauen-rueckblick-auf-die-pop-2025-in-stegersbach\\\/#primaryimage\"},\"thumbnailUrl\":\"https:\\\/\\\/mf.ag\\\/wp-content\\\/uploads\\\/2025\\\/04\\\/Website-Bilder-Neu-1-1.png\",\"keywords\":[\"HR\",\"HR Interim Management\",\"Interim Management\",\"Konferenz\",\"Restrukturierung\"],\"articleSection\":[\"Artikel\"],\"inLanguage\":\"de\"},{\"@type\":\"WebPage\",\"@id\":\"https:\\\/\\\/mf.ag\\\/de\\\/artikel\\\/hr-zwischen-bruchlinien-und-brueckenbauen-rueckblick-auf-die-pop-2025-in-stegersbach\\\/\",\"url\":\"https:\\\/\\\/mf.ag\\\/de\\\/artikel\\\/hr-zwischen-bruchlinien-und-brueckenbauen-rueckblick-auf-die-pop-2025-in-stegersbach\\\/\",\"name\":\"HR zwischen Bruchlinien und Br\u00fcckenbauen \u2013 R\u00fcckblick auf die POP 2025 in Stegersbach &#187; Management Factory\",\"isPartOf\":{\"@id\":\"https:\\\/\\\/mf.ag\\\/de\\\/#website\"},\"primaryImageOfPage\":{\"@id\":\"https:\\\/\\\/mf.ag\\\/de\\\/artikel\\\/hr-zwischen-bruchlinien-und-brueckenbauen-rueckblick-auf-die-pop-2025-in-stegersbach\\\/#primaryimage\"},\"image\":{\"@id\":\"https:\\\/\\\/mf.ag\\\/de\\\/artikel\\\/hr-zwischen-bruchlinien-und-brueckenbauen-rueckblick-auf-die-pop-2025-in-stegersbach\\\/#primaryimage\"},\"thumbnailUrl\":\"https:\\\/\\\/mf.ag\\\/wp-content\\\/uploads\\\/2025\\\/04\\\/Website-Bilder-Neu-1-1.png\",\"datePublished\":\"2025-04-11T08:45:00+00:00\",\"dateModified\":\"2026-01-12T12:13:56+00:00\",\"breadcrumb\":{\"@id\":\"https:\\\/\\\/mf.ag\\\/de\\\/artikel\\\/hr-zwischen-bruchlinien-und-brueckenbauen-rueckblick-auf-die-pop-2025-in-stegersbach\\\/#breadcrumb\"},\"inLanguage\":\"de\",\"potentialAction\":[{\"@type\":\"ReadAction\",\"target\":[\"https:\\\/\\\/mf.ag\\\/de\\\/artikel\\\/hr-zwischen-bruchlinien-und-brueckenbauen-rueckblick-auf-die-pop-2025-in-stegersbach\\\/\"]}]},{\"@type\":\"ImageObject\",\"inLanguage\":\"de\",\"@id\":\"https:\\\/\\\/mf.ag\\\/de\\\/artikel\\\/hr-zwischen-bruchlinien-und-brueckenbauen-rueckblick-auf-die-pop-2025-in-stegersbach\\\/#primaryimage\",\"url\":\"https:\\\/\\\/mf.ag\\\/wp-content\\\/uploads\\\/2025\\\/04\\\/Website-Bilder-Neu-1-1.png\",\"contentUrl\":\"https:\\\/\\\/mf.ag\\\/wp-content\\\/uploads\\\/2025\\\/04\\\/Website-Bilder-Neu-1-1.png\",\"width\":1920,\"height\":1080},{\"@type\":\"BreadcrumbList\",\"@id\":\"https:\\\/\\\/mf.ag\\\/de\\\/artikel\\\/hr-zwischen-bruchlinien-und-brueckenbauen-rueckblick-auf-die-pop-2025-in-stegersbach\\\/#breadcrumb\",\"itemListElement\":[{\"@type\":\"ListItem\",\"position\":1,\"name\":\"Home\",\"item\":\"https:\\\/\\\/mf.ag\\\/de\\\/\"},{\"@type\":\"ListItem\",\"position\":2,\"name\":\"HR zwischen Bruchlinien und Br\u00fcckenbauen \u2013 R\u00fcckblick auf die POP 2025 in Stegersbach\"}]},{\"@type\":\"WebSite\",\"@id\":\"https:\\\/\\\/mf.ag\\\/de\\\/#website\",\"url\":\"https:\\\/\\\/mf.ag\\\/de\\\/\",\"name\":\"Management Factory\",\"description\":\"Mit Executive Interim Management und Financial Advisory das Gesch\u00e4ft voranbringen\",\"publisher\":{\"@id\":\"https:\\\/\\\/mf.ag\\\/de\\\/#organization\"},\"potentialAction\":[{\"@type\":\"SearchAction\",\"target\":{\"@type\":\"EntryPoint\",\"urlTemplate\":\"https:\\\/\\\/mf.ag\\\/de\\\/?s={search_term_string}\"},\"query-input\":{\"@type\":\"PropertyValueSpecification\",\"valueRequired\":true,\"valueName\":\"search_term_string\"}}],\"inLanguage\":\"de\"},{\"@type\":\"Organization\",\"@id\":\"https:\\\/\\\/mf.ag\\\/de\\\/#organization\",\"name\":\"Management Factory\",\"url\":\"https:\\\/\\\/mf.ag\\\/de\\\/\",\"logo\":{\"@type\":\"ImageObject\",\"inLanguage\":\"de\",\"@id\":\"https:\\\/\\\/mf.ag\\\/de\\\/#\\\/schema\\\/logo\\\/image\\\/\",\"url\":\"\",\"contentUrl\":\"\",\"caption\":\"Management Factory\"},\"image\":{\"@id\":\"https:\\\/\\\/mf.ag\\\/de\\\/#\\\/schema\\\/logo\\\/image\\\/\"}},{\"@type\":\"Person\",\"@id\":\"https:\\\/\\\/mf.ag\\\/de\\\/#\\\/schema\\\/person\\\/b5d4537d3aad270c26417d4b195387e9\",\"name\":\"Nina Neubauer\",\"image\":{\"@type\":\"ImageObject\",\"inLanguage\":\"de\",\"@id\":\"https:\\\/\\\/secure.gravatar.com\\\/avatar\\\/1f969465b7827306d8fb0624a2c776aae31daa6f57e43188155cc0b3fb7fa395?s=96&r=g\",\"url\":\"https:\\\/\\\/secure.gravatar.com\\\/avatar\\\/1f969465b7827306d8fb0624a2c776aae31daa6f57e43188155cc0b3fb7fa395?s=96&r=g\",\"contentUrl\":\"https:\\\/\\\/secure.gravatar.com\\\/avatar\\\/1f969465b7827306d8fb0624a2c776aae31daa6f57e43188155cc0b3fb7fa395?s=96&r=g\",\"caption\":\"Nina Neubauer\"},\"url\":\"https:\\\/\\\/mf.ag\\\/de\\\/author\\\/ninaneubauer\\\/\"}]}<\/script>\n<!-- \/ Yoast SEO Premium plugin. -->","yoast_head_json":{"title":"HR zwischen Bruchlinien und Br\u00fcckenbauen \u2013 R\u00fcckblick auf die POP 2025 in Stegersbach &#187; Management Factory","robots":{"index":"index","follow":"follow","max-snippet":"max-snippet:-1","max-image-preview":"max-image-preview:large","max-video-preview":"max-video-preview:-1"},"canonical":"https:\/\/mf.ag\/de\/artikel\/hr-zwischen-bruchlinien-und-brueckenbauen-rueckblick-auf-die-pop-2025-in-stegersbach\/","og_locale":"de_DE","og_type":"article","og_title":"HR zwischen Bruchlinien und Br\u00fcckenbauen \u2013 R\u00fcckblick auf die POP 2025 in Stegersbach","og_description":"Zwei fulminante Tage mit und f\u00fcr HR-Verantwortliche. Und jede Menge Diskussionsstoff. Die&nbsp;Power of People 2025&nbsp;organsiert vom Business Circle war kein Event f\u00fcr Floskeln \u2013 sondern ein Ort, an dem Klartext gesprochen wurde. F\u00fchrung? Neu denken! Daniel Vonier erinnerte uns eindr\u00fccklich daran, dass klassische F\u00fchrungsmodelle in der Komplexit\u00e4t der heutigen Welt schlicht nicht mehr greifen. Seine [&hellip;]","og_url":"https:\/\/mf.ag\/de\/artikel\/hr-zwischen-bruchlinien-und-brueckenbauen-rueckblick-auf-die-pop-2025-in-stegersbach\/","og_site_name":"Management Factory","article_published_time":"2025-04-11T08:45:00+00:00","article_modified_time":"2026-01-12T12:13:56+00:00","og_image":[{"width":1024,"height":576,"url":"https:\/\/mf.ag\/wp-content\/uploads\/2025\/04\/Website-Bilder-Neu-1-1-1024x576.png","type":"image\/png"}],"author":"Nina Neubauer","twitter_card":"summary_large_image","twitter_misc":{"Verfasst von":"Nina Neubauer","Gesch\u00e4tzte Lesezeit":"6\u00a0Minuten"},"schema":{"@context":"https:\/\/schema.org","@graph":[{"@type":"Article","@id":"https:\/\/mf.ag\/de\/artikel\/hr-zwischen-bruchlinien-und-brueckenbauen-rueckblick-auf-die-pop-2025-in-stegersbach\/#article","isPartOf":{"@id":"https:\/\/mf.ag\/de\/artikel\/hr-zwischen-bruchlinien-und-brueckenbauen-rueckblick-auf-die-pop-2025-in-stegersbach\/"},"author":{"name":"Nina Neubauer","@id":"https:\/\/mf.ag\/de\/#\/schema\/person\/b5d4537d3aad270c26417d4b195387e9"},"headline":"HR zwischen Bruchlinien und Br\u00fcckenbauen \u2013 R\u00fcckblick auf die POP 2025 in Stegersbach","datePublished":"2025-04-11T08:45:00+00:00","dateModified":"2026-01-12T12:13:56+00:00","mainEntityOfPage":{"@id":"https:\/\/mf.ag\/de\/artikel\/hr-zwischen-bruchlinien-und-brueckenbauen-rueckblick-auf-die-pop-2025-in-stegersbach\/"},"wordCount":689,"publisher":{"@id":"https:\/\/mf.ag\/de\/#organization"},"image":{"@id":"https:\/\/mf.ag\/de\/artikel\/hr-zwischen-bruchlinien-und-brueckenbauen-rueckblick-auf-die-pop-2025-in-stegersbach\/#primaryimage"},"thumbnailUrl":"https:\/\/mf.ag\/wp-content\/uploads\/2025\/04\/Website-Bilder-Neu-1-1.png","keywords":["HR","HR Interim Management","Interim Management","Konferenz","Restrukturierung"],"articleSection":["Artikel"],"inLanguage":"de"},{"@type":"WebPage","@id":"https:\/\/mf.ag\/de\/artikel\/hr-zwischen-bruchlinien-und-brueckenbauen-rueckblick-auf-die-pop-2025-in-stegersbach\/","url":"https:\/\/mf.ag\/de\/artikel\/hr-zwischen-bruchlinien-und-brueckenbauen-rueckblick-auf-die-pop-2025-in-stegersbach\/","name":"HR zwischen Bruchlinien und Br\u00fcckenbauen \u2013 R\u00fcckblick auf die POP 2025 in Stegersbach &#187; Management Factory","isPartOf":{"@id":"https:\/\/mf.ag\/de\/#website"},"primaryImageOfPage":{"@id":"https:\/\/mf.ag\/de\/artikel\/hr-zwischen-bruchlinien-und-brueckenbauen-rueckblick-auf-die-pop-2025-in-stegersbach\/#primaryimage"},"image":{"@id":"https:\/\/mf.ag\/de\/artikel\/hr-zwischen-bruchlinien-und-brueckenbauen-rueckblick-auf-die-pop-2025-in-stegersbach\/#primaryimage"},"thumbnailUrl":"https:\/\/mf.ag\/wp-content\/uploads\/2025\/04\/Website-Bilder-Neu-1-1.png","datePublished":"2025-04-11T08:45:00+00:00","dateModified":"2026-01-12T12:13:56+00:00","breadcrumb":{"@id":"https:\/\/mf.ag\/de\/artikel\/hr-zwischen-bruchlinien-und-brueckenbauen-rueckblick-auf-die-pop-2025-in-stegersbach\/#breadcrumb"},"inLanguage":"de","potentialAction":[{"@type":"ReadAction","target":["https:\/\/mf.ag\/de\/artikel\/hr-zwischen-bruchlinien-und-brueckenbauen-rueckblick-auf-die-pop-2025-in-stegersbach\/"]}]},{"@type":"ImageObject","inLanguage":"de","@id":"https:\/\/mf.ag\/de\/artikel\/hr-zwischen-bruchlinien-und-brueckenbauen-rueckblick-auf-die-pop-2025-in-stegersbach\/#primaryimage","url":"https:\/\/mf.ag\/wp-content\/uploads\/2025\/04\/Website-Bilder-Neu-1-1.png","contentUrl":"https:\/\/mf.ag\/wp-content\/uploads\/2025\/04\/Website-Bilder-Neu-1-1.png","width":1920,"height":1080},{"@type":"BreadcrumbList","@id":"https:\/\/mf.ag\/de\/artikel\/hr-zwischen-bruchlinien-und-brueckenbauen-rueckblick-auf-die-pop-2025-in-stegersbach\/#breadcrumb","itemListElement":[{"@type":"ListItem","position":1,"name":"Home","item":"https:\/\/mf.ag\/de\/"},{"@type":"ListItem","position":2,"name":"HR zwischen Bruchlinien und Br\u00fcckenbauen \u2013 R\u00fcckblick auf die POP 2025 in Stegersbach"}]},{"@type":"WebSite","@id":"https:\/\/mf.ag\/de\/#website","url":"https:\/\/mf.ag\/de\/","name":"Management Factory","description":"Mit Executive Interim Management und Financial Advisory das Gesch\u00e4ft voranbringen","publisher":{"@id":"https:\/\/mf.ag\/de\/#organization"},"potentialAction":[{"@type":"SearchAction","target":{"@type":"EntryPoint","urlTemplate":"https:\/\/mf.ag\/de\/?s={search_term_string}"},"query-input":{"@type":"PropertyValueSpecification","valueRequired":true,"valueName":"search_term_string"}}],"inLanguage":"de"},{"@type":"Organization","@id":"https:\/\/mf.ag\/de\/#organization","name":"Management Factory","url":"https:\/\/mf.ag\/de\/","logo":{"@type":"ImageObject","inLanguage":"de","@id":"https:\/\/mf.ag\/de\/#\/schema\/logo\/image\/","url":"","contentUrl":"","caption":"Management Factory"},"image":{"@id":"https:\/\/mf.ag\/de\/#\/schema\/logo\/image\/"}},{"@type":"Person","@id":"https:\/\/mf.ag\/de\/#\/schema\/person\/b5d4537d3aad270c26417d4b195387e9","name":"Nina Neubauer","image":{"@type":"ImageObject","inLanguage":"de","@id":"https:\/\/secure.gravatar.com\/avatar\/1f969465b7827306d8fb0624a2c776aae31daa6f57e43188155cc0b3fb7fa395?s=96&r=g","url":"https:\/\/secure.gravatar.com\/avatar\/1f969465b7827306d8fb0624a2c776aae31daa6f57e43188155cc0b3fb7fa395?s=96&r=g","contentUrl":"https:\/\/secure.gravatar.com\/avatar\/1f969465b7827306d8fb0624a2c776aae31daa6f57e43188155cc0b3fb7fa395?s=96&r=g","caption":"Nina Neubauer"},"url":"https:\/\/mf.ag\/de\/author\/ninaneubauer\/"}]}},"_links":{"self":[{"href":"https:\/\/mf.ag\/de\/wp-json\/wp\/v2\/posts\/60135","targetHints":{"allow":["GET"]}}],"collection":[{"href":"https:\/\/mf.ag\/de\/wp-json\/wp\/v2\/posts"}],"about":[{"href":"https:\/\/mf.ag\/de\/wp-json\/wp\/v2\/types\/post"}],"author":[{"embeddable":true,"href":"https:\/\/mf.ag\/de\/wp-json\/wp\/v2\/users\/56"}],"replies":[{"embeddable":true,"href":"https:\/\/mf.ag\/de\/wp-json\/wp\/v2\/comments?post=60135"}],"version-history":[{"count":11,"href":"https:\/\/mf.ag\/de\/wp-json\/wp\/v2\/posts\/60135\/revisions"}],"predecessor-version":[{"id":65009,"href":"https:\/\/mf.ag\/de\/wp-json\/wp\/v2\/posts\/60135\/revisions\/65009"}],"wp:featuredmedia":[{"embeddable":true,"href":"https:\/\/mf.ag\/de\/wp-json\/wp\/v2\/media\/60162"}],"wp:attachment":[{"href":"https:\/\/mf.ag\/de\/wp-json\/wp\/v2\/media?parent=60135"}],"wp:term":[{"taxonomy":"category","embeddable":true,"href":"https:\/\/mf.ag\/de\/wp-json\/wp\/v2\/categories?post=60135"},{"taxonomy":"post_tag","embeddable":true,"href":"https:\/\/mf.ag\/de\/wp-json\/wp\/v2\/tags?post=60135"}],"curies":[{"name":"wp","href":"https:\/\/api.w.org\/{rel}","templated":true}]}}