{"id":57624,"date":"2024-09-16T12:00:48","date_gmt":"2024-09-16T10:00:48","guid":{"rendered":"https:\/\/mf.ag\/?p=57624"},"modified":"2024-11-18T16:24:11","modified_gmt":"2024-11-18T15:24:11","slug":"die-ersten-30-tage-was-managerinnen-von-interim-managerinnen-lernen-koennen","status":"publish","type":"post","link":"https:\/\/mf.ag\/de\/artikel\/die-ersten-30-tage-was-managerinnen-von-interim-managerinnen-lernen-koennen\/","title":{"rendered":"Die ersten 30 Tage: Was Manager:Innen von Interim Manager:Innen lernen k\u00f6nnen\u00a0"},"content":{"rendered":"\n<p><strong>100 Tage \u201eSchonfrist\u201c:<\/strong> So lange haben Politiker:innen oder Manager:Innen meist Zeit, bis sie die ersten sichtbaren Ergebnisse vorweisen m\u00fcssen. Bei Interim Manager:innen ist diese Frist aber deutlich k\u00fcrzer: Als Richtlinie gelten ein Monat oder die ersten 30 Tage nach Arbeitsantritt.&nbsp;&nbsp;<\/p>\n\n\n\n<p><em>Welche Erwartungen an <a href=\"https:\/\/mf.ag\/de\/interim-management\/\" target=\"_blank\" rel=\"noreferrer noopener\">Interim Manager:innen<\/a> bestehen innerhalb dieser Zeit? Und welche Erfahrungen und Erkenntnisse daraus&nbsp;sind f\u00fcr Manager:innen interessant, die bereits l\u00e4nger einen Job aus\u00fcben<\/em>?&nbsp;<\/p>\n\n\n\n<h3 class=\"wp-block-heading\" id=\"h-standortbestimmung-und-marschroute-nach-den-ersten-30-tagen-nbsp\"><span style=\"color: #902742;\" class=\"stk-highlight\"><strong>Standortbestimmung und Marschroute nach den ersten 30 Tagen<\/strong>&nbsp;<\/span><\/h3>\n\n\n\n<p class=\"has-base-background-color has-background\">Unabh\u00e4ngig von der Dauer dieser \u201eSchonfrist\u201c wird von den relevanten Stakeholdern erwartet, dass am Ende dieser Periode Klarheit zur aktuellen Situation, Problemursachen sowie wesentlichen (Projekt-) Risiken besteht. Zumindest sollte dann ein grober Plan bestehen, der definiert, wie die gesteckten (Projekt-)Ziele erreicht werden k\u00f6nnen. Die k\u00fcrzere \u201eSchonfrist\u201c f\u00fcr <a href=\"https:\/\/mf.ag\/de\/interim-management\/\">Interim Mananger:Innen<\/a> ist einfach dem Umstand geschuldet, dass in den meisten F\u00e4llen, in denen sie zum Einsatz kommen, die Problemlage bereits versch\u00e4rft ist und deshalb rasches Handeln erforderlich ist.&nbsp;<\/p>\n\n\n\n<h4 class=\"wp-block-heading\" id=\"h-wie-gehen-professionelle-interim-manager-innen-ans-werk-nbsp\"><strong><span style=\"color: #902742;\" class=\"stk-highlight\">Wie gehen professionelle Interim Manager:innen ans Werk?&nbsp;<\/span><\/strong><\/h4>\n\n\n\n<p><strong><span style=\"color: #902742;\" class=\"stk-highlight\">1. Vorbereitung:<\/span><\/strong> Die eigentliche Arbeit beginnt bereits vor den ersten 30 Tagen. Selbst wenn die Dauer zwischen Erstkontakt und Beauftragung nur wenige Tage betr\u00e4gt, so ist professionelle Vorbereitung trotzdem sehr wichtig. Studium verf\u00fcgbarer Information, Internetrecherche, Informationsanforderungen werden vorab definiert und gegebenenfalls k\u00f6nnen bereits Zug\u00e4nge zu IT-Systemen vorbereitet werden. Damit gewinnt man Zeit bei der Einarbeitung, au\u00dferdem wird dem neuen Arbeitsumfeld bereits vorab eine strukturierte Arbeitsweise signalisiert.&nbsp;<\/p>\n\n\n\n<p><strong><span style=\"color: #902742;\" class=\"stk-highlight\">2. Pr\u00e4senz:<\/span><\/strong>&nbsp; Maximale Pr\u00e4senz vor Ort ist essentiell, denn wirkungsvolle Interim Manager:innen agieren nicht aus dem Homeoffice. Interim Manager:innen m\u00fcssen sichtbar und sp\u00fcrbar in der Organisation sein, Mitarbeiter:innen wollen sich pers\u00f6nlich ein Bild von den neuen Kolleg:innen machen, etwa im direkten Gespr\u00e4ch, in Diskussionen und in Workshops. Der notwendige Vertrauensaufbau kommt schneller in Gang und etwaige Unklarheiten und gegebenenfalls Missverst\u00e4ndnisse k\u00f6nnen leichter vermieden werden. Gleichzeitig k\u00f6nnen Interim Manager:innen leichter bestimmte gew\u00fcnschte Verhaltensweisen oder Spielregeln der Zusammenarbeit transportieren, was beispielsweise P\u00fcnktlichkeit oder Verbindlichkeit betrifft, indem sie dies sichtbar vorleben.&nbsp;<\/p>\n\n\n\n<p><strong><span style=\"color: #902742;\" class=\"stk-highlight\">3. Zuh\u00f6ren: <\/span><\/strong>Interim Manager:innen h\u00f6ren sehr aufmerksam zu, um die Sichtweisen und Meinungen der neuen KollegInnen m\u00f6glichst vollst\u00e4ndig aufzunehmen. Sie sind wie Schw\u00e4mme, da h\u00e4ufig die Kolleg:innen sehr gute Ideen f\u00fcr L\u00f6sungsans\u00e4tze haben. Auch wird der Vertrauensaufbau gef\u00f6rdert, insbesondere wenn Kolleg:innen in der Vergangenheit das Gef\u00fchl hatten, nicht ausreichend geh\u00f6rt worden zu sein.&nbsp;<\/p>\n\n\n\n<p><strong><span style=\"color: #902742;\" class=\"stk-highlight\">4. Kommunikation:<\/span><\/strong> Neben der klaren und verst\u00e4ndlichen Sprache ist es \u00e4u\u00dferst wichtig, dass die Kolleg:innen vollumf\u00e4nglich und transparent zum Projekt informiert werden und allf\u00e4llige Fragen gestellt und beantwortet werden. Ein Kommunikationsplan hinsichtlich regelm\u00e4\u00dfiger Informationsupdates wird vereinbart.&nbsp;<\/p>\n\n\n\n<p><strong><span style=\"color: #902742;\" class=\"stk-highlight\">5. Statusbestimmung:<\/span><\/strong> Ohne weitestgehende Klarheit zum aktuellen Status und Problemursachen kann es keinen wirkungsvollen Plan geben. Die Erkenntnisse aus durchgef\u00fchrten Analysen, aus Gespr\u00e4chen, Workshops etc. verdichten sich zu einem ersten Bild, das es im Austausch mit den Kolleg:innen zu validieren und zu verfeinern gilt. Neben der Innensicht ist die Au\u00dfensicht ein absolutes Muss, beispielsweise&nbsp; im Sinne eines Wettbewerber-Vergleichs oder in Form von Kundenfeedbacks.&nbsp;<\/p>\n\n\n\n<p><strong><span style=\"color: #902742;\" class=\"stk-highlight\">6. Abgleich:<\/span><\/strong> Ein Abgleich des festgestellten Ist-Status mit den vorab definierten Projektzielen ist unabdingbar. Im Kern ist die Frage zu kl\u00e4ren, ob sich die definierten Projektziele im vorgesehenen Zeitrahmen umsetzen lassen oder ob Adjustierungen der urspr\u00fcnglichen Projektdefinition notwendig sind.&nbsp;<\/p>\n\n\n\n<p><strong><span style=\"color: #902742;\" class=\"stk-highlight\">7. Plan:<\/span><\/strong> Die Standortbestimmung ist die Basis f\u00fcr den Plan zur effektiven L\u00f6sung der Probleme. Dabei ist Klarheit bei der Formulierung der Ma\u00dfnahmen n\u00f6tig: Wer macht was bis wann? Die sollte, wenn immer m\u00f6glich, mit einem quantifizierten Verbesserungsziel erfolgen, im Sinne von \u201evom Ist-Wert x auf den Ziel-Wert y\u201c. Dar\u00fcber hinaus ist es f\u00fcr eine nachfolgend erfolgreiche Umsetzung notwendig, den Plan mit den betroffenen Stakeholdern zu diskutieren, abzustimmen und deren Zustimmung dazu einzuholen.&nbsp;&nbsp;<\/p>\n\n\n\n<p>Im Ergebnis stehen erfolgreiche Interim Manager:innen nach den ersten 30 Tagen mit beiden Beinen auf festem Boden, haben einen klaren Plan f\u00fcr das weitere Vorgehen im Projekt und vor allem auch ein Team, das den Plan versteht, unterst\u00fctzt und \u201ezieht\u201c.&nbsp;<\/p>\n\n\n\n<h3 class=\"wp-block-heading\" id=\"h-was-konnen-manager-innen-daraus-lernen-nbsp\"><span style=\"color: #902742;\" class=\"stk-highlight\"><strong>Was k\u00f6nnen Manager:innen daraus lernen?<\/strong>&nbsp;<\/span><\/h3>\n\n\n\n<p><strong>Unserer Ansicht nach k\u00f6nnen Manager:innen, die bereits l\u00e4nger einen bestimmten Job aus\u00fcben, davon vor allem in drei Aspekten lernen:&nbsp;<\/strong><\/p>\n\n\n\n<p><span style=\"color: #902742;\" class=\"stk-highlight\"><strong>1. Team:<\/strong> <\/span>in den meisten F\u00e4llen gilt: ohne Team kein Umsetzungserfolg! Das Team erfolgreich mitnehmen erfordert \u201eklassische\u201c Management-Tugenden wie etwa Zuh\u00f6ren, direkte Kommunikation auf Augenh\u00f6he und Diskussion. So stellen Sie sicher, dass das gegenseitige Verst\u00e4ndnis gegeben ist.&nbsp;<\/p>\n\n\n\n<p><strong><span style=\"color: #902742;\" class=\"stk-highlight\">2. Reality check:<\/span> <\/strong>F\u00fcr Manager:innen ist dieser Punkt besonders wichtig, da im Normalfall ausreichend Zeit daf\u00fcr vorhanden ist. Es geht darum, sehr kritisch zu hinterfragen, ob die angenommene Position des Unternehmens, eines Bereichs, der Marktstellung etc. einer harten Realit\u00e4ts\u00fcberpr\u00fcfung standh\u00e4lt. Ist das Unternehmen oder ein Teilbereich tats\u00e4chlich so stark wie angenommen? \u00dcberpr\u00fcfen Sie diese Annahmen bestm\u00f6glich, beispielsweise durch Benchmarks, Wettbewerber-Vergleiche oder Kundenfeedbacks. Manager:innen m\u00fcssen sicherstellen, dass sie an den wichtigen Themen mit dem richtigen Anspruchsniveau arbeiten.&nbsp;<\/p>\n\n\n\n<p><strong><span style=\"color: #902742;\" class=\"stk-highlight\">3. Anspannung und Geschwindigkeit:<\/span> <\/strong>Projektergebnisse sind besser, wenn konzentriert und fokussiert an einem Thema innerhalb eines bestimmten Zeitrahmens gearbeitet wird. Sichtbares Vorankommen in einem Projekt wirkt motivierend und steigert das Commitment zum Projekt. Klar ist, dass Anspannung und Geschwindigkeit nicht zulasten der Ergebnisqualit\u00e4t gehen sollen und Zeitpl\u00e4ne in begr\u00fcndeten F\u00e4llen angepasst werden m\u00fcssen.&nbsp;<\/p>\n\n\n\n<p><em>Es zeigt sich, dass die Parallelen sehr gro\u00df sind und Interim Manager:innen diese Leistung meist unter versch\u00e4rften Bedingungen erbringen m\u00fcssen, weil der Handlungsdruck h\u00f6her ist und die Umsetzungszeit geringer. Insofern kann durch die Beobachtung erfahrener Interim Manager:innen \u201eunter dem Brennglas\u201c erfolgreiche Management-Leistung studiert werden.&nbsp;<\/em><\/p>\n\n\n\n<p class=\"has-text-align-left\"><strong>Zu den weiteren Artikeln dieses Newsletters geht es hier:<\/strong><br><\/p>\n\n\n\n<div class=\"wp-block-stackable-button-group stk-block-button-group stk-block stk-11950e0\" data-block-id=\"11950e0\"><style>.stk-11950e0 .stk-button-group{flex-direction:row !important;}@media screen and (max-width: 1023px){.stk-11950e0 .stk-button-group{flex-direction:row !important;}}@media screen and (max-width: 767px){.stk-11950e0 .stk-button-group{flex-direction:row !important;}}<\/style><div class=\"stk-row stk-inner-blocks stk-block-content stk-button-group\">\n<div class=\"wp-block-stackable-button stk-block-button has-text-align-center stk-block stk-5304e64\" data-block-id=\"5304e64\"><style>.stk-5304e64 {padding-top:0px !important;padding-right:0px !important;padding-bottom:0px !important;padding-left:0px !important;}.stk-5304e64 .stk-button{background:#902742 !important;}.stk-5304e64 .stk-button__inner-text{color:#ffffff !important;}<\/style><a class=\"stk-link stk-button stk--hover-effect-darken\" href=\"https:\/\/mf.ag\/de\/artikel\/management-und-persoenlichkeitsdiagnostik-fuer-executive-interim-managerinnen\/\"><span class=\"has-text-color stk-button__inner-text\">Management &amp;<br>Pers\u00f6nlichkeitsdiagnostik<\/span><\/a><\/div>\n\n\n\n<div class=\"wp-block-stackable-button stk-block-button has-text-align-center stk-block stk-b9ffe8d\" data-block-id=\"b9ffe8d\"><style>.stk-b9ffe8d {min-height:0px !important;padding-top:0px !important;padding-right:0px !important;padding-bottom:0px !important;padding-left:0px !important;}.stk-b9ffe8d .stk-button{background:#902742 !important;}<\/style><a class=\"stk-link stk-button stk--hover-effect-darken\" href=\"https:\/\/mf.ag\/de\/artikel\/kuenstliche-intelligenz-in-interim-management-und-hr\/\"><span class=\"stk-button__inner-text\">  K\u00fcnstliche Intelligenz   <br>in IM &amp; HR<\/span><\/a><\/div>\n\n\n\n<div class=\"wp-block-stackable-button stk-block-button stk-block stk-80bc89e\" data-block-id=\"80bc89e\"><style>.stk-80bc89e {align-items:center !important;max-width:1500px !important;min-width:auto !important;padding-top:0px !important;padding-right:0px !important;padding-bottom:0px !important;padding-left:0px !important;display:flex !important;}.stk-80bc89e .stk-button{min-height:0px !important;background:#902742 !important;}.stk-80bc89e .stk-button:before{box-shadow:0px 70px 90px -20px #4849794d !important;}<\/style><a class=\"stk-link stk-button stk--hover-effect-darken\" href=\"https:\/\/mf.ag\/de\/artikel\/one-team-breaking-borders-konferenz-der-valtus-partner-in-stockholm\/\"><span class=\"stk-button__inner-text\"> One team, breaking  <br> borders: Konferenz  <\/span><\/a><\/div>\n<\/div><\/div>\n\n\n\n<div class=\"wp-block-stackable-button-group stk-block-button-group stk-block stk-63fbe8e\" data-block-id=\"63fbe8e\"><style>.stk-63fbe8e .stk-button-group{flex-direction:row !important;}@media screen and (max-width: 1023px){.stk-63fbe8e .stk-button-group{flex-direction:row !important;}}@media screen and (max-width: 767px){.stk-63fbe8e .stk-button-group{flex-direction:row !important;}}<\/style><div class=\"stk-row stk-inner-blocks stk-block-content stk-button-group\">\n<div class=\"wp-block-stackable-button stk-block-button has-text-align-center stk-block stk-0344267\" data-block-id=\"0344267\"><style>.stk-0344267 .stk-button{background:#902742 !important;}<\/style><a class=\"stk-link stk-button stk--hover-effect-darken\" href=\"https:\/\/mf.ag\/de\/artikel\/hr-interim-management-bei-der-management-factory\/\"><span class=\"stk-button__inner-text\">HR Interim <br>Management <\/span><\/a><\/div>\n\n\n\n<div class=\"wp-block-stackable-button stk-block-button has-text-align-center stk-block stk-650b2b5\" data-block-id=\"650b2b5\"><style>.stk-650b2b5 .stk-button{background:#902742 !important;}<\/style><a class=\"stk-link stk-button stk--hover-effect-darken\" href=\"https:\/\/mf.ag\/de\/artikel\/digitalisierung-im-hr-bereich-erfolgsfaktoren-und-umsetzungstipps\/\"><span class=\"stk-button__inner-text\">Digitalisierung <br>im HR Bereich<\/span><\/a><\/div>\n\n\n\n<div class=\"wp-block-stackable-button stk-block-button has-text-align-center stk-block stk-a5369c7\" data-block-id=\"a5369c7\"><style>.stk-a5369c7 .stk-button{background:#902742 !important;}<\/style><a class=\"stk-link stk-button stk--hover-effect-darken\" href=\"https:\/\/share-eu1.hsforms.com\/1ZnE3x7sfSeGsQvn5Rp3vQQfl2ft\"><span class=\"stk-button__inner-text\">Anmeldung zum Business Breakfast <br>von Hermann Pavelka Denk <\/span><\/a><\/div>\n<\/div><\/div>\n\n\n\n<p><\/p>\n","protected":false},"excerpt":{"rendered":"<p>100 Tage \u201eSchonfrist\u201c: So lange haben Politiker:innen oder Manager:Innen meist Zeit, bis sie die ersten sichtbaren Ergebnisse vorweisen m\u00fcssen. Bei Interim Manager:innen ist diese Frist aber deutlich k\u00fcrzer: Als Richtlinie gelten ein Monat oder die ersten 30 Tage nach Arbeitsantritt.&nbsp;&nbsp; Welche Erwartungen an Interim Manager:innen bestehen innerhalb dieser Zeit? Und welche Erfahrungen und Erkenntnisse daraus&nbsp;sind [&hellip;]<\/p>\n","protected":false},"author":31,"featured_media":57625,"comment_status":"closed","ping_status":"closed","sticky":false,"template":"","format":"standard","meta":{"inline_featured_image":false,"footnotes":""},"categories":[3268],"tags":[3377,3372,3414,3277,3451],"class_list":["post-57624","post","type-post","status-publish","format-standard","has-post-thumbnail","hentry","category-artikel","tag-executive-interim-management","tag-interim-management-3","tag-kommunikation-2","tag-newsletter-2","tag-team"],"featured_image_urls_v2":{"full":["https:\/\/mf.ag\/wp-content\/uploads\/2024\/09\/Posts-fuer-Website-39.png",1920,1080,false],"thumbnail":["https:\/\/mf.ag\/wp-content\/uploads\/2024\/09\/Posts-fuer-Website-39-250x250.png",250,250,true],"medium":["https:\/\/mf.ag\/wp-content\/uploads\/2024\/09\/Posts-fuer-Website-39-300x169.png",300,169,true],"medium_large":["https:\/\/mf.ag\/wp-content\/uploads\/2024\/09\/Posts-fuer-Website-39-768x432.png",768,432,true],"large":["https:\/\/mf.ag\/wp-content\/uploads\/2024\/09\/Posts-fuer-Website-39-1024x576.png",1024,576,true],"1536x1536":["https:\/\/mf.ag\/wp-content\/uploads\/2024\/09\/Posts-fuer-Website-39-1536x864.png",1536,864,true],"2048x2048":["https:\/\/mf.ag\/wp-content\/uploads\/2024\/09\/Posts-fuer-Website-39.png",1920,1080,false],"gform-image-choice-sm":["https:\/\/mf.ag\/wp-content\/uploads\/2024\/09\/Posts-fuer-Website-39.png",300,169,false],"gform-image-choice-md":["https:\/\/mf.ag\/wp-content\/uploads\/2024\/09\/Posts-fuer-Website-39.png",400,225,false],"gform-image-choice-lg":["https:\/\/mf.ag\/wp-content\/uploads\/2024\/09\/Posts-fuer-Website-39.png",600,338,false],"profile_24":["https:\/\/mf.ag\/wp-content\/uploads\/2024\/09\/Posts-fuer-Website-39-24x24.png",24,24,true],"profile_48":["https:\/\/mf.ag\/wp-content\/uploads\/2024\/09\/Posts-fuer-Website-39-48x48.png",48,48,true],"profile_96":["https:\/\/mf.ag\/wp-content\/uploads\/2024\/09\/Posts-fuer-Website-39-96x96.png",96,96,true],"profile_150":["https:\/\/mf.ag\/wp-content\/uploads\/2024\/09\/Posts-fuer-Website-39-150x150.png",150,150,true],"profile_300":["https:\/\/mf.ag\/wp-content\/uploads\/2024\/09\/Posts-fuer-Website-39-300x300.png",300,300,true]},"post_excerpt_stackable_v2":"<p>100 Tage \u201eSchonfrist\u201c: So lange haben Politiker:innen oder Manager:Innen meist Zeit, bis sie die ersten sichtbaren Ergebnisse vorweisen m\u00fcssen. Bei Interim Manager:innen ist diese Frist aber deutlich k\u00fcrzer: Als Richtlinie gelten ein Monat oder die ersten 30 Tage nach Arbeitsantritt.&nbsp;&nbsp; Welche Erwartungen an Interim Manager:innen bestehen innerhalb dieser Zeit? Und welche Erfahrungen und Erkenntnisse daraus&nbsp;sind f\u00fcr Manager:innen interessant, die bereits l\u00e4nger einen Job aus\u00fcben?&nbsp; Standortbestimmung und Marschroute nach den ersten 30 Tagen&nbsp; Unabh\u00e4ngig von der Dauer dieser \u201eSchonfrist\u201c wird von den relevanten Stakeholdern erwartet, dass am Ende dieser Periode Klarheit zur aktuellen Situation, Problemursachen sowie wesentlichen (Projekt-) Risiken besteht. Zumindest&hellip;<\/p>\n","category_list_v2":"<a href=\"https:\/\/mf.ag\/de\/category\/artikel\/\" rel=\"category tag\">Artikel<\/a>","author_info_v2":{"name":"Thomas Tschol","url":"https:\/\/mf.ag\/de\/author\/thomas\/"},"comments_num_v2":"0 comments","yoast_head":"<!-- This site is optimized with the Yoast SEO Premium plugin v25.8 (Yoast SEO v27.5) - https:\/\/yoast.com\/product\/yoast-seo-premium-wordpress\/ -->\n<title>Die ersten 30 Tage: Was Manager:Innen von Interim Manager:Innen lernen k\u00f6nnen\u00a0 &#187; Management Factory<\/title>\n<meta name=\"robots\" content=\"index, follow, max-snippet:-1, max-image-preview:large, max-video-preview:-1\" \/>\n<link rel=\"canonical\" href=\"https:\/\/mf.ag\/de\/artikel\/die-ersten-30-tage-was-managerinnen-von-interim-managerinnen-lernen-koennen\/\" \/>\n<meta property=\"og:locale\" content=\"de_DE\" \/>\n<meta property=\"og:type\" content=\"article\" \/>\n<meta property=\"og:title\" content=\"Die ersten 30 Tage: Was Manager:Innen von Interim Manager:Innen lernen k\u00f6nnen\u00a0\" \/>\n<meta property=\"og:description\" content=\"100 Tage \u201eSchonfrist\u201c: So lange haben Politiker:innen oder Manager:Innen meist Zeit, bis sie die ersten sichtbaren Ergebnisse vorweisen m\u00fcssen. Bei Interim Manager:innen ist diese Frist aber deutlich k\u00fcrzer: Als Richtlinie gelten ein Monat oder die ersten 30 Tage nach Arbeitsantritt.&nbsp;&nbsp; Welche Erwartungen an Interim Manager:innen bestehen innerhalb dieser Zeit? Und welche Erfahrungen und Erkenntnisse daraus&nbsp;sind [&hellip;]\" \/>\n<meta property=\"og:url\" content=\"https:\/\/mf.ag\/de\/artikel\/die-ersten-30-tage-was-managerinnen-von-interim-managerinnen-lernen-koennen\/\" \/>\n<meta property=\"og:site_name\" content=\"Management Factory\" \/>\n<meta property=\"article:published_time\" content=\"2024-09-16T10:00:48+00:00\" \/>\n<meta property=\"article:modified_time\" content=\"2024-11-18T15:24:11+00:00\" \/>\n<meta property=\"og:image\" content=\"https:\/\/mf.ag\/wp-content\/uploads\/2024\/09\/Posts-fuer-Website-39.png\" \/>\n\t<meta property=\"og:image:width\" content=\"1920\" \/>\n\t<meta property=\"og:image:height\" content=\"1080\" \/>\n\t<meta property=\"og:image:type\" content=\"image\/png\" \/>\n<meta name=\"author\" content=\"Thomas Tschol\" \/>\n<meta name=\"twitter:card\" content=\"summary_large_image\" \/>\n<meta name=\"twitter:label1\" content=\"Verfasst von\" \/>\n\t<meta name=\"twitter:data1\" content=\"Thomas Tschol\" \/>\n\t<meta name=\"twitter:label2\" content=\"Gesch\u00e4tzte Lesezeit\" \/>\n\t<meta name=\"twitter:data2\" content=\"6\u00a0Minuten\" \/>\n<script type=\"application\/ld+json\" class=\"yoast-schema-graph\">{\"@context\":\"https:\\\/\\\/schema.org\",\"@graph\":[{\"@type\":\"Article\",\"@id\":\"https:\\\/\\\/mf.ag\\\/de\\\/artikel\\\/die-ersten-30-tage-was-managerinnen-von-interim-managerinnen-lernen-koennen\\\/#article\",\"isPartOf\":{\"@id\":\"https:\\\/\\\/mf.ag\\\/de\\\/artikel\\\/die-ersten-30-tage-was-managerinnen-von-interim-managerinnen-lernen-koennen\\\/\"},\"author\":{\"name\":\"Thomas Tschol\",\"@id\":\"https:\\\/\\\/mf.ag\\\/de\\\/#\\\/schema\\\/person\\\/1179cd2951ad520edd576f0446ff3205\"},\"headline\":\"Die ersten 30 Tage: Was Manager:Innen von Interim Manager:Innen lernen k\u00f6nnen\u00a0\",\"datePublished\":\"2024-09-16T10:00:48+00:00\",\"dateModified\":\"2024-11-18T15:24:11+00:00\",\"mainEntityOfPage\":{\"@id\":\"https:\\\/\\\/mf.ag\\\/de\\\/artikel\\\/die-ersten-30-tage-was-managerinnen-von-interim-managerinnen-lernen-koennen\\\/\"},\"wordCount\":1019,\"publisher\":{\"@id\":\"https:\\\/\\\/mf.ag\\\/de\\\/#organization\"},\"image\":{\"@id\":\"https:\\\/\\\/mf.ag\\\/de\\\/artikel\\\/die-ersten-30-tage-was-managerinnen-von-interim-managerinnen-lernen-koennen\\\/#primaryimage\"},\"thumbnailUrl\":\"https:\\\/\\\/mf.ag\\\/wp-content\\\/uploads\\\/2024\\\/09\\\/Posts-fuer-Website-39.png\",\"keywords\":[\"Executive Interim Management\",\"Interim Management\",\"Kommunikation\",\"Newsletter\",\"Team\"],\"articleSection\":[\"Artikel\"],\"inLanguage\":\"de\"},{\"@type\":\"WebPage\",\"@id\":\"https:\\\/\\\/mf.ag\\\/de\\\/artikel\\\/die-ersten-30-tage-was-managerinnen-von-interim-managerinnen-lernen-koennen\\\/\",\"url\":\"https:\\\/\\\/mf.ag\\\/de\\\/artikel\\\/die-ersten-30-tage-was-managerinnen-von-interim-managerinnen-lernen-koennen\\\/\",\"name\":\"Die ersten 30 Tage: Was Manager:Innen von Interim Manager:Innen lernen k\u00f6nnen\u00a0 &#187; Management Factory\",\"isPartOf\":{\"@id\":\"https:\\\/\\\/mf.ag\\\/de\\\/#website\"},\"primaryImageOfPage\":{\"@id\":\"https:\\\/\\\/mf.ag\\\/de\\\/artikel\\\/die-ersten-30-tage-was-managerinnen-von-interim-managerinnen-lernen-koennen\\\/#primaryimage\"},\"image\":{\"@id\":\"https:\\\/\\\/mf.ag\\\/de\\\/artikel\\\/die-ersten-30-tage-was-managerinnen-von-interim-managerinnen-lernen-koennen\\\/#primaryimage\"},\"thumbnailUrl\":\"https:\\\/\\\/mf.ag\\\/wp-content\\\/uploads\\\/2024\\\/09\\\/Posts-fuer-Website-39.png\",\"datePublished\":\"2024-09-16T10:00:48+00:00\",\"dateModified\":\"2024-11-18T15:24:11+00:00\",\"breadcrumb\":{\"@id\":\"https:\\\/\\\/mf.ag\\\/de\\\/artikel\\\/die-ersten-30-tage-was-managerinnen-von-interim-managerinnen-lernen-koennen\\\/#breadcrumb\"},\"inLanguage\":\"de\",\"potentialAction\":[{\"@type\":\"ReadAction\",\"target\":[\"https:\\\/\\\/mf.ag\\\/de\\\/artikel\\\/die-ersten-30-tage-was-managerinnen-von-interim-managerinnen-lernen-koennen\\\/\"]}]},{\"@type\":\"ImageObject\",\"inLanguage\":\"de\",\"@id\":\"https:\\\/\\\/mf.ag\\\/de\\\/artikel\\\/die-ersten-30-tage-was-managerinnen-von-interim-managerinnen-lernen-koennen\\\/#primaryimage\",\"url\":\"https:\\\/\\\/mf.ag\\\/wp-content\\\/uploads\\\/2024\\\/09\\\/Posts-fuer-Website-39.png\",\"contentUrl\":\"https:\\\/\\\/mf.ag\\\/wp-content\\\/uploads\\\/2024\\\/09\\\/Posts-fuer-Website-39.png\",\"width\":1920,\"height\":1080},{\"@type\":\"BreadcrumbList\",\"@id\":\"https:\\\/\\\/mf.ag\\\/de\\\/artikel\\\/die-ersten-30-tage-was-managerinnen-von-interim-managerinnen-lernen-koennen\\\/#breadcrumb\",\"itemListElement\":[{\"@type\":\"ListItem\",\"position\":1,\"name\":\"Home\",\"item\":\"https:\\\/\\\/mf.ag\\\/de\\\/\"},{\"@type\":\"ListItem\",\"position\":2,\"name\":\"Die ersten 30 Tage: Was Manager:Innen von Interim Manager:Innen lernen k\u00f6nnen\u00a0\"}]},{\"@type\":\"WebSite\",\"@id\":\"https:\\\/\\\/mf.ag\\\/de\\\/#website\",\"url\":\"https:\\\/\\\/mf.ag\\\/de\\\/\",\"name\":\"Management Factory\",\"description\":\"Mit Executive Interim Management und Financial Advisory das Gesch\u00e4ft voranbringen\",\"publisher\":{\"@id\":\"https:\\\/\\\/mf.ag\\\/de\\\/#organization\"},\"potentialAction\":[{\"@type\":\"SearchAction\",\"target\":{\"@type\":\"EntryPoint\",\"urlTemplate\":\"https:\\\/\\\/mf.ag\\\/de\\\/?s={search_term_string}\"},\"query-input\":{\"@type\":\"PropertyValueSpecification\",\"valueRequired\":true,\"valueName\":\"search_term_string\"}}],\"inLanguage\":\"de\"},{\"@type\":\"Organization\",\"@id\":\"https:\\\/\\\/mf.ag\\\/de\\\/#organization\",\"name\":\"Management Factory\",\"url\":\"https:\\\/\\\/mf.ag\\\/de\\\/\",\"logo\":{\"@type\":\"ImageObject\",\"inLanguage\":\"de\",\"@id\":\"https:\\\/\\\/mf.ag\\\/de\\\/#\\\/schema\\\/logo\\\/image\\\/\",\"url\":\"\",\"contentUrl\":\"\",\"caption\":\"Management Factory\"},\"image\":{\"@id\":\"https:\\\/\\\/mf.ag\\\/de\\\/#\\\/schema\\\/logo\\\/image\\\/\"}},{\"@type\":\"Person\",\"@id\":\"https:\\\/\\\/mf.ag\\\/de\\\/#\\\/schema\\\/person\\\/1179cd2951ad520edd576f0446ff3205\",\"name\":\"Thomas Tschol\",\"image\":{\"@type\":\"ImageObject\",\"inLanguage\":\"de\",\"@id\":\"https:\\\/\\\/secure.gravatar.com\\\/avatar\\\/be3b553a83b92c160bf704d95ad59a1a1541f86f20cf415aca95f341e85c274a?s=96&r=g\",\"url\":\"https:\\\/\\\/secure.gravatar.com\\\/avatar\\\/be3b553a83b92c160bf704d95ad59a1a1541f86f20cf415aca95f341e85c274a?s=96&r=g\",\"contentUrl\":\"https:\\\/\\\/secure.gravatar.com\\\/avatar\\\/be3b553a83b92c160bf704d95ad59a1a1541f86f20cf415aca95f341e85c274a?s=96&r=g\",\"caption\":\"Thomas Tschol\"},\"description\":\"Thomas Tschol z\u00e4hlt zu den renommiertesten Executive Interim Managern \u00d6sterreichs und verf\u00fcgt \u00fcber eine herausragende Expertise in der Unternehmensrestrukturierung. Im Jahr 2001 gr\u00fcndete er die Management Factory Corporate Advisory GmbH und pr\u00e4gte seither ma\u00dfgeblich deren Entwicklung. F\u00fcr seine au\u00dfergew\u00f6hnlichen Leistungen wurde er 2017 von der D\u00d6IM als Interim Manager des Jahres ausgezeichnet. Heute gilt er als einer der f\u00fchrenden Experten f\u00fcr anspruchsvolle Transformations\u2011 und Sanierungsmandate.\",\"sameAs\":[\"https:\\\/\\\/mf.ag\\\/de\\\/thomas-tschol\\\/\",\"https:\\\/\\\/www.linkedin.com\\\/in\\\/thomas-tschol\\\/\"],\"url\":\"https:\\\/\\\/mf.ag\\\/de\\\/author\\\/thomas\\\/\"}]}<\/script>\n<!-- \/ Yoast SEO Premium plugin. -->","yoast_head_json":{"title":"Die ersten 30 Tage: Was Manager:Innen von Interim Manager:Innen lernen k\u00f6nnen\u00a0 &#187; Management Factory","robots":{"index":"index","follow":"follow","max-snippet":"max-snippet:-1","max-image-preview":"max-image-preview:large","max-video-preview":"max-video-preview:-1"},"canonical":"https:\/\/mf.ag\/de\/artikel\/die-ersten-30-tage-was-managerinnen-von-interim-managerinnen-lernen-koennen\/","og_locale":"de_DE","og_type":"article","og_title":"Die ersten 30 Tage: Was Manager:Innen von Interim Manager:Innen lernen k\u00f6nnen\u00a0","og_description":"100 Tage \u201eSchonfrist\u201c: So lange haben Politiker:innen oder Manager:Innen meist Zeit, bis sie die ersten sichtbaren Ergebnisse vorweisen m\u00fcssen. Bei Interim Manager:innen ist diese Frist aber deutlich k\u00fcrzer: Als Richtlinie gelten ein Monat oder die ersten 30 Tage nach Arbeitsantritt.&nbsp;&nbsp; Welche Erwartungen an Interim Manager:innen bestehen innerhalb dieser Zeit? Und welche Erfahrungen und Erkenntnisse daraus&nbsp;sind [&hellip;]","og_url":"https:\/\/mf.ag\/de\/artikel\/die-ersten-30-tage-was-managerinnen-von-interim-managerinnen-lernen-koennen\/","og_site_name":"Management Factory","article_published_time":"2024-09-16T10:00:48+00:00","article_modified_time":"2024-11-18T15:24:11+00:00","og_image":[{"width":1920,"height":1080,"url":"https:\/\/mf.ag\/wp-content\/uploads\/2024\/09\/Posts-fuer-Website-39.png","type":"image\/png"}],"author":"Thomas Tschol","twitter_card":"summary_large_image","twitter_misc":{"Verfasst von":"Thomas Tschol","Gesch\u00e4tzte Lesezeit":"6\u00a0Minuten"},"schema":{"@context":"https:\/\/schema.org","@graph":[{"@type":"Article","@id":"https:\/\/mf.ag\/de\/artikel\/die-ersten-30-tage-was-managerinnen-von-interim-managerinnen-lernen-koennen\/#article","isPartOf":{"@id":"https:\/\/mf.ag\/de\/artikel\/die-ersten-30-tage-was-managerinnen-von-interim-managerinnen-lernen-koennen\/"},"author":{"name":"Thomas Tschol","@id":"https:\/\/mf.ag\/de\/#\/schema\/person\/1179cd2951ad520edd576f0446ff3205"},"headline":"Die ersten 30 Tage: Was Manager:Innen von Interim Manager:Innen lernen k\u00f6nnen\u00a0","datePublished":"2024-09-16T10:00:48+00:00","dateModified":"2024-11-18T15:24:11+00:00","mainEntityOfPage":{"@id":"https:\/\/mf.ag\/de\/artikel\/die-ersten-30-tage-was-managerinnen-von-interim-managerinnen-lernen-koennen\/"},"wordCount":1019,"publisher":{"@id":"https:\/\/mf.ag\/de\/#organization"},"image":{"@id":"https:\/\/mf.ag\/de\/artikel\/die-ersten-30-tage-was-managerinnen-von-interim-managerinnen-lernen-koennen\/#primaryimage"},"thumbnailUrl":"https:\/\/mf.ag\/wp-content\/uploads\/2024\/09\/Posts-fuer-Website-39.png","keywords":["Executive Interim Management","Interim Management","Kommunikation","Newsletter","Team"],"articleSection":["Artikel"],"inLanguage":"de"},{"@type":"WebPage","@id":"https:\/\/mf.ag\/de\/artikel\/die-ersten-30-tage-was-managerinnen-von-interim-managerinnen-lernen-koennen\/","url":"https:\/\/mf.ag\/de\/artikel\/die-ersten-30-tage-was-managerinnen-von-interim-managerinnen-lernen-koennen\/","name":"Die ersten 30 Tage: Was Manager:Innen von Interim Manager:Innen lernen k\u00f6nnen\u00a0 &#187; Management Factory","isPartOf":{"@id":"https:\/\/mf.ag\/de\/#website"},"primaryImageOfPage":{"@id":"https:\/\/mf.ag\/de\/artikel\/die-ersten-30-tage-was-managerinnen-von-interim-managerinnen-lernen-koennen\/#primaryimage"},"image":{"@id":"https:\/\/mf.ag\/de\/artikel\/die-ersten-30-tage-was-managerinnen-von-interim-managerinnen-lernen-koennen\/#primaryimage"},"thumbnailUrl":"https:\/\/mf.ag\/wp-content\/uploads\/2024\/09\/Posts-fuer-Website-39.png","datePublished":"2024-09-16T10:00:48+00:00","dateModified":"2024-11-18T15:24:11+00:00","breadcrumb":{"@id":"https:\/\/mf.ag\/de\/artikel\/die-ersten-30-tage-was-managerinnen-von-interim-managerinnen-lernen-koennen\/#breadcrumb"},"inLanguage":"de","potentialAction":[{"@type":"ReadAction","target":["https:\/\/mf.ag\/de\/artikel\/die-ersten-30-tage-was-managerinnen-von-interim-managerinnen-lernen-koennen\/"]}]},{"@type":"ImageObject","inLanguage":"de","@id":"https:\/\/mf.ag\/de\/artikel\/die-ersten-30-tage-was-managerinnen-von-interim-managerinnen-lernen-koennen\/#primaryimage","url":"https:\/\/mf.ag\/wp-content\/uploads\/2024\/09\/Posts-fuer-Website-39.png","contentUrl":"https:\/\/mf.ag\/wp-content\/uploads\/2024\/09\/Posts-fuer-Website-39.png","width":1920,"height":1080},{"@type":"BreadcrumbList","@id":"https:\/\/mf.ag\/de\/artikel\/die-ersten-30-tage-was-managerinnen-von-interim-managerinnen-lernen-koennen\/#breadcrumb","itemListElement":[{"@type":"ListItem","position":1,"name":"Home","item":"https:\/\/mf.ag\/de\/"},{"@type":"ListItem","position":2,"name":"Die ersten 30 Tage: Was Manager:Innen von Interim Manager:Innen lernen k\u00f6nnen\u00a0"}]},{"@type":"WebSite","@id":"https:\/\/mf.ag\/de\/#website","url":"https:\/\/mf.ag\/de\/","name":"Management Factory","description":"Mit Executive Interim Management und Financial Advisory das Gesch\u00e4ft voranbringen","publisher":{"@id":"https:\/\/mf.ag\/de\/#organization"},"potentialAction":[{"@type":"SearchAction","target":{"@type":"EntryPoint","urlTemplate":"https:\/\/mf.ag\/de\/?s={search_term_string}"},"query-input":{"@type":"PropertyValueSpecification","valueRequired":true,"valueName":"search_term_string"}}],"inLanguage":"de"},{"@type":"Organization","@id":"https:\/\/mf.ag\/de\/#organization","name":"Management Factory","url":"https:\/\/mf.ag\/de\/","logo":{"@type":"ImageObject","inLanguage":"de","@id":"https:\/\/mf.ag\/de\/#\/schema\/logo\/image\/","url":"","contentUrl":"","caption":"Management Factory"},"image":{"@id":"https:\/\/mf.ag\/de\/#\/schema\/logo\/image\/"}},{"@type":"Person","@id":"https:\/\/mf.ag\/de\/#\/schema\/person\/1179cd2951ad520edd576f0446ff3205","name":"Thomas Tschol","image":{"@type":"ImageObject","inLanguage":"de","@id":"https:\/\/secure.gravatar.com\/avatar\/be3b553a83b92c160bf704d95ad59a1a1541f86f20cf415aca95f341e85c274a?s=96&r=g","url":"https:\/\/secure.gravatar.com\/avatar\/be3b553a83b92c160bf704d95ad59a1a1541f86f20cf415aca95f341e85c274a?s=96&r=g","contentUrl":"https:\/\/secure.gravatar.com\/avatar\/be3b553a83b92c160bf704d95ad59a1a1541f86f20cf415aca95f341e85c274a?s=96&r=g","caption":"Thomas Tschol"},"description":"Thomas Tschol z\u00e4hlt zu den renommiertesten Executive Interim Managern \u00d6sterreichs und verf\u00fcgt \u00fcber eine herausragende Expertise in der Unternehmensrestrukturierung. Im Jahr 2001 gr\u00fcndete er die Management Factory Corporate Advisory GmbH und pr\u00e4gte seither ma\u00dfgeblich deren Entwicklung. F\u00fcr seine au\u00dfergew\u00f6hnlichen Leistungen wurde er 2017 von der D\u00d6IM als Interim Manager des Jahres ausgezeichnet. Heute gilt er als einer der f\u00fchrenden Experten f\u00fcr anspruchsvolle Transformations\u2011 und Sanierungsmandate.","sameAs":["https:\/\/mf.ag\/de\/thomas-tschol\/","https:\/\/www.linkedin.com\/in\/thomas-tschol\/"],"url":"https:\/\/mf.ag\/de\/author\/thomas\/"}]}},"_links":{"self":[{"href":"https:\/\/mf.ag\/de\/wp-json\/wp\/v2\/posts\/57624","targetHints":{"allow":["GET"]}}],"collection":[{"href":"https:\/\/mf.ag\/de\/wp-json\/wp\/v2\/posts"}],"about":[{"href":"https:\/\/mf.ag\/de\/wp-json\/wp\/v2\/types\/post"}],"author":[{"embeddable":true,"href":"https:\/\/mf.ag\/de\/wp-json\/wp\/v2\/users\/31"}],"replies":[{"embeddable":true,"href":"https:\/\/mf.ag\/de\/wp-json\/wp\/v2\/comments?post=57624"}],"version-history":[{"count":16,"href":"https:\/\/mf.ag\/de\/wp-json\/wp\/v2\/posts\/57624\/revisions"}],"predecessor-version":[{"id":58094,"href":"https:\/\/mf.ag\/de\/wp-json\/wp\/v2\/posts\/57624\/revisions\/58094"}],"wp:featuredmedia":[{"embeddable":true,"href":"https:\/\/mf.ag\/de\/wp-json\/wp\/v2\/media\/57625"}],"wp:attachment":[{"href":"https:\/\/mf.ag\/de\/wp-json\/wp\/v2\/media?parent=57624"}],"wp:term":[{"taxonomy":"category","embeddable":true,"href":"https:\/\/mf.ag\/de\/wp-json\/wp\/v2\/categories?post=57624"},{"taxonomy":"post_tag","embeddable":true,"href":"https:\/\/mf.ag\/de\/wp-json\/wp\/v2\/tags?post=57624"}],"curies":[{"name":"wp","href":"https:\/\/api.w.org\/{rel}","templated":true}]}}