{"id":57609,"date":"2024-09-16T11:13:16","date_gmt":"2024-09-16T09:13:16","guid":{"rendered":"https:\/\/mf.ag\/?p=57609"},"modified":"2026-01-12T13:34:08","modified_gmt":"2026-01-12T12:34:08","slug":"management-und-persoenlichkeitsdiagnostik-fuer-executive-interim-managerinnen","status":"publish","type":"post","link":"https:\/\/mf.ag\/de\/artikel\/management-und-persoenlichkeitsdiagnostik-fuer-executive-interim-managerinnen\/","title":{"rendered":"Management- und Pers\u00f6nlichkeitsdiagnostik f\u00fcr Executive Interim Manager:innen"},"content":{"rendered":"\n<p>Erfolgreiche<a href=\"https:\/\/mf.ag\/de\/executive-interim-management\/\"> Executive Interim Mananager:innen<\/a> zeichnen sich durch eine Kombination an Fachkompetenz, pers\u00f6nlicher Reife und sozialer Kompetenz aus. In diesem Beitrag stellen wir Ihnen das \u201eBalanced Six Modell\u201c von LACKNER &amp; KABAS vor. Damit ist eine praxisorientierte Pers\u00f6nlichkeitsdiagnostik f\u00fcr F\u00fchrungskr\u00e4fte m\u00f6glich.<\/p>\n\n\n\n<p>Im Executive Interim Management m\u00fcssen gleich zu Beginn die fachlichen Anforderungen und die pers\u00f6nliche Ausstattung der Kandidat:innen miteinander in Bezug gesetzt werden. Selbstverst\u00e4ndlich bringen die Expert:innen der Management Factory durch ihre langj\u00e4hrige Erfahrung die n\u00f6tigen fachlichen Kompetenzen mit.<\/p>\n\n\n\n<p>Doch der Erfolg eines Projekts h\u00e4ngt auch davon ab, ob eine Person in puncto Pers\u00f6nlichkeit, soziale F\u00e4higkeiten und Kommunikationsf\u00e4higkeit zum jeweiligen Mandat \u201epasst\u201c. Empathie und das Gesp\u00fcr f\u00fcr zwischenmenschliche Dynamiken sind unerl\u00e4sslich, um Vertrauen aufzubauen und Unternehmen erfolgreich weiterzuentwickeln. Die passenden Pers\u00f6nlichkeiten f\u00fcr die jeweiligen Mandate zu finden, ist gew\u00f6hnlich Aufgabe der Provider. Aber auch jede:r Interim Manager:in muss sich selbst immer fragen: <strong><em>Kann und will ich dieses Mandat \u00fcbernehmen?<\/em><\/strong><\/p>\n\n\n\n<p>F\u00fcr die Beantwortung dieser Frage ist eine geh\u00f6rige Portion Selbstkenntnis und Reflexion erforderlich. Dabei k\u00f6nnen das \u201e<strong>Balanced Six Modell<\/strong>\u201c und die \u201e<strong>Wiener Potenzialanalyse<\/strong>\u201c helfen. Einerseits vergleicht es die Jobanforderungen und die Pers\u00f6nlichkeitsausstattung miteinander. Andererseits ber\u00fccksichtigt es neben der Kompetenzseite (\u201eAu\u00dfen\u201c) auch die tieferliegenden Pers\u00f6nlichkeitsmerkmale (\u201eInnen\u201c).<\/p>\n\n\n\n<figure class=\"wp-block-image size-large\"><img loading=\"lazy\" decoding=\"async\" width=\"1024\" height=\"487\" src=\"https:\/\/mf.ag\/wp-content\/uploads\/2024\/09\/Bildschirmfoto-2024-09-16-um-10.34.33-1-1024x487.png\" alt=\"\" class=\"wp-image-57616\" srcset=\"https:\/\/mf.ag\/wp-content\/uploads\/2024\/09\/Bildschirmfoto-2024-09-16-um-10.34.33-1-1024x487.png 1024w, https:\/\/mf.ag\/wp-content\/uploads\/2024\/09\/Bildschirmfoto-2024-09-16-um-10.34.33-1-300x143.png 300w, https:\/\/mf.ag\/wp-content\/uploads\/2024\/09\/Bildschirmfoto-2024-09-16-um-10.34.33-1-768x365.png 768w, https:\/\/mf.ag\/wp-content\/uploads\/2024\/09\/Bildschirmfoto-2024-09-16-um-10.34.33-1-1536x731.png 1536w, https:\/\/mf.ag\/wp-content\/uploads\/2024\/09\/Bildschirmfoto-2024-09-16-um-10.34.33-1.png 1640w\" sizes=\"auto, (max-width: 1024px) 100vw, 1024px\" \/><\/figure>\n\n\n\n<p>Basis des \u201e<strong>Balanced Six Modells<\/strong>\u201c ist die gemeinsam mit der <strong><a href=\"https:\/\/www.univie.ac.at\/\" target=\"_blank\" rel=\"noreferrer noopener\">Universit\u00e4t Wien<\/a><\/strong> entwickelte \u201e<strong>Wiener Pers\u00f6nlichkeitsanalyse<\/strong>\u201c (WPA). Sie umfasst sechs zentrale Kompetenzfelder:<\/p>\n\n\n\n<h4 class=\"wp-block-heading\" id=\"h-1-soziale-kompetenz\"><strong><span style=\"color: #902742;\" class=\"stk-highlight\">1. Soziale Kompetenz <\/span><\/strong><\/h4>\n\n\n\n<p>Im Beruf sind wir gefordert, mit unterschiedlichen Menschen in verschiedensten Situationen konstruktiv zusammen zu arbeiten. Die <strong>WIR-Seite<\/strong> hilft uns, die Interessen und Perspektiven von anderen wahrzunehmen und darauf einzugehen. Mit der <strong>ICH-Kraft<\/strong> bringen wir unsere Ideen und unser Wollen in die Welt.<\/p>\n\n\n\n<h4 class=\"wp-block-heading\" id=\"h-2-aufgaben-kompetenz\"><span style=\"color: #902742;\" class=\"stk-highlight\"><strong>2. Aufgaben-Kompetenz <\/strong><\/span><\/h4>\n\n\n\n<p>Die Bearbeitung von Aufgaben steht im Zentrum des Berufs. Manchmal bearbeiten wir Aufgaben alleine, oftmals mit anderen gemeinsam. Jede Aufgabe besteht aus einem planerischen, systematischen Teil und aus der Umsetzung. Die <strong>DENKEN-Seite<\/strong> zeigt sich in unserer Pr\u00e4ferenz f\u00fcr Planung, Struktur und Konzeption. Die <strong>TUN-Seite<\/strong> beschreibt unsere Kompetenz f\u00fcr \u201eAnpacken\u201c, Machen und Umsetzen.<\/p>\n\n\n\n<h4 class=\"wp-block-heading\" id=\"h-3-fachliche-kompetenz\"><span style=\"color: #902742;\" class=\"stk-highlight\"><strong>3. Fachliche Kompetenz<\/strong><\/span><\/h4>\n\n\n\n<p>In jedem Beruf braucht es <strong>spezifisches WISSEN<\/strong> und <strong>spezifische KOMPETENZEN<\/strong>. Dadurch wird die Bearbeitung von Aufgaben erst m\u00f6glich. Branchen-Know-How ist der Fachkompetenz zugeordnet und bei Interim-Mandaten oft von gro\u00dfem Vorteil.<\/p>\n\n\n\n<h4 class=\"wp-block-heading\" id=\"h-4-selbstvertrauen\"><strong><span style=\"color: #902742;\" class=\"stk-highlight\">4. Selbstvertrauen <\/span><\/strong><\/h4>\n\n\n\n<p>Die \u00dcbernahme von Verantwortung erfordert pers\u00f6nliche Substanz. Diese steht in Verbindung mit der Differenziertheit des eigenen Selbstbildes. Die Reflexion des eigenen Verhaltens und Erlebens f\u00fchrt zur Balance von \u201e<strong>Ich bin o.k.<\/strong>\u201c (Ich wei\u00df, wer ich bin und was ich kann.) und \u201e<strong>Ich bin nicht o.k.<\/strong>\u201c (Ich wei\u00df, wer ich nicht bin und was nicht zu mir passt.).<\/p>\n\n\n\n<h4 class=\"wp-block-heading\" id=\"h-5-belastbarkeit\"><strong><span style=\"color: #902742;\" class=\"stk-highlight\">5. Belastbarkeit<\/span><\/strong><\/h4>\n\n\n\n<p>Berufliche Lebenswelten werden zunehmend herausfordernd. Zwei Faktoren helfen uns, mittel- und langfristig leistungsf\u00e4hig zu sein: Unsere <strong>KONSTITUTION<\/strong> stellt die weitgehend angeborene energetische Grundausstattung dar. <strong>REGENERATION<\/strong> bezeichnet die F\u00e4higkeit, vom Beruf abzuschalten und die \u201eBatterien neu aufzuladen\u201c. F\u00fcr erfahrene Interim Manager:innen im fortgeschrittenen Alter ist dieser Aspekt nicht zu untersch\u00e4tzen.<\/p>\n\n\n\n<h4 class=\"wp-block-heading\" id=\"h-6-motivation\"><strong><span style=\"color: #902742;\" class=\"stk-highlight\">6. Motivation <\/span><\/strong><\/h4>\n\n\n\n<p>Motivation bezeichnet die Bereitschaft, die pers\u00f6nliche Lebensenergie freiwillig f\u00fcr den Beruf einzusetzen. Wenn unser Interesse die <strong>SACHE<\/strong> fokussiert, dann besch\u00e4ftigen wir uns bevorzugt mit Inhalten und agieren gerne als Spezialist. Interessieren wir uns f\u00fcr <strong>MENSCHEN<\/strong>, entwickeln wir unsere soziale Kompetenz und unsere F\u00fchrungskompetenz.<\/p>\n\n\n\n<p>Wie bei allen Pers\u00f6nlichkeitstests gibt es kein Richtig und kein Falsch. F\u00fcr eine abgerundete Manager:innen-Pers\u00f6nlichkeit ist das Beherrschen und \u201e<strong>Balancieren<\/strong>\u201c der verschiedenen Kompetenzen und Ausstattungsmerkmale aber hilfreich. Manager:innen beziehungsweise Eigent\u00fcmer:innen mit einem starken Fokus auf \u201e<strong>Ich<\/strong>\u201c und \u201e<strong>Tun<\/strong>\u201c starten Unterfangen oft ohne ausreichende Planung. Der Nachteil: Sie verlieren dann auch rasch die Mannschaft. F\u00fchrungskr\u00e4fte, die hingegen den Fokus ausschlie\u00dflich auf \u201e<strong>Wir<\/strong>\u201c und \u201e<strong>Denken<\/strong>\u201c haben, l\u00e4hmen die Organisation mit langen Brainstormings, Klausuren und Szenario-Analysen, ohne Entscheidungen zu treffen und zur Umsetzung zu kommen.<\/p>\n\n\n\n<p>Auch auf der Innenseite ist eine \u201e<strong>Balance<\/strong>\u201c kein Fehler. Zu viel Selbstbewusstsein ist genauso wenig hilfreich wie zu wenig. Ein:e Manager:in, die entweder nur an der Sache oder nur an den Menschen Interesse hat, ist selten eine exzellente F\u00fchrungskraft.<\/p>\n\n\n\n<p>Die Wiener Potenzialanalyse kombiniert einen webbasierten Pers\u00f6nlichkeitstest mit einem pers\u00f6nlichen Analyse-Gespr\u00e4ch. Im ersten Schritt gibt man online Selbsteinsch\u00e4tzungen zur Pers\u00f6nlichkeit an, wobei die Beurteilung \u00fcber Vergleichsgruppen erfolgt. Im zweiten Schritt erfolgt im individuellen Analyse-Gespr\u00e4ch die Fremdeinsch\u00e4tzung, wobei es hier auch darum geht, sich mit der Biografie des beziehungsweise der Teilnehmer:in auseinanderzusetzen. Ziel des ein- bis zweist\u00fcndigen Gespr\u00e4chs ist es herauszufinden, ob Selbstbild und Biografie \u00fcbereinstimmen, welche Erfahrungen die jetzige berufliche Situation beeinflussen und welche langfristigen Ziele der F\u00fchrungskraft verfolgt. Von diesen Informationen wird ein St\u00e4rken- und Entwicklungsprofil abgeleitet, das man gemeinsam in einem weiteren, rund einst\u00fcndigen Abschluss-Gespr\u00e4ch durchgeht. Nachdem so die Potenziale und m\u00f6glichen zuk\u00fcnftigen Entwicklungspfade herausgearbeitet wurden, geben LACKNER &amp; KABAS auf Wunsch konkrete Empfehlungen ab.<\/p>\n\n\n\n<p>F\u00fcr<a href=\"https:\/\/mf.ag\/de\/interim-manager\/\" target=\"_blank\" rel=\"noreferrer noopener\"> Interim Manager:innen<\/a> sehr aufschlussreich ist auch der sogenannte Management Grid, der die m\u00f6glichen Entwicklungspfade einer F\u00fchrungskraft und den aktuellen Stand der F\u00fchrungskraft abbildet. Potenziale und Weiterentwicklungsm\u00f6glichkeiten werden aufzeigt, wobei der idealtypische Entwicklungspfad \u00fcber die Stationen 1 auf 2 und 4 l\u00e4uft, wie die nachfolgende Grafik zeigt.<\/p>\n\n\n\n<figure class=\"wp-block-image size-large\"><img loading=\"lazy\" decoding=\"async\" width=\"1024\" height=\"771\" src=\"https:\/\/mf.ag\/wp-content\/uploads\/2024\/09\/Bildschirmfoto-2024-09-16-um-10.50.47-1024x771.png\" alt=\"\" class=\"wp-image-57618\" srcset=\"https:\/\/mf.ag\/wp-content\/uploads\/2024\/09\/Bildschirmfoto-2024-09-16-um-10.50.47-1024x771.png 1024w, https:\/\/mf.ag\/wp-content\/uploads\/2024\/09\/Bildschirmfoto-2024-09-16-um-10.50.47-300x226.png 300w, https:\/\/mf.ag\/wp-content\/uploads\/2024\/09\/Bildschirmfoto-2024-09-16-um-10.50.47-768x578.png 768w, https:\/\/mf.ag\/wp-content\/uploads\/2024\/09\/Bildschirmfoto-2024-09-16-um-10.50.47-1536x1156.png 1536w, https:\/\/mf.ag\/wp-content\/uploads\/2024\/09\/Bildschirmfoto-2024-09-16-um-10.50.47.png 1602w\" sizes=\"auto, (max-width: 1024px) 100vw, 1024px\" \/><\/figure>\n\n\n\n<p>Dieses Management Grid hilft<a href=\"https:\/\/mf.ag\/de\/interim-management\/\" target=\"_blank\" rel=\"noreferrer noopener\"> Interim Manager:innen<\/a> also bei der Selbsteinsch\u00e4tzung und somit auch bei der Entscheidung, welche Mandate zur eigenen Ausstattung und den pers\u00f6nlichen Interessen passen \u2013 und welche weniger. Eine Vakanz-\u00dcberbr\u00fcckung ist etwas anderes als der z\u00fcgige Aufbau eines neuen Gesch\u00e4ftsfelds. Eine Restrukturierung in der Krise verlangt andere Management-Kompetenzen als die Transformation einer (noch) profitablen und erfolgreichen Organisation.<\/p>\n\n\n\n<p>Wo stehe ich als (Interim) Manager:in? Wo m\u00f6chte ich mich hin entwickeln? Was muss ich daf\u00fcr tun? Viele spannende Fragen, die mithilfe des \u201e<strong>Balanced Six Models<\/strong>\u201c, der \u201e<strong>Wiener Pers\u00f6nlichkeitsanalyse<\/strong>\u201c und des Management Grids konkretisiert werden k\u00f6nnen. Auch in der Nachbetrachtung eines Mandats k\u00f6nnen diese Tools hilfreich sein: <strong><em>Was ist gut gelaufen und was weniger?<\/em><\/strong><\/p>\n\n\n\n<p>Der Zeitaufwand f\u00fcr die Management- und Pers\u00f6nlichkeitsdiagnostik von LACKNER &amp; KABAS liegt bei einem halben Arbeitstag, wobei es kein Fehler ist, die Ergebnisse auch ein wenig &#8222;sickern&#8220; zu lassen. Das hei\u00dft, die Diagnostik passt zeitlich nicht so gut in die Startphase eines neuen Mandats, sehr wohl aber in die Zeit zwischen zwei Mandaten.<\/p>\n\n\n\n<p class=\"has-primary-background-color has-background\"><strong><span style=\"color: #ffffff;\" class=\"stk-highlight\">Zusammenfassend ist festzuhalten, dass die Management- und Pers\u00f6nlichkeitsdiagnostik von LACKNER &amp; KABAS vielseitig Anwendung findet, unter anderem in folgenden F\u00e4llen:<\/span><\/strong><\/p>\n\n\n\n<p class=\"has-base-background-color has-background\"><strong>1) <\/strong>Bezogen auf die eigene Pers\u00f6nlichkeitsentwicklung bietet die Wiener Potenzialanalyse einen tiefen Einblick in die eigenen F\u00e4higkeiten und Entwicklungsm\u00f6glichkeiten. Gerade in Executive Positionen, in denen man selten Feedback erh\u00e4lt, ist die Selbstreflexion umso wichtiger. Die Analyse hilft, blinde Flecken zu erkennen und gezielte Entwicklungsma\u00dfnahmen zu planen. Sie unterst\u00fctzt dabei, die eigene F\u00fchrungsf\u00e4higkeit zu st\u00e4rken und sich f\u00fcr zuk\u00fcnftige Herausforderungen zu wappnen. F\u00fcr jede:n Manager:in ist es wichtig, sich selber und andere richtig einsch\u00e4tzen zu k\u00f6nnen.<\/p>\n\n\n\n<p class=\"has-base-background-color has-background\"><strong>2) <\/strong>Im Kontext des Executive Recruitings erm\u00f6glicht die Wiener Potenzialanalyse eine pr\u00e4zise Bewertung potenzieller F\u00fchrungskr\u00e4fte. Sie hilft, nicht nur die fachliche Eignung, sondern auch die kulturelle Passung und das langfristige Potenzial der Kandidaten zu bestimmen. Dies ist nicht nur f\u00fcr f\u00fcr die Auswahl von Interim Manager:innen relevant. Auch dann, wenn f\u00fcr eine F\u00fchrungskraft intern oder extern ein:e Nachfolger:in auszuw\u00e4hlen ist, k\u00f6nnen die f\u00fcr das Jobprofil erforderlichen Kompetenzen abgeglichen werden.<\/p>\n\n\n\n<p class=\"has-base-background-color has-background\"><strong>3) <\/strong>Bei Umstrukturierungen und Transformationen erm\u00f6glicht die Wiener Potenzialanalyse eine tiefgehende Bewertung individueller St\u00e4rken und Entwicklungsfelder. So k\u00f6nnen Unternehmen gezielt Talente und F\u00fchrungskr\u00e4fte identifizieren, die am besten f\u00fcr neue Rollen und Herausforderungen geeignet sind. Zudem bietet sie wertvolle Einblicke in das Team- und Organisationspotenzial, wodurch Ver\u00e4nderungsprozesse effektiver und reibungsloser gestaltet werden k\u00f6nnen. <br>Die \u201eWiener Potenzialanalyse\u201c, gest\u00fctzt durch das \u201eBalanced Six Modell\u201c, stellt nach dem Daf\u00fcrhalten der Management Factory ein kraftvolles und vielseitiges Instrument in der Pers\u00f6nlichkeitsdiagnostik dar. Sie bietet tiefe Einblicke in die Pers\u00f6nlichkeit und Potenziale von Einzelpersonen und unterst\u00fctzt Unternehmen und Eigent\u00fcmer:innen bei elementaren Personalentscheidungen.<\/p>\n\n\n\n<p class=\"has-base-color has-primary-background-color has-text-color has-background has-link-color wp-elements-077159c4f1dd8f2403d643b9158791d0\">Bei Interesse am <strong>Toolset <\/strong>der <strong>Wiener Pers\u00f6nlichkeitsanalyse<\/strong> oder bei Fragen wenden Sie sich gerne an unseren <strong>Talent Consultant <a href=\"https:\/\/www.linkedin.com\/in\/annika-porsch-652391113\/?originalSubdomain=at\">Annika Porsch<\/a><\/strong> oder direkt an <a href=\"https:\/\/www.management-assessments.com\/\" target=\"_blank\" rel=\"noreferrer noopener\">LACKNER &amp; KABAS<\/a>. Weiterf\u00fchrend finden Sie ein Video zum &#8222;<a href=\"https:\/\/vimeo.com\/773046033\/f20d701f55\">M<\/a><a href=\"https:\/\/vimeo.com\/773046033\/f20d701f55\" target=\"_blank\" rel=\"noreferrer noopener\">anagement Grid<\/a>&#8222;.<\/p>\n\n\n\n<div class=\"wp-block-media-text alignwide is-stacked-on-mobile is-vertically-aligned-center is-image-fill-element is-style-tw-overlap has-white-background-color has-background\" style=\"margin-top:var(--wp--preset--spacing--40)\"><figure class=\"wp-block-media-text__media\"><img loading=\"lazy\" decoding=\"async\" width=\"1024\" height=\"632\" src=\"https:\/\/mf.ag\/wp-content\/uploads\/2024\/09\/DSC7653_c_David_Bohmann-scaled-e1726576067652-1024x632.jpg\" alt=\"\" class=\"wp-image-57535 size-full\" style=\"object-position:50% 50%\" srcset=\"https:\/\/mf.ag\/wp-content\/uploads\/2024\/09\/DSC7653_c_David_Bohmann-scaled-e1726576067652-1024x632.jpg 1024w, https:\/\/mf.ag\/wp-content\/uploads\/2024\/09\/DSC7653_c_David_Bohmann-scaled-e1726576067652-300x185.jpg 300w, https:\/\/mf.ag\/wp-content\/uploads\/2024\/09\/DSC7653_c_David_Bohmann-scaled-e1726576067652-768x474.jpg 768w, https:\/\/mf.ag\/wp-content\/uploads\/2024\/09\/DSC7653_c_David_Bohmann-scaled-e1726576067652-1536x948.jpg 1536w, https:\/\/mf.ag\/wp-content\/uploads\/2024\/09\/DSC7653_c_David_Bohmann-scaled-e1726576067652-2048x1265.jpg 2048w\" sizes=\"auto, (max-width: 1024px) 100vw, 1024px\" \/><\/figure><div class=\"wp-block-media-text__content\">\n<h4 class=\"wp-block-heading\" id=\"h-kontaktieren-sie-unseren-talent-consultant-annika-porsch\">Kontaktieren Sie unseren Talent Consultant<br><a href=\"https:\/\/www.linkedin.com\/in\/annika-porsch-652391113\/details\/experience\/\" target=\"_blank\" rel=\"noreferrer noopener\">Annika Porsch<\/a>.<\/h4>\n\n\n\n<div class=\"wp-block-buttons is-layout-flex wp-container-core-buttons-is-layout-b56ea84c wp-block-buttons-is-layout-flex\">\n<div class=\"wp-block-button\"><a class=\"wp-block-button__link has-white-color has-custom-valtus-red-background-color has-text-color has-background wp-element-button\" href=\"tel:00436642148577\"><i class=\"fas fa-phone\"><\/i>0664&nbsp;2148577<\/a><\/div>\n\n\n\n<div class=\"wp-block-button\"><a class=\"wp-block-button__link has-white-color has-custom-nordic-blue-background-color has-text-color has-background wp-element-button\" href=\"mailto:annika.porsch@mf.ag\"><i class=\"fas fa-envelope\"><\/i>annika.porsch@mf.ag<\/a><\/div>\n<\/div>\n<\/div><\/div>\n\n\n\n<div class=\"wp-block-media-text alignwide is-stacked-on-mobile is-vertically-aligned-center is-image-fill-element is-style-tw-overlap has-white-background-color has-background\" style=\"margin-top:var(--wp--preset--spacing--40)\"><figure class=\"wp-block-media-text__media\"><img loading=\"lazy\" decoding=\"async\" width=\"1024\" height=\"768\" src=\"https:\/\/mf.ag\/wp-content\/uploads\/2024\/09\/018A3480-1-1024x768.png\" alt=\"\" class=\"wp-image-57696 size-full\" style=\"object-position:50% 50%\" srcset=\"https:\/\/mf.ag\/wp-content\/uploads\/2024\/09\/018A3480-1-1024x768.png 1024w, https:\/\/mf.ag\/wp-content\/uploads\/2024\/09\/018A3480-1-300x225.png 300w, https:\/\/mf.ag\/wp-content\/uploads\/2024\/09\/018A3480-1-768x576.png 768w, https:\/\/mf.ag\/wp-content\/uploads\/2024\/09\/018A3480-1-1536x1152.png 1536w, https:\/\/mf.ag\/wp-content\/uploads\/2024\/09\/018A3480-1-2048x1536.png 2048w\" sizes=\"auto, (max-width: 1024px) 100vw, 1024px\" \/><\/figure><div class=\"wp-block-media-text__content\">\n<h4 class=\"wp-block-heading\" id=\"h-kontaktieren-sie-mag-alfred-lackner-geschaftsfuhrer-von-lackner-amp-kabas\">Kontaktieren Sie <a href=\"https:\/\/www.linkedin.com\/in\/alfred-lackner-6aab0962\/\">Mag. Alfred Lackner<\/a>, Gesch\u00e4ftsf\u00fchrer von LACKNER &amp; KABAS.<\/h4>\n\n\n\n<div class=\"wp-block-buttons is-layout-flex wp-container-core-buttons-is-layout-b56ea84c wp-block-buttons-is-layout-flex\">\n<div class=\"wp-block-button\"><a class=\"wp-block-button__link has-white-color has-custom-valtus-red-background-color has-text-color has-background wp-element-button\" href=\"tel:00436642148577\"><i class=\"fas fa-phone\"><\/i>0664 1522164<\/a><\/div>\n\n\n\n<div class=\"wp-block-button\"><a class=\"wp-block-button__link has-white-color has-custom-nordic-blue-background-color has-text-color has-background wp-element-button\" href=\"mailto:annika.porsch@mf.ag\"><i class=\"fas fa-envelope\"><\/i>office@lackner.kabas.at<\/a><\/div>\n<\/div>\n<\/div><\/div>\n\n\n\n<p><strong>Zu den weiteren Artikeln dieses Newsletters geht es hier:<br><\/strong><\/p>\n\n\n\n<div class=\"wp-block-stackable-button-group stk-block-button-group stk-block stk-11950e0\" data-block-id=\"11950e0\"><div class=\"stk-row stk-inner-blocks stk-block-content stk-button-group\">\n<div class=\"wp-block-stackable-button stk-block-button has-text-align-center stk-block stk-5304e64\" data-block-id=\"5304e64\"><style>.stk-5304e64 {padding-top:0px !important;padding-right:0px !important;padding-bottom:0px !important;padding-left:0px !important;}.stk-5304e64 .stk-button{background:#902742 !important;}.stk-5304e64 .stk-button__inner-text{color:#ffffff !important;}<\/style><a class=\"stk-link stk-button stk--hover-effect-darken\" href=\"https:\/\/mf.ag\/de\/artikel\/one-team-breaking-borders-konferenz-der-valtus-partner-in-stockholm\/\"><span class=\"has-text-color stk-button__inner-text\">    One Team, breaking    <br> borders: Konferenz <\/span><\/a><\/div>\n\n\n\n<div class=\"wp-block-stackable-button stk-block-button has-text-align-center stk-block stk-b9ffe8d\" data-block-id=\"b9ffe8d\"><style>.stk-b9ffe8d {min-height:0px !important;padding-top:0px !important;padding-right:0px !important;padding-bottom:0px !important;padding-left:0px !important;}.stk-b9ffe8d .stk-button{background:#902742 !important;}<\/style><a class=\"stk-link stk-button stk--hover-effect-darken\" href=\"https:\/\/mf.ag\/de\/artikel\/kuenstliche-intelligenz-in-interim-management-und-hr\/\"><span class=\"stk-button__inner-text\">  K\u00fcnstliche Intelligenz   <br>in IM &amp; HR<\/span><\/a><\/div>\n\n\n\n<div class=\"wp-block-stackable-button stk-block-button has-text-align-center stk-block stk-80bc89e\" data-block-id=\"80bc89e\"><style>.stk-80bc89e {align-items:center !important;max-width:1500px !important;min-width:auto !important;padding-top:0px !important;padding-right:0px !important;padding-bottom:0px !important;padding-left:0px !important;display:flex !important;}.stk-80bc89e .stk-button{min-height:0px !important;background:#902742 !important;}.stk-80bc89e .stk-button:before{box-shadow:0px 70px 90px -20px #4849794d !important;}<\/style><a class=\"stk-link stk-button stk--hover-effect-darken\" href=\"https:\/\/mf.ag\/de\/artikel\/die-ersten-30-tage-was-managerinnen-von-interim-managerinnen-lernen-koennen\/\"><span class=\"stk-button__inner-text\">   Die ersten 30 Tage: <br> Interim Management<\/span><\/a><\/div>\n<\/div><\/div>\n\n\n\n<div class=\"wp-block-stackable-button-group stk-block-button-group stk-block stk-63fbe8e\" data-block-id=\"63fbe8e\"><div class=\"stk-row stk-inner-blocks stk-block-content stk-button-group\">\n<div class=\"wp-block-stackable-button stk-block-button has-text-align-center stk-block stk-0344267\" data-block-id=\"0344267\"><style>.stk-0344267 .stk-button{background:#902742 !important;}<\/style><a class=\"stk-link stk-button stk--hover-effect-darken\" href=\"https:\/\/mf.ag\/de\/artikel\/hr-interim-management-bei-der-management-factory\/\"><span class=\"stk-button__inner-text\">HR Interim <br>Management <\/span><\/a><\/div>\n\n\n\n<div class=\"wp-block-stackable-button stk-block-button has-text-align-center stk-block stk-650b2b5\" data-block-id=\"650b2b5\"><style>.stk-650b2b5 .stk-button{background:#902742 !important;}<\/style><a class=\"stk-link stk-button stk--hover-effect-darken\" href=\"https:\/\/mf.ag\/de\/artikel\/digitalisierung-im-hr-bereich-erfolgsfaktoren-und-umsetzungstipps\/\"><span class=\"stk-button__inner-text\">Digitalisierung <br>im HR Bereich<\/span><\/a><\/div>\n\n\n\n<div class=\"wp-block-stackable-button stk-block-button has-text-align-center stk-block stk-a5369c7\" data-block-id=\"a5369c7\"><style>.stk-a5369c7 .stk-button{background:#222f42 !important;}<\/style><a class=\"stk-link stk-button stk--hover-effect-darken\" href=\"https:\/\/share-eu1.hsforms.com\/1ZnE3x7sfSeGsQvn5Rp3vQQfl2ft\"><span class=\"stk-button__inner-text\">Anmeldung zum Business Breakfast <br>von Hermann Pavelka Denk <\/span><\/a><\/div>\n<\/div><\/div>\n","protected":false},"excerpt":{"rendered":"<p>Erfolgreiche Executive Interim Mananager:innen zeichnen sich durch eine Kombination an Fachkompetenz, pers\u00f6nlicher Reife und sozialer Kompetenz aus. In diesem Beitrag stellen wir Ihnen das \u201eBalanced Six Modell\u201c von LACKNER &amp; KABAS vor. Damit ist eine praxisorientierte Pers\u00f6nlichkeitsdiagnostik f\u00fcr F\u00fchrungskr\u00e4fte m\u00f6glich. Im Executive Interim Management m\u00fcssen gleich zu Beginn die fachlichen Anforderungen und die pers\u00f6nliche Ausstattung [&hellip;]<\/p>\n","protected":false},"author":29,"featured_media":57610,"comment_status":"closed","ping_status":"closed","sticky":false,"template":"","format":"standard","meta":{"inline_featured_image":false,"footnotes":""},"categories":[3268],"tags":[3377,3372,3277,3282],"class_list":["post-57609","post","type-post","status-publish","format-standard","has-post-thumbnail","hentry","category-artikel","tag-executive-interim-management","tag-interim-management-3","tag-newsletter-2","tag-restrukturierung"],"featured_image_urls_v2":{"full":["https:\/\/mf.ag\/wp-content\/uploads\/2024\/09\/Posts-fuer-Website-38.png",1920,1080,false],"thumbnail":["https:\/\/mf.ag\/wp-content\/uploads\/2024\/09\/Posts-fuer-Website-38-250x250.png",250,250,true],"medium":["https:\/\/mf.ag\/wp-content\/uploads\/2024\/09\/Posts-fuer-Website-38-300x169.png",300,169,true],"medium_large":["https:\/\/mf.ag\/wp-content\/uploads\/2024\/09\/Posts-fuer-Website-38-768x432.png",768,432,true],"large":["https:\/\/mf.ag\/wp-content\/uploads\/2024\/09\/Posts-fuer-Website-38-1024x576.png",1024,576,true],"1536x1536":["https:\/\/mf.ag\/wp-content\/uploads\/2024\/09\/Posts-fuer-Website-38-1536x864.png",1536,864,true],"2048x2048":["https:\/\/mf.ag\/wp-content\/uploads\/2024\/09\/Posts-fuer-Website-38.png",1920,1080,false],"gform-image-choice-sm":["https:\/\/mf.ag\/wp-content\/uploads\/2024\/09\/Posts-fuer-Website-38.png",300,169,false],"gform-image-choice-md":["https:\/\/mf.ag\/wp-content\/uploads\/2024\/09\/Posts-fuer-Website-38.png",400,225,false],"gform-image-choice-lg":["https:\/\/mf.ag\/wp-content\/uploads\/2024\/09\/Posts-fuer-Website-38.png",600,338,false],"profile_24":["https:\/\/mf.ag\/wp-content\/uploads\/2024\/09\/Posts-fuer-Website-38-24x24.png",24,24,true],"profile_48":["https:\/\/mf.ag\/wp-content\/uploads\/2024\/09\/Posts-fuer-Website-38-48x48.png",48,48,true],"profile_96":["https:\/\/mf.ag\/wp-content\/uploads\/2024\/09\/Posts-fuer-Website-38-96x96.png",96,96,true],"profile_150":["https:\/\/mf.ag\/wp-content\/uploads\/2024\/09\/Posts-fuer-Website-38-150x150.png",150,150,true],"profile_300":["https:\/\/mf.ag\/wp-content\/uploads\/2024\/09\/Posts-fuer-Website-38-300x300.png",300,300,true]},"post_excerpt_stackable_v2":"<p>Erfolgreiche Executive Interim Mananager:innen zeichnen sich durch eine Kombination an Fachkompetenz, pers\u00f6nlicher Reife und sozialer Kompetenz aus. In diesem Beitrag stellen wir Ihnen das \u201eBalanced Six Modell\u201c von LACKNER &amp; KABAS vor. Damit ist eine praxisorientierte Pers\u00f6nlichkeitsdiagnostik f\u00fcr F\u00fchrungskr\u00e4fte m\u00f6glich. Im Executive Interim Management m\u00fcssen gleich zu Beginn die fachlichen Anforderungen und die pers\u00f6nliche Ausstattung der Kandidat:innen miteinander in Bezug gesetzt werden. Selbstverst\u00e4ndlich bringen die Expert:innen der Management Factory durch ihre langj\u00e4hrige Erfahrung die n\u00f6tigen fachlichen Kompetenzen mit. Doch der Erfolg eines Projekts h\u00e4ngt auch davon ab, ob eine Person in puncto Pers\u00f6nlichkeit, soziale F\u00e4higkeiten und Kommunikationsf\u00e4higkeit zum jeweiligen Mandat&hellip;<\/p>\n","category_list_v2":"<a href=\"https:\/\/mf.ag\/de\/category\/artikel\/\" rel=\"category tag\">Artikel<\/a>","author_info_v2":{"name":"Annika Porsch","url":"https:\/\/mf.ag\/de\/author\/annika\/"},"comments_num_v2":"0 comments","yoast_head":"<!-- This site is optimized with the Yoast SEO Premium plugin v25.8 (Yoast SEO v27.5) - https:\/\/yoast.com\/product\/yoast-seo-premium-wordpress\/ -->\n<title>Management- und Pers\u00f6nlichkeitsdiagnostik f\u00fcr Executive Interim Manager:innen &#187; Management Factory<\/title>\n<meta name=\"robots\" content=\"index, follow, max-snippet:-1, max-image-preview:large, max-video-preview:-1\" \/>\n<link rel=\"canonical\" href=\"https:\/\/mf.ag\/de\/artikel\/management-und-persoenlichkeitsdiagnostik-fuer-executive-interim-managerinnen\/\" \/>\n<meta property=\"og:locale\" content=\"de_DE\" \/>\n<meta property=\"og:type\" content=\"article\" \/>\n<meta property=\"og:title\" content=\"Management- und Pers\u00f6nlichkeitsdiagnostik f\u00fcr Executive Interim Manager:innen\" \/>\n<meta property=\"og:description\" content=\"Erfolgreiche Executive Interim Mananager:innen zeichnen sich durch eine Kombination an Fachkompetenz, pers\u00f6nlicher Reife und sozialer Kompetenz aus. In diesem Beitrag stellen wir Ihnen das \u201eBalanced Six Modell\u201c von LACKNER &amp; KABAS vor. Damit ist eine praxisorientierte Pers\u00f6nlichkeitsdiagnostik f\u00fcr F\u00fchrungskr\u00e4fte m\u00f6glich. Im Executive Interim Management m\u00fcssen gleich zu Beginn die fachlichen Anforderungen und die pers\u00f6nliche Ausstattung [&hellip;]\" \/>\n<meta property=\"og:url\" content=\"https:\/\/mf.ag\/de\/artikel\/management-und-persoenlichkeitsdiagnostik-fuer-executive-interim-managerinnen\/\" \/>\n<meta property=\"og:site_name\" content=\"Management Factory\" \/>\n<meta property=\"article:published_time\" content=\"2024-09-16T09:13:16+00:00\" \/>\n<meta property=\"article:modified_time\" content=\"2026-01-12T12:34:08+00:00\" \/>\n<meta property=\"og:image\" content=\"https:\/\/mf.ag\/wp-content\/uploads\/2024\/09\/Posts-fuer-Website-38.png\" \/>\n\t<meta property=\"og:image:width\" content=\"1920\" \/>\n\t<meta property=\"og:image:height\" content=\"1080\" \/>\n\t<meta property=\"og:image:type\" content=\"image\/png\" \/>\n<meta name=\"author\" content=\"Annika Porsch\" \/>\n<meta name=\"twitter:card\" content=\"summary_large_image\" \/>\n<meta name=\"twitter:label1\" content=\"Verfasst von\" \/>\n\t<meta name=\"twitter:data1\" content=\"Annika Porsch\" \/>\n\t<meta name=\"twitter:label2\" content=\"Gesch\u00e4tzte Lesezeit\" \/>\n\t<meta name=\"twitter:data2\" content=\"9\u00a0Minuten\" \/>\n<script type=\"application\/ld+json\" class=\"yoast-schema-graph\">{\"@context\":\"https:\\\/\\\/schema.org\",\"@graph\":[{\"@type\":\"Article\",\"@id\":\"https:\\\/\\\/mf.ag\\\/de\\\/artikel\\\/management-und-persoenlichkeitsdiagnostik-fuer-executive-interim-managerinnen\\\/#article\",\"isPartOf\":{\"@id\":\"https:\\\/\\\/mf.ag\\\/de\\\/artikel\\\/management-und-persoenlichkeitsdiagnostik-fuer-executive-interim-managerinnen\\\/\"},\"author\":{\"name\":\"Annika Porsch\",\"@id\":\"https:\\\/\\\/mf.ag\\\/de\\\/#\\\/schema\\\/person\\\/b4f47b23f6fc2a23a6f69c9bf8e5292d\"},\"headline\":\"Management- und Pers\u00f6nlichkeitsdiagnostik f\u00fcr Executive Interim Manager:innen\",\"datePublished\":\"2024-09-16T09:13:16+00:00\",\"dateModified\":\"2026-01-12T12:34:08+00:00\",\"mainEntityOfPage\":{\"@id\":\"https:\\\/\\\/mf.ag\\\/de\\\/artikel\\\/management-und-persoenlichkeitsdiagnostik-fuer-executive-interim-managerinnen\\\/\"},\"wordCount\":1489,\"publisher\":{\"@id\":\"https:\\\/\\\/mf.ag\\\/de\\\/#organization\"},\"image\":{\"@id\":\"https:\\\/\\\/mf.ag\\\/de\\\/artikel\\\/management-und-persoenlichkeitsdiagnostik-fuer-executive-interim-managerinnen\\\/#primaryimage\"},\"thumbnailUrl\":\"https:\\\/\\\/mf.ag\\\/wp-content\\\/uploads\\\/2024\\\/09\\\/Posts-fuer-Website-38.png\",\"keywords\":[\"Executive Interim Management\",\"Interim Management\",\"Newsletter\",\"Restrukturierung\"],\"articleSection\":[\"Artikel\"],\"inLanguage\":\"de\"},{\"@type\":\"WebPage\",\"@id\":\"https:\\\/\\\/mf.ag\\\/de\\\/artikel\\\/management-und-persoenlichkeitsdiagnostik-fuer-executive-interim-managerinnen\\\/\",\"url\":\"https:\\\/\\\/mf.ag\\\/de\\\/artikel\\\/management-und-persoenlichkeitsdiagnostik-fuer-executive-interim-managerinnen\\\/\",\"name\":\"Management- und Pers\u00f6nlichkeitsdiagnostik f\u00fcr Executive Interim Manager:innen &#187; Management Factory\",\"isPartOf\":{\"@id\":\"https:\\\/\\\/mf.ag\\\/de\\\/#website\"},\"primaryImageOfPage\":{\"@id\":\"https:\\\/\\\/mf.ag\\\/de\\\/artikel\\\/management-und-persoenlichkeitsdiagnostik-fuer-executive-interim-managerinnen\\\/#primaryimage\"},\"image\":{\"@id\":\"https:\\\/\\\/mf.ag\\\/de\\\/artikel\\\/management-und-persoenlichkeitsdiagnostik-fuer-executive-interim-managerinnen\\\/#primaryimage\"},\"thumbnailUrl\":\"https:\\\/\\\/mf.ag\\\/wp-content\\\/uploads\\\/2024\\\/09\\\/Posts-fuer-Website-38.png\",\"datePublished\":\"2024-09-16T09:13:16+00:00\",\"dateModified\":\"2026-01-12T12:34:08+00:00\",\"breadcrumb\":{\"@id\":\"https:\\\/\\\/mf.ag\\\/de\\\/artikel\\\/management-und-persoenlichkeitsdiagnostik-fuer-executive-interim-managerinnen\\\/#breadcrumb\"},\"inLanguage\":\"de\",\"potentialAction\":[{\"@type\":\"ReadAction\",\"target\":[\"https:\\\/\\\/mf.ag\\\/de\\\/artikel\\\/management-und-persoenlichkeitsdiagnostik-fuer-executive-interim-managerinnen\\\/\"]}]},{\"@type\":\"ImageObject\",\"inLanguage\":\"de\",\"@id\":\"https:\\\/\\\/mf.ag\\\/de\\\/artikel\\\/management-und-persoenlichkeitsdiagnostik-fuer-executive-interim-managerinnen\\\/#primaryimage\",\"url\":\"https:\\\/\\\/mf.ag\\\/wp-content\\\/uploads\\\/2024\\\/09\\\/Posts-fuer-Website-38.png\",\"contentUrl\":\"https:\\\/\\\/mf.ag\\\/wp-content\\\/uploads\\\/2024\\\/09\\\/Posts-fuer-Website-38.png\",\"width\":1920,\"height\":1080},{\"@type\":\"BreadcrumbList\",\"@id\":\"https:\\\/\\\/mf.ag\\\/de\\\/artikel\\\/management-und-persoenlichkeitsdiagnostik-fuer-executive-interim-managerinnen\\\/#breadcrumb\",\"itemListElement\":[{\"@type\":\"ListItem\",\"position\":1,\"name\":\"Home\",\"item\":\"https:\\\/\\\/mf.ag\\\/de\\\/\"},{\"@type\":\"ListItem\",\"position\":2,\"name\":\"Management- und Pers\u00f6nlichkeitsdiagnostik f\u00fcr Executive Interim Manager:innen\"}]},{\"@type\":\"WebSite\",\"@id\":\"https:\\\/\\\/mf.ag\\\/de\\\/#website\",\"url\":\"https:\\\/\\\/mf.ag\\\/de\\\/\",\"name\":\"Management Factory\",\"description\":\"Mit Executive Interim Management und Financial Advisory das Gesch\u00e4ft voranbringen\",\"publisher\":{\"@id\":\"https:\\\/\\\/mf.ag\\\/de\\\/#organization\"},\"potentialAction\":[{\"@type\":\"SearchAction\",\"target\":{\"@type\":\"EntryPoint\",\"urlTemplate\":\"https:\\\/\\\/mf.ag\\\/de\\\/?s={search_term_string}\"},\"query-input\":{\"@type\":\"PropertyValueSpecification\",\"valueRequired\":true,\"valueName\":\"search_term_string\"}}],\"inLanguage\":\"de\"},{\"@type\":\"Organization\",\"@id\":\"https:\\\/\\\/mf.ag\\\/de\\\/#organization\",\"name\":\"Management Factory\",\"url\":\"https:\\\/\\\/mf.ag\\\/de\\\/\",\"logo\":{\"@type\":\"ImageObject\",\"inLanguage\":\"de\",\"@id\":\"https:\\\/\\\/mf.ag\\\/de\\\/#\\\/schema\\\/logo\\\/image\\\/\",\"url\":\"\",\"contentUrl\":\"\",\"caption\":\"Management Factory\"},\"image\":{\"@id\":\"https:\\\/\\\/mf.ag\\\/de\\\/#\\\/schema\\\/logo\\\/image\\\/\"}},{\"@type\":\"Person\",\"@id\":\"https:\\\/\\\/mf.ag\\\/de\\\/#\\\/schema\\\/person\\\/b4f47b23f6fc2a23a6f69c9bf8e5292d\",\"name\":\"Annika Porsch\",\"image\":{\"@type\":\"ImageObject\",\"inLanguage\":\"de\",\"@id\":\"https:\\\/\\\/secure.gravatar.com\\\/avatar\\\/35b703c761935cb4e6dee2bcf5aa14408ea4102076ef1a6cd839ac730f42230f?s=96&r=g\",\"url\":\"https:\\\/\\\/secure.gravatar.com\\\/avatar\\\/35b703c761935cb4e6dee2bcf5aa14408ea4102076ef1a6cd839ac730f42230f?s=96&r=g\",\"contentUrl\":\"https:\\\/\\\/secure.gravatar.com\\\/avatar\\\/35b703c761935cb4e6dee2bcf5aa14408ea4102076ef1a6cd839ac730f42230f?s=96&r=g\",\"caption\":\"Annika Porsch\"},\"url\":\"https:\\\/\\\/mf.ag\\\/de\\\/author\\\/annika\\\/\"}]}<\/script>\n<!-- \/ Yoast SEO Premium plugin. -->","yoast_head_json":{"title":"Management- und Pers\u00f6nlichkeitsdiagnostik f\u00fcr Executive Interim Manager:innen &#187; Management Factory","robots":{"index":"index","follow":"follow","max-snippet":"max-snippet:-1","max-image-preview":"max-image-preview:large","max-video-preview":"max-video-preview:-1"},"canonical":"https:\/\/mf.ag\/de\/artikel\/management-und-persoenlichkeitsdiagnostik-fuer-executive-interim-managerinnen\/","og_locale":"de_DE","og_type":"article","og_title":"Management- und Pers\u00f6nlichkeitsdiagnostik f\u00fcr Executive Interim Manager:innen","og_description":"Erfolgreiche Executive Interim Mananager:innen zeichnen sich durch eine Kombination an Fachkompetenz, pers\u00f6nlicher Reife und sozialer Kompetenz aus. In diesem Beitrag stellen wir Ihnen das \u201eBalanced Six Modell\u201c von LACKNER &amp; KABAS vor. Damit ist eine praxisorientierte Pers\u00f6nlichkeitsdiagnostik f\u00fcr F\u00fchrungskr\u00e4fte m\u00f6glich. Im Executive Interim Management m\u00fcssen gleich zu Beginn die fachlichen Anforderungen und die pers\u00f6nliche Ausstattung [&hellip;]","og_url":"https:\/\/mf.ag\/de\/artikel\/management-und-persoenlichkeitsdiagnostik-fuer-executive-interim-managerinnen\/","og_site_name":"Management Factory","article_published_time":"2024-09-16T09:13:16+00:00","article_modified_time":"2026-01-12T12:34:08+00:00","og_image":[{"width":1920,"height":1080,"url":"https:\/\/mf.ag\/wp-content\/uploads\/2024\/09\/Posts-fuer-Website-38.png","type":"image\/png"}],"author":"Annika Porsch","twitter_card":"summary_large_image","twitter_misc":{"Verfasst von":"Annika Porsch","Gesch\u00e4tzte Lesezeit":"9\u00a0Minuten"},"schema":{"@context":"https:\/\/schema.org","@graph":[{"@type":"Article","@id":"https:\/\/mf.ag\/de\/artikel\/management-und-persoenlichkeitsdiagnostik-fuer-executive-interim-managerinnen\/#article","isPartOf":{"@id":"https:\/\/mf.ag\/de\/artikel\/management-und-persoenlichkeitsdiagnostik-fuer-executive-interim-managerinnen\/"},"author":{"name":"Annika Porsch","@id":"https:\/\/mf.ag\/de\/#\/schema\/person\/b4f47b23f6fc2a23a6f69c9bf8e5292d"},"headline":"Management- und Pers\u00f6nlichkeitsdiagnostik f\u00fcr Executive Interim Manager:innen","datePublished":"2024-09-16T09:13:16+00:00","dateModified":"2026-01-12T12:34:08+00:00","mainEntityOfPage":{"@id":"https:\/\/mf.ag\/de\/artikel\/management-und-persoenlichkeitsdiagnostik-fuer-executive-interim-managerinnen\/"},"wordCount":1489,"publisher":{"@id":"https:\/\/mf.ag\/de\/#organization"},"image":{"@id":"https:\/\/mf.ag\/de\/artikel\/management-und-persoenlichkeitsdiagnostik-fuer-executive-interim-managerinnen\/#primaryimage"},"thumbnailUrl":"https:\/\/mf.ag\/wp-content\/uploads\/2024\/09\/Posts-fuer-Website-38.png","keywords":["Executive Interim Management","Interim Management","Newsletter","Restrukturierung"],"articleSection":["Artikel"],"inLanguage":"de"},{"@type":"WebPage","@id":"https:\/\/mf.ag\/de\/artikel\/management-und-persoenlichkeitsdiagnostik-fuer-executive-interim-managerinnen\/","url":"https:\/\/mf.ag\/de\/artikel\/management-und-persoenlichkeitsdiagnostik-fuer-executive-interim-managerinnen\/","name":"Management- und Pers\u00f6nlichkeitsdiagnostik f\u00fcr Executive Interim Manager:innen &#187; Management Factory","isPartOf":{"@id":"https:\/\/mf.ag\/de\/#website"},"primaryImageOfPage":{"@id":"https:\/\/mf.ag\/de\/artikel\/management-und-persoenlichkeitsdiagnostik-fuer-executive-interim-managerinnen\/#primaryimage"},"image":{"@id":"https:\/\/mf.ag\/de\/artikel\/management-und-persoenlichkeitsdiagnostik-fuer-executive-interim-managerinnen\/#primaryimage"},"thumbnailUrl":"https:\/\/mf.ag\/wp-content\/uploads\/2024\/09\/Posts-fuer-Website-38.png","datePublished":"2024-09-16T09:13:16+00:00","dateModified":"2026-01-12T12:34:08+00:00","breadcrumb":{"@id":"https:\/\/mf.ag\/de\/artikel\/management-und-persoenlichkeitsdiagnostik-fuer-executive-interim-managerinnen\/#breadcrumb"},"inLanguage":"de","potentialAction":[{"@type":"ReadAction","target":["https:\/\/mf.ag\/de\/artikel\/management-und-persoenlichkeitsdiagnostik-fuer-executive-interim-managerinnen\/"]}]},{"@type":"ImageObject","inLanguage":"de","@id":"https:\/\/mf.ag\/de\/artikel\/management-und-persoenlichkeitsdiagnostik-fuer-executive-interim-managerinnen\/#primaryimage","url":"https:\/\/mf.ag\/wp-content\/uploads\/2024\/09\/Posts-fuer-Website-38.png","contentUrl":"https:\/\/mf.ag\/wp-content\/uploads\/2024\/09\/Posts-fuer-Website-38.png","width":1920,"height":1080},{"@type":"BreadcrumbList","@id":"https:\/\/mf.ag\/de\/artikel\/management-und-persoenlichkeitsdiagnostik-fuer-executive-interim-managerinnen\/#breadcrumb","itemListElement":[{"@type":"ListItem","position":1,"name":"Home","item":"https:\/\/mf.ag\/de\/"},{"@type":"ListItem","position":2,"name":"Management- und Pers\u00f6nlichkeitsdiagnostik f\u00fcr Executive Interim Manager:innen"}]},{"@type":"WebSite","@id":"https:\/\/mf.ag\/de\/#website","url":"https:\/\/mf.ag\/de\/","name":"Management Factory","description":"Mit Executive Interim Management und Financial Advisory das Gesch\u00e4ft voranbringen","publisher":{"@id":"https:\/\/mf.ag\/de\/#organization"},"potentialAction":[{"@type":"SearchAction","target":{"@type":"EntryPoint","urlTemplate":"https:\/\/mf.ag\/de\/?s={search_term_string}"},"query-input":{"@type":"PropertyValueSpecification","valueRequired":true,"valueName":"search_term_string"}}],"inLanguage":"de"},{"@type":"Organization","@id":"https:\/\/mf.ag\/de\/#organization","name":"Management Factory","url":"https:\/\/mf.ag\/de\/","logo":{"@type":"ImageObject","inLanguage":"de","@id":"https:\/\/mf.ag\/de\/#\/schema\/logo\/image\/","url":"","contentUrl":"","caption":"Management Factory"},"image":{"@id":"https:\/\/mf.ag\/de\/#\/schema\/logo\/image\/"}},{"@type":"Person","@id":"https:\/\/mf.ag\/de\/#\/schema\/person\/b4f47b23f6fc2a23a6f69c9bf8e5292d","name":"Annika Porsch","image":{"@type":"ImageObject","inLanguage":"de","@id":"https:\/\/secure.gravatar.com\/avatar\/35b703c761935cb4e6dee2bcf5aa14408ea4102076ef1a6cd839ac730f42230f?s=96&r=g","url":"https:\/\/secure.gravatar.com\/avatar\/35b703c761935cb4e6dee2bcf5aa14408ea4102076ef1a6cd839ac730f42230f?s=96&r=g","contentUrl":"https:\/\/secure.gravatar.com\/avatar\/35b703c761935cb4e6dee2bcf5aa14408ea4102076ef1a6cd839ac730f42230f?s=96&r=g","caption":"Annika Porsch"},"url":"https:\/\/mf.ag\/de\/author\/annika\/"}]}},"_links":{"self":[{"href":"https:\/\/mf.ag\/de\/wp-json\/wp\/v2\/posts\/57609","targetHints":{"allow":["GET"]}}],"collection":[{"href":"https:\/\/mf.ag\/de\/wp-json\/wp\/v2\/posts"}],"about":[{"href":"https:\/\/mf.ag\/de\/wp-json\/wp\/v2\/types\/post"}],"author":[{"embeddable":true,"href":"https:\/\/mf.ag\/de\/wp-json\/wp\/v2\/users\/29"}],"replies":[{"embeddable":true,"href":"https:\/\/mf.ag\/de\/wp-json\/wp\/v2\/comments?post=57609"}],"version-history":[{"count":21,"href":"https:\/\/mf.ag\/de\/wp-json\/wp\/v2\/posts\/57609\/revisions"}],"predecessor-version":[{"id":65021,"href":"https:\/\/mf.ag\/de\/wp-json\/wp\/v2\/posts\/57609\/revisions\/65021"}],"wp:featuredmedia":[{"embeddable":true,"href":"https:\/\/mf.ag\/de\/wp-json\/wp\/v2\/media\/57610"}],"wp:attachment":[{"href":"https:\/\/mf.ag\/de\/wp-json\/wp\/v2\/media?parent=57609"}],"wp:term":[{"taxonomy":"category","embeddable":true,"href":"https:\/\/mf.ag\/de\/wp-json\/wp\/v2\/categories?post=57609"},{"taxonomy":"post_tag","embeddable":true,"href":"https:\/\/mf.ag\/de\/wp-json\/wp\/v2\/tags?post=57609"}],"curies":[{"name":"wp","href":"https:\/\/api.w.org\/{rel}","templated":true}]}}