{"id":56396,"date":"2024-04-20T09:00:00","date_gmt":"2024-04-20T07:00:00","guid":{"rendered":"https:\/\/mf.ag\/?p=56396"},"modified":"2024-05-16T15:59:40","modified_gmt":"2024-05-16T13:59:40","slug":"sanierung-der-binderco-gruppe-fallstudie","status":"publish","type":"post","link":"https:\/\/mf.ag\/de\/artikel\/sanierung-der-binderco-gruppe-fallstudie\/","title":{"rendered":"Sanierung der Binder+Co Gruppe (Fallstudie)"},"content":{"rendered":"\n<p><a href=\"https:\/\/mf.ag\/de\/martin-pfeffer\/?_gl=1*emlbjp*_up*MQ..*_ga*NzY4NDU4MTMzLjE3MTU4NjYwNzY.*_ga_DLD5HD5BPZ*MTcxNTg2NjA3NS4xLjEuMTcxNTg2NjQyNi4wLjAuMA..\">Martin Pfeffer<\/a>, Partner der Management Factory und von 2017 bis 2023 als <a href=\"https:\/\/mf.ag\/de\/interim-manager\/?_gl=1*187btau*_up*MQ..*_ga*NTk4MDg0MDYwLjE3MTU4NjQ4OTI.*_ga_DLD5HD5BPZ*MTcxNTg2NDg5Mi4xLjEuMTcxNTg2NDg5Ny4wLjAuMA..\">Interim Manager<\/a> Vorstand von Binder + Co, gibt in dieser Fallstudie einen tiefen Einblick in die Herausforderungen beim Maschinen- und Anlagenbauer Binder + Co in Gleisdorf (negative Gro\u00dfprojekte, defizit\u00e4re T\u00f6chter, ein Schiedsgerichtsverfahren in London, ein \u00fcber die Jahre aufgelaufener Investitionsr\u00fcckstau und eine nicht klar definierte strategische Ausrichtung).<\/p>\n\n\n\n<p>Die erfolgreiche Sanierung der <a href=\"https:\/\/mf.ag\/de\/referenzen\/binder-co-ag\/?_gl=1*13solhu*_up*MQ..*_ga*NzY4NDU4MTMzLjE3MTU4NjYwNzY.*_ga_DLD5HD5BPZ*MTcxNTg2NjA3NS4xLjEuMTcxNTg2NjU5Ny4wLjAuMA..\">Binder + Co Gruppe<\/a> ist ein Paradebeispiel f\u00fcr erfolgreiches <a href=\"https:\/\/mf.ag\/de\/executive-interim-management\/?_gl=1*111n52y*_up*MQ..*_ga*NzY4NDU4MTMzLjE3MTU4NjYwNzY.*_ga_DLD5HD5BPZ*MTcxNTg2NjA3NS4xLjEuMTcxNTg2NjU2My4wLjAuMA..\">Executive Interim Management<\/a>.<\/p>\n\n\n\n<figure class=\"wp-block-image size-full\"><img loading=\"lazy\" decoding=\"async\" width=\"919\" height=\"596\" src=\"https:\/\/mf.ag\/wp-content\/uploads\/2024\/05\/image001-1.png\" alt=\"\" class=\"wp-image-56399\" srcset=\"https:\/\/mf.ag\/wp-content\/uploads\/2024\/05\/image001-1.png 919w, https:\/\/mf.ag\/wp-content\/uploads\/2024\/05\/image001-1-300x195.png 300w, https:\/\/mf.ag\/wp-content\/uploads\/2024\/05\/image001-1-768x498.png 768w\" sizes=\"auto, (max-width: 919px) 100vw, 919px\" \/><\/figure>\n\n\n\n<div class=\"wp-block-file\"><a id=\"wp-block-file--media-a7c99243-6ca9-4b74-908f-a1f885fa744b\" href=\"https:\/\/mf.ag\/wp-content\/uploads\/2024\/05\/Fallstudie_Sanierung_BinderCo_2024.pdf\">Fallstudie_Sanierung_BinderCo_2024<\/a><a href=\"https:\/\/mf.ag\/wp-content\/uploads\/2024\/05\/Fallstudie_Sanierung_BinderCo_2024.pdf\" class=\"wp-block-file__button wp-element-button\" download aria-describedby=\"wp-block-file--media-a7c99243-6ca9-4b74-908f-a1f885fa744b\">Download<\/a><\/div>\n","protected":false},"excerpt":{"rendered":"<p>Martin Pfeffer, Partner der Management Factory und von 2017 bis 2023 als Interim Manager Vorstand von Binder + Co, gibt in dieser Fallstudie einen tiefen Einblick in die Herausforderungen beim Maschinen- und Anlagenbauer Binder + Co in Gleisdorf (negative Gro\u00dfprojekte, defizit\u00e4re T\u00f6chter, ein Schiedsgerichtsverfahren in London, ein \u00fcber die Jahre aufgelaufener Investitionsr\u00fcckstau und eine nicht [&hellip;]<\/p>\n","protected":false},"author":34,"featured_media":56405,"comment_status":"closed","ping_status":"closed","sticky":false,"template":"","format":"standard","meta":{"inline_featured_image":false,"footnotes":""},"categories":[3268],"tags":[3723,3725,3726,3300,3724,3282,3424],"class_list":["post-56396","post","type-post","status-publish","format-standard","has-post-thumbnail","hentry","category-artikel","tag-anlagenbau","tag-fallstudie-2","tag-investitionen","tag-konzern","tag-maschinenbau","tag-restrukturierung","tag-sanierung"],"featured_image_urls_v2":{"full":["https:\/\/mf.ag\/wp-content\/uploads\/2024\/05\/\u201eValtus-gibt-aelteren-Fuehrungskraeften-ihren-Wert-zurueck.-Philippe-Soullier-Gruender-von-Valtus-3.png",1920,1080,false],"thumbnail":["https:\/\/mf.ag\/wp-content\/uploads\/2024\/05\/\u201eValtus-gibt-aelteren-Fuehrungskraeften-ihren-Wert-zurueck.-Philippe-Soullier-Gruender-von-Valtus-3-250x250.png",250,250,true],"medium":["https:\/\/mf.ag\/wp-content\/uploads\/2024\/05\/\u201eValtus-gibt-aelteren-Fuehrungskraeften-ihren-Wert-zurueck.-Philippe-Soullier-Gruender-von-Valtus-3-300x169.png",300,169,true],"medium_large":["https:\/\/mf.ag\/wp-content\/uploads\/2024\/05\/\u201eValtus-gibt-aelteren-Fuehrungskraeften-ihren-Wert-zurueck.-Philippe-Soullier-Gruender-von-Valtus-3-768x432.png",768,432,true],"large":["https:\/\/mf.ag\/wp-content\/uploads\/2024\/05\/\u201eValtus-gibt-aelteren-Fuehrungskraeften-ihren-Wert-zurueck.-Philippe-Soullier-Gruender-von-Valtus-3-1024x576.png",1024,576,true],"1536x1536":["https:\/\/mf.ag\/wp-content\/uploads\/2024\/05\/\u201eValtus-gibt-aelteren-Fuehrungskraeften-ihren-Wert-zurueck.-Philippe-Soullier-Gruender-von-Valtus-3-1536x864.png",1536,864,true],"2048x2048":["https:\/\/mf.ag\/wp-content\/uploads\/2024\/05\/\u201eValtus-gibt-aelteren-Fuehrungskraeften-ihren-Wert-zurueck.-Philippe-Soullier-Gruender-von-Valtus-3.png",1920,1080,false],"gform-image-choice-sm":["https:\/\/mf.ag\/wp-content\/uploads\/2024\/05\/\u201eValtus-gibt-aelteren-Fuehrungskraeften-ihren-Wert-zurueck.-Philippe-Soullier-Gruender-von-Valtus-3.png",300,169,false],"gform-image-choice-md":["https:\/\/mf.ag\/wp-content\/uploads\/2024\/05\/\u201eValtus-gibt-aelteren-Fuehrungskraeften-ihren-Wert-zurueck.-Philippe-Soullier-Gruender-von-Valtus-3.png",400,225,false],"gform-image-choice-lg":["https:\/\/mf.ag\/wp-content\/uploads\/2024\/05\/\u201eValtus-gibt-aelteren-Fuehrungskraeften-ihren-Wert-zurueck.-Philippe-Soullier-Gruender-von-Valtus-3.png",600,338,false],"profile_24":["https:\/\/mf.ag\/wp-content\/uploads\/2024\/05\/\u201eValtus-gibt-aelteren-Fuehrungskraeften-ihren-Wert-zurueck.-Philippe-Soullier-Gruender-von-Valtus-3-24x24.png",24,24,true],"profile_48":["https:\/\/mf.ag\/wp-content\/uploads\/2024\/05\/\u201eValtus-gibt-aelteren-Fuehrungskraeften-ihren-Wert-zurueck.-Philippe-Soullier-Gruender-von-Valtus-3-48x48.png",48,48,true],"profile_96":["https:\/\/mf.ag\/wp-content\/uploads\/2024\/05\/\u201eValtus-gibt-aelteren-Fuehrungskraeften-ihren-Wert-zurueck.-Philippe-Soullier-Gruender-von-Valtus-3-96x96.png",96,96,true],"profile_150":["https:\/\/mf.ag\/wp-content\/uploads\/2024\/05\/\u201eValtus-gibt-aelteren-Fuehrungskraeften-ihren-Wert-zurueck.-Philippe-Soullier-Gruender-von-Valtus-3-150x150.png",150,150,true],"profile_300":["https:\/\/mf.ag\/wp-content\/uploads\/2024\/05\/\u201eValtus-gibt-aelteren-Fuehrungskraeften-ihren-Wert-zurueck.-Philippe-Soullier-Gruender-von-Valtus-3-300x300.png",300,300,true]},"post_excerpt_stackable_v2":"<p>Martin Pfeffer, Partner der Management Factory und von 2017 bis 2023 als Interim Manager Vorstand von Binder + Co, gibt in dieser Fallstudie einen tiefen Einblick in die Herausforderungen beim Maschinen- und Anlagenbauer Binder + Co in Gleisdorf (negative Gro\u00dfprojekte, defizit\u00e4re T\u00f6chter, ein Schiedsgerichtsverfahren in London, ein \u00fcber die Jahre aufgelaufener Investitionsr\u00fcckstau und eine nicht klar definierte strategische Ausrichtung). Die erfolgreiche Sanierung der Binder + Co Gruppe ist ein Paradebeispiel f\u00fcr erfolgreiches Executive Interim Management. Fallstudie_Sanierung_BinderCo_2024Download<\/p>\n","category_list_v2":"<a href=\"https:\/\/mf.ag\/de\/category\/artikel\/\" rel=\"category tag\">Artikel<\/a>","author_info_v2":{"name":"Martin Pfeffer","url":"https:\/\/mf.ag\/de\/author\/martinpfeffer\/"},"comments_num_v2":"0 comments","yoast_head":"<!-- This site is optimized with the Yoast SEO Premium plugin v25.8 (Yoast SEO v27.5) - https:\/\/yoast.com\/product\/yoast-seo-premium-wordpress\/ -->\n<title>Sanierung der Binder+Co Gruppe (Fallstudie) &#187; Management Factory<\/title>\n<meta name=\"robots\" content=\"index, follow, max-snippet:-1, max-image-preview:large, max-video-preview:-1\" \/>\n<link rel=\"canonical\" href=\"https:\/\/mf.ag\/de\/artikel\/sanierung-der-binderco-gruppe-fallstudie\/\" \/>\n<meta property=\"og:locale\" content=\"de_DE\" \/>\n<meta property=\"og:type\" content=\"article\" \/>\n<meta property=\"og:title\" content=\"Sanierung der Binder+Co Gruppe (Fallstudie)\" \/>\n<meta property=\"og:description\" content=\"Martin Pfeffer, Partner der Management Factory und von 2017 bis 2023 als Interim Manager Vorstand von Binder + Co, gibt in dieser Fallstudie einen tiefen Einblick in die Herausforderungen beim Maschinen- und Anlagenbauer Binder + Co in Gleisdorf (negative Gro\u00dfprojekte, defizit\u00e4re T\u00f6chter, ein Schiedsgerichtsverfahren in London, ein \u00fcber die Jahre aufgelaufener Investitionsr\u00fcckstau und eine nicht [&hellip;]\" \/>\n<meta property=\"og:url\" content=\"https:\/\/mf.ag\/de\/artikel\/sanierung-der-binderco-gruppe-fallstudie\/\" \/>\n<meta property=\"og:site_name\" content=\"Management Factory\" \/>\n<meta property=\"article:published_time\" content=\"2024-04-20T07:00:00+00:00\" \/>\n<meta property=\"article:modified_time\" content=\"2024-05-16T13:59:40+00:00\" \/>\n<meta property=\"og:image\" content=\"https:\/\/mf.ag\/wp-content\/uploads\/2024\/05\/\u201eValtus-gibt-aelteren-Fuehrungskraeften-ihren-Wert-zurueck.-Philippe-Soullier-Gruender-von-Valtus-3.png\" \/>\n\t<meta property=\"og:image:width\" content=\"1920\" \/>\n\t<meta property=\"og:image:height\" content=\"1080\" \/>\n\t<meta property=\"og:image:type\" content=\"image\/png\" \/>\n<meta name=\"author\" content=\"Martin Pfeffer\" \/>\n<meta name=\"twitter:card\" content=\"summary_large_image\" \/>\n<meta name=\"twitter:label1\" content=\"Verfasst von\" \/>\n\t<meta name=\"twitter:data1\" content=\"Martin Pfeffer\" \/>\n\t<meta name=\"twitter:label2\" content=\"Gesch\u00e4tzte Lesezeit\" \/>\n\t<meta name=\"twitter:data2\" content=\"1\u00a0Minute\" \/>\n<script type=\"application\/ld+json\" class=\"yoast-schema-graph\">{\"@context\":\"https:\\\/\\\/schema.org\",\"@graph\":[{\"@type\":\"Article\",\"@id\":\"https:\\\/\\\/mf.ag\\\/de\\\/artikel\\\/sanierung-der-binderco-gruppe-fallstudie\\\/#article\",\"isPartOf\":{\"@id\":\"https:\\\/\\\/mf.ag\\\/de\\\/artikel\\\/sanierung-der-binderco-gruppe-fallstudie\\\/\"},\"author\":{\"name\":\"Martin Pfeffer\",\"@id\":\"https:\\\/\\\/mf.ag\\\/de\\\/#\\\/schema\\\/person\\\/54787adb1e0641a5dcc9aa9141f69ea8\"},\"headline\":\"Sanierung der Binder+Co Gruppe (Fallstudie)\",\"datePublished\":\"2024-04-20T07:00:00+00:00\",\"dateModified\":\"2024-05-16T13:59:40+00:00\",\"mainEntityOfPage\":{\"@id\":\"https:\\\/\\\/mf.ag\\\/de\\\/artikel\\\/sanierung-der-binderco-gruppe-fallstudie\\\/\"},\"wordCount\":85,\"publisher\":{\"@id\":\"https:\\\/\\\/mf.ag\\\/de\\\/#organization\"},\"image\":{\"@id\":\"https:\\\/\\\/mf.ag\\\/de\\\/artikel\\\/sanierung-der-binderco-gruppe-fallstudie\\\/#primaryimage\"},\"thumbnailUrl\":\"https:\\\/\\\/mf.ag\\\/wp-content\\\/uploads\\\/2024\\\/05\\\/\u201eValtus-gibt-aelteren-Fuehrungskraeften-ihren-Wert-zurueck.-Philippe-Soullier-Gruender-von-Valtus-3.png\",\"keywords\":[\"Anlagenbau\",\"Fallstudie\",\"Investitionen\",\"Konzern\",\"Maschinenbau\",\"Restrukturierung\",\"Sanierung\"],\"articleSection\":[\"Artikel\"],\"inLanguage\":\"de\"},{\"@type\":\"WebPage\",\"@id\":\"https:\\\/\\\/mf.ag\\\/de\\\/artikel\\\/sanierung-der-binderco-gruppe-fallstudie\\\/\",\"url\":\"https:\\\/\\\/mf.ag\\\/de\\\/artikel\\\/sanierung-der-binderco-gruppe-fallstudie\\\/\",\"name\":\"Sanierung der Binder+Co Gruppe (Fallstudie) &#187; Management Factory\",\"isPartOf\":{\"@id\":\"https:\\\/\\\/mf.ag\\\/de\\\/#website\"},\"primaryImageOfPage\":{\"@id\":\"https:\\\/\\\/mf.ag\\\/de\\\/artikel\\\/sanierung-der-binderco-gruppe-fallstudie\\\/#primaryimage\"},\"image\":{\"@id\":\"https:\\\/\\\/mf.ag\\\/de\\\/artikel\\\/sanierung-der-binderco-gruppe-fallstudie\\\/#primaryimage\"},\"thumbnailUrl\":\"https:\\\/\\\/mf.ag\\\/wp-content\\\/uploads\\\/2024\\\/05\\\/\u201eValtus-gibt-aelteren-Fuehrungskraeften-ihren-Wert-zurueck.-Philippe-Soullier-Gruender-von-Valtus-3.png\",\"datePublished\":\"2024-04-20T07:00:00+00:00\",\"dateModified\":\"2024-05-16T13:59:40+00:00\",\"breadcrumb\":{\"@id\":\"https:\\\/\\\/mf.ag\\\/de\\\/artikel\\\/sanierung-der-binderco-gruppe-fallstudie\\\/#breadcrumb\"},\"inLanguage\":\"de\",\"potentialAction\":[{\"@type\":\"ReadAction\",\"target\":[\"https:\\\/\\\/mf.ag\\\/de\\\/artikel\\\/sanierung-der-binderco-gruppe-fallstudie\\\/\"]}]},{\"@type\":\"ImageObject\",\"inLanguage\":\"de\",\"@id\":\"https:\\\/\\\/mf.ag\\\/de\\\/artikel\\\/sanierung-der-binderco-gruppe-fallstudie\\\/#primaryimage\",\"url\":\"https:\\\/\\\/mf.ag\\\/wp-content\\\/uploads\\\/2024\\\/05\\\/\u201eValtus-gibt-aelteren-Fuehrungskraeften-ihren-Wert-zurueck.-Philippe-Soullier-Gruender-von-Valtus-3.png\",\"contentUrl\":\"https:\\\/\\\/mf.ag\\\/wp-content\\\/uploads\\\/2024\\\/05\\\/\u201eValtus-gibt-aelteren-Fuehrungskraeften-ihren-Wert-zurueck.-Philippe-Soullier-Gruender-von-Valtus-3.png\",\"width\":1920,\"height\":1080},{\"@type\":\"BreadcrumbList\",\"@id\":\"https:\\\/\\\/mf.ag\\\/de\\\/artikel\\\/sanierung-der-binderco-gruppe-fallstudie\\\/#breadcrumb\",\"itemListElement\":[{\"@type\":\"ListItem\",\"position\":1,\"name\":\"Home\",\"item\":\"https:\\\/\\\/mf.ag\\\/de\\\/\"},{\"@type\":\"ListItem\",\"position\":2,\"name\":\"Sanierung der Binder+Co Gruppe (Fallstudie)\"}]},{\"@type\":\"WebSite\",\"@id\":\"https:\\\/\\\/mf.ag\\\/de\\\/#website\",\"url\":\"https:\\\/\\\/mf.ag\\\/de\\\/\",\"name\":\"Management Factory\",\"description\":\"Mit Executive Interim Management und Financial Advisory das Gesch\u00e4ft voranbringen\",\"publisher\":{\"@id\":\"https:\\\/\\\/mf.ag\\\/de\\\/#organization\"},\"potentialAction\":[{\"@type\":\"SearchAction\",\"target\":{\"@type\":\"EntryPoint\",\"urlTemplate\":\"https:\\\/\\\/mf.ag\\\/de\\\/?s={search_term_string}\"},\"query-input\":{\"@type\":\"PropertyValueSpecification\",\"valueRequired\":true,\"valueName\":\"search_term_string\"}}],\"inLanguage\":\"de\"},{\"@type\":\"Organization\",\"@id\":\"https:\\\/\\\/mf.ag\\\/de\\\/#organization\",\"name\":\"Management Factory\",\"url\":\"https:\\\/\\\/mf.ag\\\/de\\\/\",\"logo\":{\"@type\":\"ImageObject\",\"inLanguage\":\"de\",\"@id\":\"https:\\\/\\\/mf.ag\\\/de\\\/#\\\/schema\\\/logo\\\/image\\\/\",\"url\":\"\",\"contentUrl\":\"\",\"caption\":\"Management Factory\"},\"image\":{\"@id\":\"https:\\\/\\\/mf.ag\\\/de\\\/#\\\/schema\\\/logo\\\/image\\\/\"}},{\"@type\":\"Person\",\"@id\":\"https:\\\/\\\/mf.ag\\\/de\\\/#\\\/schema\\\/person\\\/54787adb1e0641a5dcc9aa9141f69ea8\",\"name\":\"Martin Pfeffer\",\"image\":{\"@type\":\"ImageObject\",\"inLanguage\":\"de\",\"@id\":\"https:\\\/\\\/secure.gravatar.com\\\/avatar\\\/98852af5c2fbe73129e347ac74aebd514416cbe13481c68ecfda0840e73651c6?s=96&r=g\",\"url\":\"https:\\\/\\\/secure.gravatar.com\\\/avatar\\\/98852af5c2fbe73129e347ac74aebd514416cbe13481c68ecfda0840e73651c6?s=96&r=g\",\"contentUrl\":\"https:\\\/\\\/secure.gravatar.com\\\/avatar\\\/98852af5c2fbe73129e347ac74aebd514416cbe13481c68ecfda0840e73651c6?s=96&r=g\",\"caption\":\"Martin Pfeffer\"},\"description\":\"Dr. Martin Pfeffer ist seit \u00fcber zwanzig Jahren Teil der VALTUS Management Factory und z\u00e4hlt zu den f\u00fchrenden Experten f\u00fcr Finanzen, Restrukturierung und Interim Management. Zu seinen bedeutendsten Mandaten z\u00e4hlt die erfolgreiche Sanierung der Binder+Co AG, in der er als CFO und sp\u00e4ter CEO entscheidende operative und strategische Verbesserungen umsetzte. F\u00fcr dieses Projekt wurde er von der D\u00d6IM mit dem \u201eBesten Interim Management Projekt des Jahres 2025\u201c ausgezeichnet. Diese Auszeichnung unterstreicht seine au\u00dfergew\u00f6hnliche Wirksamkeit in anspruchsvollen Transformationssituationen.\",\"sameAs\":[\"https:\\\/\\\/mf.ag\\\/de\\\/martin-pfeffer\\\/\",\"https:\\\/\\\/www.linkedin.com\\\/in\\\/martin-pfeffer\\\/\"],\"url\":\"https:\\\/\\\/mf.ag\\\/de\\\/author\\\/martinpfeffer\\\/\"}]}<\/script>\n<!-- \/ Yoast SEO Premium plugin. -->","yoast_head_json":{"title":"Sanierung der Binder+Co Gruppe (Fallstudie) &#187; Management Factory","robots":{"index":"index","follow":"follow","max-snippet":"max-snippet:-1","max-image-preview":"max-image-preview:large","max-video-preview":"max-video-preview:-1"},"canonical":"https:\/\/mf.ag\/de\/artikel\/sanierung-der-binderco-gruppe-fallstudie\/","og_locale":"de_DE","og_type":"article","og_title":"Sanierung der Binder+Co Gruppe (Fallstudie)","og_description":"Martin Pfeffer, Partner der Management Factory und von 2017 bis 2023 als Interim Manager Vorstand von Binder + Co, gibt in dieser Fallstudie einen tiefen Einblick in die Herausforderungen beim Maschinen- und Anlagenbauer Binder + Co in Gleisdorf (negative Gro\u00dfprojekte, defizit\u00e4re T\u00f6chter, ein Schiedsgerichtsverfahren in London, ein \u00fcber die Jahre aufgelaufener Investitionsr\u00fcckstau und eine nicht [&hellip;]","og_url":"https:\/\/mf.ag\/de\/artikel\/sanierung-der-binderco-gruppe-fallstudie\/","og_site_name":"Management Factory","article_published_time":"2024-04-20T07:00:00+00:00","article_modified_time":"2024-05-16T13:59:40+00:00","og_image":[{"width":1920,"height":1080,"url":"https:\/\/mf.ag\/wp-content\/uploads\/2024\/05\/\u201eValtus-gibt-aelteren-Fuehrungskraeften-ihren-Wert-zurueck.-Philippe-Soullier-Gruender-von-Valtus-3.png","type":"image\/png"}],"author":"Martin Pfeffer","twitter_card":"summary_large_image","twitter_misc":{"Verfasst von":"Martin Pfeffer","Gesch\u00e4tzte Lesezeit":"1\u00a0Minute"},"schema":{"@context":"https:\/\/schema.org","@graph":[{"@type":"Article","@id":"https:\/\/mf.ag\/de\/artikel\/sanierung-der-binderco-gruppe-fallstudie\/#article","isPartOf":{"@id":"https:\/\/mf.ag\/de\/artikel\/sanierung-der-binderco-gruppe-fallstudie\/"},"author":{"name":"Martin Pfeffer","@id":"https:\/\/mf.ag\/de\/#\/schema\/person\/54787adb1e0641a5dcc9aa9141f69ea8"},"headline":"Sanierung der Binder+Co Gruppe (Fallstudie)","datePublished":"2024-04-20T07:00:00+00:00","dateModified":"2024-05-16T13:59:40+00:00","mainEntityOfPage":{"@id":"https:\/\/mf.ag\/de\/artikel\/sanierung-der-binderco-gruppe-fallstudie\/"},"wordCount":85,"publisher":{"@id":"https:\/\/mf.ag\/de\/#organization"},"image":{"@id":"https:\/\/mf.ag\/de\/artikel\/sanierung-der-binderco-gruppe-fallstudie\/#primaryimage"},"thumbnailUrl":"https:\/\/mf.ag\/wp-content\/uploads\/2024\/05\/\u201eValtus-gibt-aelteren-Fuehrungskraeften-ihren-Wert-zurueck.-Philippe-Soullier-Gruender-von-Valtus-3.png","keywords":["Anlagenbau","Fallstudie","Investitionen","Konzern","Maschinenbau","Restrukturierung","Sanierung"],"articleSection":["Artikel"],"inLanguage":"de"},{"@type":"WebPage","@id":"https:\/\/mf.ag\/de\/artikel\/sanierung-der-binderco-gruppe-fallstudie\/","url":"https:\/\/mf.ag\/de\/artikel\/sanierung-der-binderco-gruppe-fallstudie\/","name":"Sanierung der Binder+Co Gruppe (Fallstudie) &#187; Management Factory","isPartOf":{"@id":"https:\/\/mf.ag\/de\/#website"},"primaryImageOfPage":{"@id":"https:\/\/mf.ag\/de\/artikel\/sanierung-der-binderco-gruppe-fallstudie\/#primaryimage"},"image":{"@id":"https:\/\/mf.ag\/de\/artikel\/sanierung-der-binderco-gruppe-fallstudie\/#primaryimage"},"thumbnailUrl":"https:\/\/mf.ag\/wp-content\/uploads\/2024\/05\/\u201eValtus-gibt-aelteren-Fuehrungskraeften-ihren-Wert-zurueck.-Philippe-Soullier-Gruender-von-Valtus-3.png","datePublished":"2024-04-20T07:00:00+00:00","dateModified":"2024-05-16T13:59:40+00:00","breadcrumb":{"@id":"https:\/\/mf.ag\/de\/artikel\/sanierung-der-binderco-gruppe-fallstudie\/#breadcrumb"},"inLanguage":"de","potentialAction":[{"@type":"ReadAction","target":["https:\/\/mf.ag\/de\/artikel\/sanierung-der-binderco-gruppe-fallstudie\/"]}]},{"@type":"ImageObject","inLanguage":"de","@id":"https:\/\/mf.ag\/de\/artikel\/sanierung-der-binderco-gruppe-fallstudie\/#primaryimage","url":"https:\/\/mf.ag\/wp-content\/uploads\/2024\/05\/\u201eValtus-gibt-aelteren-Fuehrungskraeften-ihren-Wert-zurueck.-Philippe-Soullier-Gruender-von-Valtus-3.png","contentUrl":"https:\/\/mf.ag\/wp-content\/uploads\/2024\/05\/\u201eValtus-gibt-aelteren-Fuehrungskraeften-ihren-Wert-zurueck.-Philippe-Soullier-Gruender-von-Valtus-3.png","width":1920,"height":1080},{"@type":"BreadcrumbList","@id":"https:\/\/mf.ag\/de\/artikel\/sanierung-der-binderco-gruppe-fallstudie\/#breadcrumb","itemListElement":[{"@type":"ListItem","position":1,"name":"Home","item":"https:\/\/mf.ag\/de\/"},{"@type":"ListItem","position":2,"name":"Sanierung der Binder+Co Gruppe (Fallstudie)"}]},{"@type":"WebSite","@id":"https:\/\/mf.ag\/de\/#website","url":"https:\/\/mf.ag\/de\/","name":"Management Factory","description":"Mit Executive Interim Management und Financial Advisory das Gesch\u00e4ft voranbringen","publisher":{"@id":"https:\/\/mf.ag\/de\/#organization"},"potentialAction":[{"@type":"SearchAction","target":{"@type":"EntryPoint","urlTemplate":"https:\/\/mf.ag\/de\/?s={search_term_string}"},"query-input":{"@type":"PropertyValueSpecification","valueRequired":true,"valueName":"search_term_string"}}],"inLanguage":"de"},{"@type":"Organization","@id":"https:\/\/mf.ag\/de\/#organization","name":"Management Factory","url":"https:\/\/mf.ag\/de\/","logo":{"@type":"ImageObject","inLanguage":"de","@id":"https:\/\/mf.ag\/de\/#\/schema\/logo\/image\/","url":"","contentUrl":"","caption":"Management Factory"},"image":{"@id":"https:\/\/mf.ag\/de\/#\/schema\/logo\/image\/"}},{"@type":"Person","@id":"https:\/\/mf.ag\/de\/#\/schema\/person\/54787adb1e0641a5dcc9aa9141f69ea8","name":"Martin Pfeffer","image":{"@type":"ImageObject","inLanguage":"de","@id":"https:\/\/secure.gravatar.com\/avatar\/98852af5c2fbe73129e347ac74aebd514416cbe13481c68ecfda0840e73651c6?s=96&r=g","url":"https:\/\/secure.gravatar.com\/avatar\/98852af5c2fbe73129e347ac74aebd514416cbe13481c68ecfda0840e73651c6?s=96&r=g","contentUrl":"https:\/\/secure.gravatar.com\/avatar\/98852af5c2fbe73129e347ac74aebd514416cbe13481c68ecfda0840e73651c6?s=96&r=g","caption":"Martin Pfeffer"},"description":"Dr. Martin Pfeffer ist seit \u00fcber zwanzig Jahren Teil der VALTUS Management Factory und z\u00e4hlt zu den f\u00fchrenden Experten f\u00fcr Finanzen, Restrukturierung und Interim Management. Zu seinen bedeutendsten Mandaten z\u00e4hlt die erfolgreiche Sanierung der Binder+Co AG, in der er als CFO und sp\u00e4ter CEO entscheidende operative und strategische Verbesserungen umsetzte. F\u00fcr dieses Projekt wurde er von der D\u00d6IM mit dem \u201eBesten Interim Management Projekt des Jahres 2025\u201c ausgezeichnet. Diese Auszeichnung unterstreicht seine au\u00dfergew\u00f6hnliche Wirksamkeit in anspruchsvollen Transformationssituationen.","sameAs":["https:\/\/mf.ag\/de\/martin-pfeffer\/","https:\/\/www.linkedin.com\/in\/martin-pfeffer\/"],"url":"https:\/\/mf.ag\/de\/author\/martinpfeffer\/"}]}},"_links":{"self":[{"href":"https:\/\/mf.ag\/de\/wp-json\/wp\/v2\/posts\/56396","targetHints":{"allow":["GET"]}}],"collection":[{"href":"https:\/\/mf.ag\/de\/wp-json\/wp\/v2\/posts"}],"about":[{"href":"https:\/\/mf.ag\/de\/wp-json\/wp\/v2\/types\/post"}],"author":[{"embeddable":true,"href":"https:\/\/mf.ag\/de\/wp-json\/wp\/v2\/users\/34"}],"replies":[{"embeddable":true,"href":"https:\/\/mf.ag\/de\/wp-json\/wp\/v2\/comments?post=56396"}],"version-history":[{"count":1,"href":"https:\/\/mf.ag\/de\/wp-json\/wp\/v2\/posts\/56396\/revisions"}],"predecessor-version":[{"id":56403,"href":"https:\/\/mf.ag\/de\/wp-json\/wp\/v2\/posts\/56396\/revisions\/56403"}],"wp:featuredmedia":[{"embeddable":true,"href":"https:\/\/mf.ag\/de\/wp-json\/wp\/v2\/media\/56405"}],"wp:attachment":[{"href":"https:\/\/mf.ag\/de\/wp-json\/wp\/v2\/media?parent=56396"}],"wp:term":[{"taxonomy":"category","embeddable":true,"href":"https:\/\/mf.ag\/de\/wp-json\/wp\/v2\/categories?post=56396"},{"taxonomy":"post_tag","embeddable":true,"href":"https:\/\/mf.ag\/de\/wp-json\/wp\/v2\/tags?post=56396"}],"curies":[{"name":"wp","href":"https:\/\/api.w.org\/{rel}","templated":true}]}}