{"id":55543,"date":"2024-03-07T10:27:00","date_gmt":"2024-03-07T09:27:00","guid":{"rendered":"https:\/\/mf.ag\/?p=55543"},"modified":"2024-04-30T09:49:51","modified_gmt":"2024-04-30T07:49:51","slug":"wir-expandieren-nach-deutschland-start-von-valtus-deutschland","status":"publish","type":"post","link":"https:\/\/mf.ag\/de\/artikel\/wir-expandieren-nach-deutschland-start-von-valtus-deutschland\/","title":{"rendered":"Wir expandieren &#8211;                      Start von Valtus Deutschland"},"content":{"rendered":"\n<p>Mit einem Volumen von \u00fcber 2,75 Mrd. Euro ist der deutsche Interim Management-Markt einer der gr\u00f6\u00dften weltweit. Unsere Expansion nach Deutschland ist damit auch ein bedeutender Schritt zur Vertiefung der Pr\u00e4senz von Valtus in einer Schl\u00fcsselwirtschaft im Herzen Europas. F\u00fcr diesen Markteintritt b\u00fcndeln wir unsere Kr\u00e4fte mit Dr. Maier + Partner, einem renommierten Stuttgarter Unternehmen mit \u00fcber 50 Jahren Erfahrung in der Executive Search und im Executive Interim Management. Diese strategische Allianz f\u00fchrt nun zum offiziellen Start von Valtus Deutschland.<\/p>\n\n\n\n<div class=\"wp-block-file\"><a id=\"wp-block-file--media-eb72936c-d07d-4107-ae92-f38d4a80032e\" href=\"https:\/\/mf.ag\/wp-content\/uploads\/2024\/02\/pr-valtus-germany-final-1.pdf\" target=\"_blank\" rel=\"noreferrer noopener\">pr-valtus-germany-final-1<\/a><a href=\"https:\/\/mf.ag\/wp-content\/uploads\/2024\/02\/pr-valtus-germany-final-1.pdf\" class=\"wp-block-file__button wp-element-button\" download aria-describedby=\"wp-block-file--media-eb72936c-d07d-4107-ae92-f38d4a80032e\">Download<\/a><\/div>\n\n\n\n<h2 class=\"wp-block-heading\" id=\"h-einblicke-in-den-deutschen-markt\">Einblicke in den deutschen Markt<\/h2>\n\n\n\n<ul class=\"wp-block-list\">\n<li>88&nbsp;% der Interim Management-Mandate in Deutschland werden in Unternehmen mit mehr als 100 Mitarbeiter:innen vergeben.<\/li>\n\n\n\n<li>Eins\u00e4tze in Deutschland dauern durchschnittlich 11,6 Monate.<\/li>\n\n\n\n<li>Deutsche Interim Manager:innen verf\u00fcgen im Durchschnitt \u00fcber mehr als 10 Jahre Erfahrung im Interim Management (alle drei Werte stammen aus dem <a href=\"https:\/\/www.inima.management\/\">INIMA<\/a>-Bericht 2023).<\/li>\n\n\n\n<li>In Deutschland arbeiten ca. 11.500 professionelle Interim-Manager:innen.<\/li>\n\n\n\n<li>Das durchschnittliche j\u00e4hrliche Marktwachstum betrug von 2010 bis 2023 laut <a href=\"https:\/\/ddim.de\/studie\/positive-entwicklung-im-interim-management-markt-auslastung-und-honorarvolumen-auf-rekordniveau\/\">DDIM<\/a>, dem Dachverband Deutsches Interim Management, durchschnittlich 12&nbsp;%  p.a.<\/li>\n<\/ul>\n\n\n\n<figure class=\"wp-block-image size-full\"><img loading=\"lazy\" decoding=\"async\" width=\"698\" height=\"384\" src=\"https:\/\/mf.ag\/wp-content\/uploads\/2024\/02\/DDIM-Marktvolumen.png\" alt=\"\" class=\"wp-image-55586\" srcset=\"https:\/\/mf.ag\/wp-content\/uploads\/2024\/02\/DDIM-Marktvolumen.png 698w, https:\/\/mf.ag\/wp-content\/uploads\/2024\/02\/DDIM-Marktvolumen-300x165.png 300w\" sizes=\"auto, (max-width: 698px) 100vw, 698px\" \/><\/figure>\n\n\n\n<h2 class=\"wp-block-heading\" id=\"h-hochwertige-dienstleistungen-im-executive-interim-management-in-deutschland\">Hochwertige Dienstleistungen im Executive Interim Management in Deutschland<\/h2>\n\n\n\n<p>Das Motto von Valtus lautet: \u201eUnleash human magic to help people and businesses reach their full potential\u201d. Diesem Versprechen ist auch das strategische Joint Venture mit Dr. Maier + Partner verpflichtet, wobei die gemeinsame Erfahrung in der Zusammenarbeit mit Top Executives die Grundlage bildet.<\/p>\n\n\n\n<p>Wir werden unser Know how und unsere lokalen Kenntnisse nutzen, um deutschen und internationalen Kunden exzellente Interim-Management-L\u00f6sungen zu bieten. Den spezielle \u201eValtus Approach\u201c mit dem Dreieck aus Auftraggeber:in, Valtus-Partner:in und Interim Manager:in erl\u00e4utern wir im Detail im Beitrag \u201e<a href=\"https:\/\/mf.ag\/de\/artikel\/der-valtus-approach-am-beispiel-von-valtus-uk\/\">Der \u2018Valtus Approach\u2018 am Beispiel von Valtus UK<\/a>\u201c.<\/p>\n\n\n\n<h2 class=\"wp-block-heading\" id=\"h-ausweitung-der-geografischen-prasenz-von-valtus\">Ausweitung der geografischen Pr\u00e4senz von Valtus<\/h2>\n\n\n\n<p>Das Joint Venture in Deutschland setzt die Expansion von Valtus fort und baut die Pr\u00e4senz in der DACH-Region aus, nachdem bereits <a href=\"https:\/\/mf.ag\/de\/artikel\/management-factory-ab-sofort-teil-der-valtus-gruppe\/\">2022 die Management Factory in \u00d6sterreich erworben<\/a> wurde.<\/p>\n\n\n\n<p>Mit dem Start der Valtus Alliance im Jahr 2023 sind wir nun noch besser aufgestellt, um komplexe Aufgaben zu bew\u00e4ltigen und ma\u00dfgeschneiderte Managementl\u00f6sungen in den folgenden 14 L\u00e4ndern zu implementieren: \u00d6sterreich, Deutschland, Belgien, Niederlande, Frankreich, Spanien, Italien, Gro\u00dfbritannien, D\u00e4nemark, Schweden, Norwegen, Finnland, Singapur und Brasilien.<\/p>\n\n\n\n<p>Im Vorjahr betreute Valtus \u00fcber 900 Interim Management-Mandate auf allen Kontinenten.<\/p>\n\n\n\n<h2 class=\"wp-block-heading\" id=\"h-stellungnahmen\">Stellungnahmen<\/h2>\n\n\n\n<p>&#8222;Dieses Joint Venture ist ein wichtiger Faktor f\u00fcr die erfolgreiche zweite Etablierung von Valtus in der DACH-Region (nach der \u00dcbernahme in \u00d6sterreich im Jahr 2022). Wir glauben, dass diese Zusammenarbeit mit einem renommierten Akteur in einem reifen Markt ein effektiver Weg ist, um das Gesamtwachstum der Valtus-Gruppe zu beschleunigen.&#8220;<br>&nbsp;&nbsp; &#8211; <a href=\"https:\/\/www.linkedin.com\/in\/philippesoullier\/\">Philippe Soullier<\/a>, Chairman der Valtus-Gruppe<\/p>\n\n\n\n<p>&#8222;Wir freuen uns \u00fcber die Partnerschaft mit Valtus und sind \u00fcberzeugt, dass wir viel voneinander lernen k\u00f6nnen. Unser Ziel ist es, gemeinsam hochwertige Executive Interim Management-Dienstleistungen anzubieten, wobei wir uns wie Valtus auf Qualit\u00e4t und Exzellenz konzentrieren und dabei gleichzeitig unsere profunden Kenntnisse des lokalen Markts teilen.&#8220;&nbsp;<br>&nbsp;&nbsp; &#8211; <a href=\"https:\/\/www.linkedin.com\/in\/heinrich-schaible\/\">Heinrich Schaible<\/a>, Gesch\u00e4ftsf\u00fchrender Gesellschafter bei Dr. Maier + Partner<\/p>\n\n\n\n<p>&#8222;Ich bin sehr begeistert von unserer Partnerschaft mit Dr. Maier + Partner in Deutschland. Dieses Joint Venture ist ein wichtiger Eckpfeiler in unserer internationalen Wachstumsagenda und tr\u00e4gt entscheidend zu unserem Cross-Border Wachstumsplan bei.&#8220;<br>&nbsp;&nbsp; &#8211; <a href=\"https:\/\/www.linkedin.com\/in\/aymericbas\/\">Aymeric Bas<\/a>, Managing Partner International bei Valtus<\/p>\n\n\n\n<p>&gt; Folgen Sie <a href=\"https:\/\/www.linkedin.com\/company\/valtus-deutschland\/about\/\">Valtus Deutschland<\/a> und der <a href=\"https:\/\/www.linkedin.com\/company\/8687822\/admin\/feed\/posts\/\">Management Factory<\/a> auf LinkedIn!<\/p>\n\n\n\n<figure class=\"wp-block-embed is-type-video is-provider-youtube wp-block-embed-youtube wp-embed-aspect-16-9 wp-has-aspect-ratio\"><div class=\"wp-block-embed__wrapper\">\n<iframe loading=\"lazy\" title=\"A word from Bj\u00f6rn Henriksson\" width=\"500\" height=\"281\" src=\"https:\/\/www.youtube.com\/embed\/iV0biHUsOtg?feature=oembed\" frameborder=\"0\" allow=\"accelerometer; autoplay; clipboard-write; encrypted-media; gyroscope; picture-in-picture; web-share\" referrerpolicy=\"strict-origin-when-cross-origin\" allowfullscreen><\/iframe>\n<\/div><\/figure>\n","protected":false},"excerpt":{"rendered":"<p>Mit einem Volumen von \u00fcber 2,75 Mrd. Euro ist der deutsche Interim Management-Markt einer der gr\u00f6\u00dften weltweit. Unsere Expansion nach Deutschland ist damit auch ein bedeutender Schritt zur Vertiefung der Pr\u00e4senz von Valtus in einer Schl\u00fcsselwirtschaft im Herzen Europas. F\u00fcr diesen Markteintritt b\u00fcndeln wir unsere Kr\u00e4fte mit Dr. Maier + Partner, einem renommierten Stuttgarter Unternehmen [&hellip;]<\/p>\n","protected":false},"author":32,"featured_media":55570,"comment_status":"closed","ping_status":"closed","sticky":false,"template":"","format":"standard","meta":{"inline_featured_image":false,"footnotes":""},"categories":[3268],"tags":[3711,3377,3642,3277,3374],"class_list":["post-55543","post","type-post","status-publish","format-standard","has-post-thumbnail","hentry","category-artikel","tag-deutschland-2","tag-executive-interim-management","tag-hr-3","tag-newsletter-2","tag-valtus-2"],"featured_image_urls_v2":{"full":["https:\/\/mf.ag\/wp-content\/uploads\/2024\/03\/\u201eValtus-gibt-aelteren-Fuehrungskraeften-ihren-Wert-zurueck.-Philippe-Soullier-Gruender-von-Valtus-23.png",1920,1080,false],"thumbnail":["https:\/\/mf.ag\/wp-content\/uploads\/2024\/03\/\u201eValtus-gibt-aelteren-Fuehrungskraeften-ihren-Wert-zurueck.-Philippe-Soullier-Gruender-von-Valtus-23-250x250.png",250,250,true],"medium":["https:\/\/mf.ag\/wp-content\/uploads\/2024\/03\/\u201eValtus-gibt-aelteren-Fuehrungskraeften-ihren-Wert-zurueck.-Philippe-Soullier-Gruender-von-Valtus-23-300x169.png",300,169,true],"medium_large":["https:\/\/mf.ag\/wp-content\/uploads\/2024\/03\/\u201eValtus-gibt-aelteren-Fuehrungskraeften-ihren-Wert-zurueck.-Philippe-Soullier-Gruender-von-Valtus-23-768x432.png",768,432,true],"large":["https:\/\/mf.ag\/wp-content\/uploads\/2024\/03\/\u201eValtus-gibt-aelteren-Fuehrungskraeften-ihren-Wert-zurueck.-Philippe-Soullier-Gruender-von-Valtus-23-1024x576.png",1024,576,true],"1536x1536":["https:\/\/mf.ag\/wp-content\/uploads\/2024\/03\/\u201eValtus-gibt-aelteren-Fuehrungskraeften-ihren-Wert-zurueck.-Philippe-Soullier-Gruender-von-Valtus-23-1536x864.png",1536,864,true],"2048x2048":["https:\/\/mf.ag\/wp-content\/uploads\/2024\/03\/\u201eValtus-gibt-aelteren-Fuehrungskraeften-ihren-Wert-zurueck.-Philippe-Soullier-Gruender-von-Valtus-23.png",1920,1080,false],"gform-image-choice-sm":["https:\/\/mf.ag\/wp-content\/uploads\/2024\/03\/\u201eValtus-gibt-aelteren-Fuehrungskraeften-ihren-Wert-zurueck.-Philippe-Soullier-Gruender-von-Valtus-23.png",300,169,false],"gform-image-choice-md":["https:\/\/mf.ag\/wp-content\/uploads\/2024\/03\/\u201eValtus-gibt-aelteren-Fuehrungskraeften-ihren-Wert-zurueck.-Philippe-Soullier-Gruender-von-Valtus-23.png",400,225,false],"gform-image-choice-lg":["https:\/\/mf.ag\/wp-content\/uploads\/2024\/03\/\u201eValtus-gibt-aelteren-Fuehrungskraeften-ihren-Wert-zurueck.-Philippe-Soullier-Gruender-von-Valtus-23.png",600,338,false],"profile_24":["https:\/\/mf.ag\/wp-content\/uploads\/2024\/03\/\u201eValtus-gibt-aelteren-Fuehrungskraeften-ihren-Wert-zurueck.-Philippe-Soullier-Gruender-von-Valtus-23-24x24.png",24,24,true],"profile_48":["https:\/\/mf.ag\/wp-content\/uploads\/2024\/03\/\u201eValtus-gibt-aelteren-Fuehrungskraeften-ihren-Wert-zurueck.-Philippe-Soullier-Gruender-von-Valtus-23-48x48.png",48,48,true],"profile_96":["https:\/\/mf.ag\/wp-content\/uploads\/2024\/03\/\u201eValtus-gibt-aelteren-Fuehrungskraeften-ihren-Wert-zurueck.-Philippe-Soullier-Gruender-von-Valtus-23-96x96.png",96,96,true],"profile_150":["https:\/\/mf.ag\/wp-content\/uploads\/2024\/03\/\u201eValtus-gibt-aelteren-Fuehrungskraeften-ihren-Wert-zurueck.-Philippe-Soullier-Gruender-von-Valtus-23-150x150.png",150,150,true],"profile_300":["https:\/\/mf.ag\/wp-content\/uploads\/2024\/03\/\u201eValtus-gibt-aelteren-Fuehrungskraeften-ihren-Wert-zurueck.-Philippe-Soullier-Gruender-von-Valtus-23-300x300.png",300,300,true]},"post_excerpt_stackable_v2":"<p>Mit einem Volumen von \u00fcber 2,75 Mrd. Euro ist der deutsche Interim Management-Markt einer der gr\u00f6\u00dften weltweit. Unsere Expansion nach Deutschland ist damit auch ein bedeutender Schritt zur Vertiefung der Pr\u00e4senz von Valtus in einer Schl\u00fcsselwirtschaft im Herzen Europas. F\u00fcr diesen Markteintritt b\u00fcndeln wir unsere Kr\u00e4fte mit Dr. Maier + Partner, einem renommierten Stuttgarter Unternehmen mit \u00fcber 50 Jahren Erfahrung in der Executive Search und im Executive Interim Management. Diese strategische Allianz f\u00fchrt nun zum offiziellen Start von Valtus Deutschland. pr-valtus-germany-final-1Download Einblicke in den deutschen Markt 88&nbsp;% der Interim Management-Mandate in Deutschland werden in Unternehmen mit mehr als 100 Mitarbeiter:innen&hellip;<\/p>\n","category_list_v2":"<a href=\"https:\/\/mf.ag\/de\/category\/artikel\/\" rel=\"category tag\">Artikel<\/a>","author_info_v2":{"name":"VALTUS Management Factory","url":"https:\/\/mf.ag\/de\/author\/managementfactory\/"},"comments_num_v2":"0 comments","yoast_head":"<!-- This site is optimized with the Yoast SEO Premium plugin v25.8 (Yoast SEO v27.5) - https:\/\/yoast.com\/product\/yoast-seo-premium-wordpress\/ -->\n<title>Wir expandieren -           Start von Valtus Deutschland &#187; Management Factory<\/title>\n<meta name=\"robots\" content=\"index, follow, max-snippet:-1, max-image-preview:large, max-video-preview:-1\" \/>\n<link rel=\"canonical\" href=\"https:\/\/mf.ag\/de\/artikel\/wir-expandieren-nach-deutschland-start-von-valtus-deutschland\/\" \/>\n<meta property=\"og:locale\" content=\"de_DE\" \/>\n<meta property=\"og:type\" content=\"article\" \/>\n<meta property=\"og:title\" content=\"Wir expandieren -           Start von Valtus Deutschland\" \/>\n<meta property=\"og:description\" content=\"Mit einem Volumen von \u00fcber 2,75 Mrd. Euro ist der deutsche Interim Management-Markt einer der gr\u00f6\u00dften weltweit. Unsere Expansion nach Deutschland ist damit auch ein bedeutender Schritt zur Vertiefung der Pr\u00e4senz von Valtus in einer Schl\u00fcsselwirtschaft im Herzen Europas. F\u00fcr diesen Markteintritt b\u00fcndeln wir unsere Kr\u00e4fte mit Dr. Maier + Partner, einem renommierten Stuttgarter Unternehmen [&hellip;]\" \/>\n<meta property=\"og:url\" content=\"https:\/\/mf.ag\/de\/artikel\/wir-expandieren-nach-deutschland-start-von-valtus-deutschland\/\" \/>\n<meta property=\"og:site_name\" content=\"Management Factory\" \/>\n<meta property=\"article:published_time\" content=\"2024-03-07T09:27:00+00:00\" \/>\n<meta property=\"article:modified_time\" content=\"2024-04-30T07:49:51+00:00\" \/>\n<meta property=\"og:image\" content=\"https:\/\/mf.ag\/wp-content\/uploads\/2024\/03\/\u201eValtus-gibt-aelteren-Fuehrungskraeften-ihren-Wert-zurueck.-Philippe-Soullier-Gruender-von-Valtus-23-1024x576.png\" \/>\n\t<meta property=\"og:image:width\" content=\"1024\" \/>\n\t<meta property=\"og:image:height\" content=\"576\" \/>\n\t<meta property=\"og:image:type\" content=\"image\/png\" \/>\n<meta name=\"author\" content=\"VALTUS Management Factory\" \/>\n<meta name=\"twitter:card\" content=\"summary_large_image\" \/>\n<meta name=\"twitter:label1\" content=\"Verfasst von\" \/>\n\t<meta name=\"twitter:data1\" content=\"VALTUS Management Factory\" \/>\n\t<meta name=\"twitter:label2\" content=\"Gesch\u00e4tzte Lesezeit\" \/>\n\t<meta name=\"twitter:data2\" content=\"3\u00a0Minuten\" \/>\n<script type=\"application\/ld+json\" class=\"yoast-schema-graph\">{\"@context\":\"https:\\\/\\\/schema.org\",\"@graph\":[{\"@type\":\"Article\",\"@id\":\"https:\\\/\\\/mf.ag\\\/de\\\/artikel\\\/wir-expandieren-nach-deutschland-start-von-valtus-deutschland\\\/#article\",\"isPartOf\":{\"@id\":\"https:\\\/\\\/mf.ag\\\/de\\\/artikel\\\/wir-expandieren-nach-deutschland-start-von-valtus-deutschland\\\/\"},\"author\":{\"name\":\"VALTUS Management Factory\",\"@id\":\"https:\\\/\\\/mf.ag\\\/de\\\/#\\\/schema\\\/person\\\/1b1a766599b72b46cce17aecef0a2280\"},\"headline\":\"Wir expandieren &#8211; Start von Valtus Deutschland\",\"datePublished\":\"2024-03-07T09:27:00+00:00\",\"dateModified\":\"2024-04-30T07:49:51+00:00\",\"mainEntityOfPage\":{\"@id\":\"https:\\\/\\\/mf.ag\\\/de\\\/artikel\\\/wir-expandieren-nach-deutschland-start-von-valtus-deutschland\\\/\"},\"wordCount\":549,\"publisher\":{\"@id\":\"https:\\\/\\\/mf.ag\\\/de\\\/#organization\"},\"image\":{\"@id\":\"https:\\\/\\\/mf.ag\\\/de\\\/artikel\\\/wir-expandieren-nach-deutschland-start-von-valtus-deutschland\\\/#primaryimage\"},\"thumbnailUrl\":\"https:\\\/\\\/mf.ag\\\/wp-content\\\/uploads\\\/2024\\\/03\\\/\u201eValtus-gibt-aelteren-Fuehrungskraeften-ihren-Wert-zurueck.-Philippe-Soullier-Gruender-von-Valtus-23.png\",\"keywords\":[\"Deutschland\",\"Executive Interim Management\",\"HR\",\"Newsletter\",\"Valtus\"],\"articleSection\":[\"Artikel\"],\"inLanguage\":\"de\"},{\"@type\":\"WebPage\",\"@id\":\"https:\\\/\\\/mf.ag\\\/de\\\/artikel\\\/wir-expandieren-nach-deutschland-start-von-valtus-deutschland\\\/\",\"url\":\"https:\\\/\\\/mf.ag\\\/de\\\/artikel\\\/wir-expandieren-nach-deutschland-start-von-valtus-deutschland\\\/\",\"name\":\"Wir expandieren - Start von Valtus Deutschland &#187; Management Factory\",\"isPartOf\":{\"@id\":\"https:\\\/\\\/mf.ag\\\/de\\\/#website\"},\"primaryImageOfPage\":{\"@id\":\"https:\\\/\\\/mf.ag\\\/de\\\/artikel\\\/wir-expandieren-nach-deutschland-start-von-valtus-deutschland\\\/#primaryimage\"},\"image\":{\"@id\":\"https:\\\/\\\/mf.ag\\\/de\\\/artikel\\\/wir-expandieren-nach-deutschland-start-von-valtus-deutschland\\\/#primaryimage\"},\"thumbnailUrl\":\"https:\\\/\\\/mf.ag\\\/wp-content\\\/uploads\\\/2024\\\/03\\\/\u201eValtus-gibt-aelteren-Fuehrungskraeften-ihren-Wert-zurueck.-Philippe-Soullier-Gruender-von-Valtus-23.png\",\"datePublished\":\"2024-03-07T09:27:00+00:00\",\"dateModified\":\"2024-04-30T07:49:51+00:00\",\"breadcrumb\":{\"@id\":\"https:\\\/\\\/mf.ag\\\/de\\\/artikel\\\/wir-expandieren-nach-deutschland-start-von-valtus-deutschland\\\/#breadcrumb\"},\"inLanguage\":\"de\",\"potentialAction\":[{\"@type\":\"ReadAction\",\"target\":[\"https:\\\/\\\/mf.ag\\\/de\\\/artikel\\\/wir-expandieren-nach-deutschland-start-von-valtus-deutschland\\\/\"]}]},{\"@type\":\"ImageObject\",\"inLanguage\":\"de\",\"@id\":\"https:\\\/\\\/mf.ag\\\/de\\\/artikel\\\/wir-expandieren-nach-deutschland-start-von-valtus-deutschland\\\/#primaryimage\",\"url\":\"https:\\\/\\\/mf.ag\\\/wp-content\\\/uploads\\\/2024\\\/03\\\/\u201eValtus-gibt-aelteren-Fuehrungskraeften-ihren-Wert-zurueck.-Philippe-Soullier-Gruender-von-Valtus-23.png\",\"contentUrl\":\"https:\\\/\\\/mf.ag\\\/wp-content\\\/uploads\\\/2024\\\/03\\\/\u201eValtus-gibt-aelteren-Fuehrungskraeften-ihren-Wert-zurueck.-Philippe-Soullier-Gruender-von-Valtus-23.png\",\"width\":1920,\"height\":1080},{\"@type\":\"BreadcrumbList\",\"@id\":\"https:\\\/\\\/mf.ag\\\/de\\\/artikel\\\/wir-expandieren-nach-deutschland-start-von-valtus-deutschland\\\/#breadcrumb\",\"itemListElement\":[{\"@type\":\"ListItem\",\"position\":1,\"name\":\"Home\",\"item\":\"https:\\\/\\\/mf.ag\\\/de\\\/\"},{\"@type\":\"ListItem\",\"position\":2,\"name\":\"Wir expandieren &#8211; Start von Valtus Deutschland\"}]},{\"@type\":\"WebSite\",\"@id\":\"https:\\\/\\\/mf.ag\\\/de\\\/#website\",\"url\":\"https:\\\/\\\/mf.ag\\\/de\\\/\",\"name\":\"Management Factory\",\"description\":\"Mit Executive Interim Management und Financial Advisory das Gesch\u00e4ft voranbringen\",\"publisher\":{\"@id\":\"https:\\\/\\\/mf.ag\\\/de\\\/#organization\"},\"potentialAction\":[{\"@type\":\"SearchAction\",\"target\":{\"@type\":\"EntryPoint\",\"urlTemplate\":\"https:\\\/\\\/mf.ag\\\/de\\\/?s={search_term_string}\"},\"query-input\":{\"@type\":\"PropertyValueSpecification\",\"valueRequired\":true,\"valueName\":\"search_term_string\"}}],\"inLanguage\":\"de\"},{\"@type\":\"Organization\",\"@id\":\"https:\\\/\\\/mf.ag\\\/de\\\/#organization\",\"name\":\"Management Factory\",\"url\":\"https:\\\/\\\/mf.ag\\\/de\\\/\",\"logo\":{\"@type\":\"ImageObject\",\"inLanguage\":\"de\",\"@id\":\"https:\\\/\\\/mf.ag\\\/de\\\/#\\\/schema\\\/logo\\\/image\\\/\",\"url\":\"\",\"contentUrl\":\"\",\"caption\":\"Management Factory\"},\"image\":{\"@id\":\"https:\\\/\\\/mf.ag\\\/de\\\/#\\\/schema\\\/logo\\\/image\\\/\"}},{\"@type\":\"Person\",\"@id\":\"https:\\\/\\\/mf.ag\\\/de\\\/#\\\/schema\\\/person\\\/1b1a766599b72b46cce17aecef0a2280\",\"name\":\"VALTUS Management Factory\",\"image\":{\"@type\":\"ImageObject\",\"inLanguage\":\"de\",\"@id\":\"https:\\\/\\\/secure.gravatar.com\\\/avatar\\\/2e920f1a23e073db8a64336053afe342ca0876d1bcaeba2cb8be10b4812cf9de?s=96&r=g\",\"url\":\"https:\\\/\\\/secure.gravatar.com\\\/avatar\\\/2e920f1a23e073db8a64336053afe342ca0876d1bcaeba2cb8be10b4812cf9de?s=96&r=g\",\"contentUrl\":\"https:\\\/\\\/secure.gravatar.com\\\/avatar\\\/2e920f1a23e073db8a64336053afe342ca0876d1bcaeba2cb8be10b4812cf9de?s=96&r=g\",\"caption\":\"VALTUS Management Factory\"},\"description\":\"VALTUS Management Factory ist ein f\u00fchrendes Unternehmen f\u00fcr Executive Interim Management, Financial Advisory und Restrukturierung in \u00d6sterreich und unterst\u00fctzt Organisationen in Transformations-, Wachstums- und Krisensituationen mit erfahrenen F\u00fchrungspers\u00f6nlichkeiten. Als Teil der internationalen Valtus Group verbindet das Unternehmen operative Umsetzungskompetenz mit globaler Management- und Restrukturierungsexpertise.\",\"url\":\"https:\\\/\\\/mf.ag\\\/de\\\/author\\\/managementfactory\\\/\"}]}<\/script>\n<!-- \/ Yoast SEO Premium plugin. -->","yoast_head_json":{"title":"Wir expandieren -           Start von Valtus Deutschland &#187; Management Factory","robots":{"index":"index","follow":"follow","max-snippet":"max-snippet:-1","max-image-preview":"max-image-preview:large","max-video-preview":"max-video-preview:-1"},"canonical":"https:\/\/mf.ag\/de\/artikel\/wir-expandieren-nach-deutschland-start-von-valtus-deutschland\/","og_locale":"de_DE","og_type":"article","og_title":"Wir expandieren -           Start von Valtus Deutschland","og_description":"Mit einem Volumen von \u00fcber 2,75 Mrd. Euro ist der deutsche Interim Management-Markt einer der gr\u00f6\u00dften weltweit. Unsere Expansion nach Deutschland ist damit auch ein bedeutender Schritt zur Vertiefung der Pr\u00e4senz von Valtus in einer Schl\u00fcsselwirtschaft im Herzen Europas. F\u00fcr diesen Markteintritt b\u00fcndeln wir unsere Kr\u00e4fte mit Dr. Maier + Partner, einem renommierten Stuttgarter Unternehmen [&hellip;]","og_url":"https:\/\/mf.ag\/de\/artikel\/wir-expandieren-nach-deutschland-start-von-valtus-deutschland\/","og_site_name":"Management Factory","article_published_time":"2024-03-07T09:27:00+00:00","article_modified_time":"2024-04-30T07:49:51+00:00","og_image":[{"width":1024,"height":576,"url":"https:\/\/mf.ag\/wp-content\/uploads\/2024\/03\/\u201eValtus-gibt-aelteren-Fuehrungskraeften-ihren-Wert-zurueck.-Philippe-Soullier-Gruender-von-Valtus-23-1024x576.png","type":"image\/png"}],"author":"VALTUS Management Factory","twitter_card":"summary_large_image","twitter_misc":{"Verfasst von":"VALTUS Management Factory","Gesch\u00e4tzte Lesezeit":"3\u00a0Minuten"},"schema":{"@context":"https:\/\/schema.org","@graph":[{"@type":"Article","@id":"https:\/\/mf.ag\/de\/artikel\/wir-expandieren-nach-deutschland-start-von-valtus-deutschland\/#article","isPartOf":{"@id":"https:\/\/mf.ag\/de\/artikel\/wir-expandieren-nach-deutschland-start-von-valtus-deutschland\/"},"author":{"name":"VALTUS Management Factory","@id":"https:\/\/mf.ag\/de\/#\/schema\/person\/1b1a766599b72b46cce17aecef0a2280"},"headline":"Wir expandieren &#8211; Start von Valtus Deutschland","datePublished":"2024-03-07T09:27:00+00:00","dateModified":"2024-04-30T07:49:51+00:00","mainEntityOfPage":{"@id":"https:\/\/mf.ag\/de\/artikel\/wir-expandieren-nach-deutschland-start-von-valtus-deutschland\/"},"wordCount":549,"publisher":{"@id":"https:\/\/mf.ag\/de\/#organization"},"image":{"@id":"https:\/\/mf.ag\/de\/artikel\/wir-expandieren-nach-deutschland-start-von-valtus-deutschland\/#primaryimage"},"thumbnailUrl":"https:\/\/mf.ag\/wp-content\/uploads\/2024\/03\/\u201eValtus-gibt-aelteren-Fuehrungskraeften-ihren-Wert-zurueck.-Philippe-Soullier-Gruender-von-Valtus-23.png","keywords":["Deutschland","Executive Interim Management","HR","Newsletter","Valtus"],"articleSection":["Artikel"],"inLanguage":"de"},{"@type":"WebPage","@id":"https:\/\/mf.ag\/de\/artikel\/wir-expandieren-nach-deutschland-start-von-valtus-deutschland\/","url":"https:\/\/mf.ag\/de\/artikel\/wir-expandieren-nach-deutschland-start-von-valtus-deutschland\/","name":"Wir expandieren - Start von Valtus Deutschland &#187; Management Factory","isPartOf":{"@id":"https:\/\/mf.ag\/de\/#website"},"primaryImageOfPage":{"@id":"https:\/\/mf.ag\/de\/artikel\/wir-expandieren-nach-deutschland-start-von-valtus-deutschland\/#primaryimage"},"image":{"@id":"https:\/\/mf.ag\/de\/artikel\/wir-expandieren-nach-deutschland-start-von-valtus-deutschland\/#primaryimage"},"thumbnailUrl":"https:\/\/mf.ag\/wp-content\/uploads\/2024\/03\/\u201eValtus-gibt-aelteren-Fuehrungskraeften-ihren-Wert-zurueck.-Philippe-Soullier-Gruender-von-Valtus-23.png","datePublished":"2024-03-07T09:27:00+00:00","dateModified":"2024-04-30T07:49:51+00:00","breadcrumb":{"@id":"https:\/\/mf.ag\/de\/artikel\/wir-expandieren-nach-deutschland-start-von-valtus-deutschland\/#breadcrumb"},"inLanguage":"de","potentialAction":[{"@type":"ReadAction","target":["https:\/\/mf.ag\/de\/artikel\/wir-expandieren-nach-deutschland-start-von-valtus-deutschland\/"]}]},{"@type":"ImageObject","inLanguage":"de","@id":"https:\/\/mf.ag\/de\/artikel\/wir-expandieren-nach-deutschland-start-von-valtus-deutschland\/#primaryimage","url":"https:\/\/mf.ag\/wp-content\/uploads\/2024\/03\/\u201eValtus-gibt-aelteren-Fuehrungskraeften-ihren-Wert-zurueck.-Philippe-Soullier-Gruender-von-Valtus-23.png","contentUrl":"https:\/\/mf.ag\/wp-content\/uploads\/2024\/03\/\u201eValtus-gibt-aelteren-Fuehrungskraeften-ihren-Wert-zurueck.-Philippe-Soullier-Gruender-von-Valtus-23.png","width":1920,"height":1080},{"@type":"BreadcrumbList","@id":"https:\/\/mf.ag\/de\/artikel\/wir-expandieren-nach-deutschland-start-von-valtus-deutschland\/#breadcrumb","itemListElement":[{"@type":"ListItem","position":1,"name":"Home","item":"https:\/\/mf.ag\/de\/"},{"@type":"ListItem","position":2,"name":"Wir expandieren &#8211; Start von Valtus Deutschland"}]},{"@type":"WebSite","@id":"https:\/\/mf.ag\/de\/#website","url":"https:\/\/mf.ag\/de\/","name":"Management Factory","description":"Mit Executive Interim Management und Financial Advisory das Gesch\u00e4ft voranbringen","publisher":{"@id":"https:\/\/mf.ag\/de\/#organization"},"potentialAction":[{"@type":"SearchAction","target":{"@type":"EntryPoint","urlTemplate":"https:\/\/mf.ag\/de\/?s={search_term_string}"},"query-input":{"@type":"PropertyValueSpecification","valueRequired":true,"valueName":"search_term_string"}}],"inLanguage":"de"},{"@type":"Organization","@id":"https:\/\/mf.ag\/de\/#organization","name":"Management Factory","url":"https:\/\/mf.ag\/de\/","logo":{"@type":"ImageObject","inLanguage":"de","@id":"https:\/\/mf.ag\/de\/#\/schema\/logo\/image\/","url":"","contentUrl":"","caption":"Management Factory"},"image":{"@id":"https:\/\/mf.ag\/de\/#\/schema\/logo\/image\/"}},{"@type":"Person","@id":"https:\/\/mf.ag\/de\/#\/schema\/person\/1b1a766599b72b46cce17aecef0a2280","name":"VALTUS Management Factory","image":{"@type":"ImageObject","inLanguage":"de","@id":"https:\/\/secure.gravatar.com\/avatar\/2e920f1a23e073db8a64336053afe342ca0876d1bcaeba2cb8be10b4812cf9de?s=96&r=g","url":"https:\/\/secure.gravatar.com\/avatar\/2e920f1a23e073db8a64336053afe342ca0876d1bcaeba2cb8be10b4812cf9de?s=96&r=g","contentUrl":"https:\/\/secure.gravatar.com\/avatar\/2e920f1a23e073db8a64336053afe342ca0876d1bcaeba2cb8be10b4812cf9de?s=96&r=g","caption":"VALTUS Management Factory"},"description":"VALTUS Management Factory ist ein f\u00fchrendes Unternehmen f\u00fcr Executive Interim Management, Financial Advisory und Restrukturierung in \u00d6sterreich und unterst\u00fctzt Organisationen in Transformations-, Wachstums- und Krisensituationen mit erfahrenen F\u00fchrungspers\u00f6nlichkeiten. Als Teil der internationalen Valtus Group verbindet das Unternehmen operative Umsetzungskompetenz mit globaler Management- und Restrukturierungsexpertise.","url":"https:\/\/mf.ag\/de\/author\/managementfactory\/"}]}},"_links":{"self":[{"href":"https:\/\/mf.ag\/de\/wp-json\/wp\/v2\/posts\/55543","targetHints":{"allow":["GET"]}}],"collection":[{"href":"https:\/\/mf.ag\/de\/wp-json\/wp\/v2\/posts"}],"about":[{"href":"https:\/\/mf.ag\/de\/wp-json\/wp\/v2\/types\/post"}],"author":[{"embeddable":true,"href":"https:\/\/mf.ag\/de\/wp-json\/wp\/v2\/users\/32"}],"replies":[{"embeddable":true,"href":"https:\/\/mf.ag\/de\/wp-json\/wp\/v2\/comments?post=55543"}],"version-history":[{"count":26,"href":"https:\/\/mf.ag\/de\/wp-json\/wp\/v2\/posts\/55543\/revisions"}],"predecessor-version":[{"id":56296,"href":"https:\/\/mf.ag\/de\/wp-json\/wp\/v2\/posts\/55543\/revisions\/56296"}],"wp:featuredmedia":[{"embeddable":true,"href":"https:\/\/mf.ag\/de\/wp-json\/wp\/v2\/media\/55570"}],"wp:attachment":[{"href":"https:\/\/mf.ag\/de\/wp-json\/wp\/v2\/media?parent=55543"}],"wp:term":[{"taxonomy":"category","embeddable":true,"href":"https:\/\/mf.ag\/de\/wp-json\/wp\/v2\/categories?post=55543"},{"taxonomy":"post_tag","embeddable":true,"href":"https:\/\/mf.ag\/de\/wp-json\/wp\/v2\/tags?post=55543"}],"curies":[{"name":"wp","href":"https:\/\/api.w.org\/{rel}","templated":true}]}}