{"id":55043,"date":"2024-01-04T14:08:14","date_gmt":"2024-01-04T13:08:14","guid":{"rendered":"https:\/\/mf.ag\/?p=55043"},"modified":"2025-03-03T15:04:34","modified_gmt":"2025-03-03T14:04:34","slug":"yasmin-weiss-erlaeutert-fuer-welche-fuenf-taetigkeiten-es-bei-wissensarbeitenden-effektiver-ist-gemeinsam-im-buero-zu-arbeiten-statt-remote","status":"publish","type":"post","link":"https:\/\/mf.ag\/de\/artikel\/yasmin-weiss-erlaeutert-fuer-welche-fuenf-taetigkeiten-es-bei-wissensarbeitenden-effektiver-ist-gemeinsam-im-buero-zu-arbeiten-statt-remote\/","title":{"rendered":"Yasmin Weiss erl\u00e4utert, f\u00fcr welche f\u00fcnf T\u00e4tigkeiten es bei Wissensarbeitenden effektiver ist, gemeinsam im B\u00fcro zu arbeiten statt remote."},"content":{"rendered":"\n<p>Als Executive Interim Manager:innen m\u00fcssen wir regelm\u00e4\u00dfig entscheiden, wie viel Home Office wir gew\u00e4hren sollen. Wir m\u00fcssen das in den Firmen entscheiden, die uns anvertraut wurden, und auch f\u00fcr uns selber, ist es doch zunehmend \u00fcblich, dass auch Manager:innen nicht f\u00fcnf Tage vor Ort sind.<\/p>\n\n\n\n<p>Prof. Dr. Yasmin Wei\u00df, Professorin f\u00fcr Betriebswirtschaftslehre mit den Forschungsschwerpunkten Future Skills und Future of Work, fasste in einem Post vor kurzem zusammen, wann remotes Arbeiten suboptimal ist:<br><br>\u201eEs lohnt sich, einen Blick darauf zu werfen, bei welchen konkreten T\u00e4tigkeiten die physische Zusammenarbeit einer virtuellen klar \u00fcberlegen ist: Immer dann,\u2026<\/p>\n\n\n\n<p>1. Wenn Menschen Vertrauen zueinander aufbauen m\u00f6chten (z.B. im Onboarding)<br>2.&nbsp;Wenn kritische Gespr\u00e4che zu f\u00fchren &amp; kritische Entscheidungen zu treffen sind<br>3.&nbsp;Wenn gemeinsam strategisch-kreativ nach vorne gedacht werden soll<br>4. Wenn Innovation unter Nutzung von Diversit\u00e4t und zuf\u00e4lligen Begegnungen entstehen soll<br>5. Wenn das \u201eWir-Gef\u00fchl\u201c gest\u00e4rkt und miteinander gefeiert werden soll<\/p>\n\n\n\n<p>F\u00fcr diese T\u00e4tigkeiten lohnt es sich, physisch zusammen zu kommen; bei nahezu allen anderen T\u00e4tigkeiten kann auch remote in vergleichbarer Qualit\u00e4t kollaboriert werden.<\/p>\n\n\n\n<p>Daher macht eine gute Balance aus Pr\u00e4senz- und Remote-Arbeitstagen Sinn. Nicht dogmatisch, sondern in Abh\u00e4ngigkeit der jeweiligen T\u00e4tigkeit und Zielsetzung.\u201c<\/p>\n\n\n\n<p>Da wir bei unseren Mandaten oft mit Ausnahmesituationen zu tun haben (Restrukturierungen, Transformationen und Post-Merger Integrationen) ist es selbstredend zielf\u00fchrend, dass wir Interim Manager:innen viel vor Ort sind. Alle f\u00fcnf oben genannten Punkte sind bei unseren Auftr\u00e4gen h\u00f6chst relevant.<\/p>\n\n\n\n<p>Wobei es auch hier wunderbare Beispiele gibt, die das Gegenteil beweisen. Gisela Kollmann wurde von der\u00a0<a href=\"https:\/\/xn--dim-sna.org\/\" target=\"_blank\" rel=\"noreferrer noopener\">D\u00d6IM\u00a0(Dachorganisation \u00d6sterreichisches Interim Management)<\/a> 2021\u00a0zur besten Interim Managerin\u00a0des Jahres ausgezeichnet und sie konnte bzw. musste ihr Interim Projekt in Corona Zeiten fast ausschlie\u00dflich remote \u00fcber Videokonferenzen managen.<br><br>Aber Covid-19 f\u00fchrt ja gl\u00fccklicherweise nicht mehr zu Lockdowns und wir k\u00f6nnen wieder vor Ort arbeiten. Bei der Umsetzung einer ausgewogenen B\u00fcro &#8211; Home Office Strategie empfiehlt\u00a0Yasmin\u00a0Weiss\u00a0\u00fcbrigens folgende Daumenregel:<\/p>\n\n\n\n<p>\u201eMacht die B\u00fcros halb so gro\u00df und doppelt so cool!\u201c<\/p>\n\n\n\n<p>Auf die Frage Ihrer Studierenden, was ein \u00fcberzeugendes Argument f\u00fcr sie sei, gerne ins B\u00fcro zu kommen, war die am h\u00e4ufigsten genannte Antwort ganz profan: \u201eMegaguter Kaffee mit coolen Kollegen!!!\u201c<\/p>\n\n\n\n<p>Das Foto anbei mit den h\u00e4ngenden G\u00e4rten ist im Headquarter der&nbsp;BayWa AG&nbsp;in M\u00fcnchen entstanden.<\/p>\n\n\n\n<p>Wie viele Tage pro Woche arbeiten Sie im Home Office und wie viele Tage gew\u00e4hren Sie Ihren Mitarbeiter:innen?<\/p>\n","protected":false},"excerpt":{"rendered":"<p>Als Executive Interim Manager:innen m\u00fcssen wir regelm\u00e4\u00dfig entscheiden, wie viel Home Office wir gew\u00e4hren sollen. Wir m\u00fcssen das in den Firmen entscheiden, die uns anvertraut wurden, und auch f\u00fcr uns selber, ist es doch zunehmend \u00fcblich, dass auch Manager:innen nicht f\u00fcnf Tage vor Ort sind. Prof. Dr. Yasmin Wei\u00df, Professorin f\u00fcr Betriebswirtschaftslehre mit den Forschungsschwerpunkten [&hellip;]<\/p>\n","protected":false},"author":32,"featured_media":55044,"comment_status":"closed","ping_status":"closed","sticky":false,"template":"","format":"standard","meta":{"inline_featured_image":false,"footnotes":""},"categories":[3268],"tags":[3689,3688,3642,3372],"class_list":["post-55043","post","type-post","status-publish","format-standard","has-post-thumbnail","hentry","category-artikel","tag-future-of-work","tag-homeoffice","tag-hr-3","tag-interim-management-3"],"featured_image_urls_v2":{"full":["https:\/\/mf.ag\/wp-content\/uploads\/2024\/01\/\u201eValtus-gibt-aelteren-Fuehrungskraeften-ihren-Wert-zurueck.-Philippe-Soullier-Gruender-von-Valtus-8.png",1920,1080,false],"thumbnail":["https:\/\/mf.ag\/wp-content\/uploads\/2024\/01\/\u201eValtus-gibt-aelteren-Fuehrungskraeften-ihren-Wert-zurueck.-Philippe-Soullier-Gruender-von-Valtus-8-250x250.png",250,250,true],"medium":["https:\/\/mf.ag\/wp-content\/uploads\/2024\/01\/\u201eValtus-gibt-aelteren-Fuehrungskraeften-ihren-Wert-zurueck.-Philippe-Soullier-Gruender-von-Valtus-8-300x169.png",300,169,true],"medium_large":["https:\/\/mf.ag\/wp-content\/uploads\/2024\/01\/\u201eValtus-gibt-aelteren-Fuehrungskraeften-ihren-Wert-zurueck.-Philippe-Soullier-Gruender-von-Valtus-8-768x432.png",768,432,true],"large":["https:\/\/mf.ag\/wp-content\/uploads\/2024\/01\/\u201eValtus-gibt-aelteren-Fuehrungskraeften-ihren-Wert-zurueck.-Philippe-Soullier-Gruender-von-Valtus-8-1024x576.png",1024,576,true],"1536x1536":["https:\/\/mf.ag\/wp-content\/uploads\/2024\/01\/\u201eValtus-gibt-aelteren-Fuehrungskraeften-ihren-Wert-zurueck.-Philippe-Soullier-Gruender-von-Valtus-8-1536x864.png",1536,864,true],"2048x2048":["https:\/\/mf.ag\/wp-content\/uploads\/2024\/01\/\u201eValtus-gibt-aelteren-Fuehrungskraeften-ihren-Wert-zurueck.-Philippe-Soullier-Gruender-von-Valtus-8.png",1920,1080,false],"gform-image-choice-sm":["https:\/\/mf.ag\/wp-content\/uploads\/2024\/01\/\u201eValtus-gibt-aelteren-Fuehrungskraeften-ihren-Wert-zurueck.-Philippe-Soullier-Gruender-von-Valtus-8.png",300,169,false],"gform-image-choice-md":["https:\/\/mf.ag\/wp-content\/uploads\/2024\/01\/\u201eValtus-gibt-aelteren-Fuehrungskraeften-ihren-Wert-zurueck.-Philippe-Soullier-Gruender-von-Valtus-8.png",400,225,false],"gform-image-choice-lg":["https:\/\/mf.ag\/wp-content\/uploads\/2024\/01\/\u201eValtus-gibt-aelteren-Fuehrungskraeften-ihren-Wert-zurueck.-Philippe-Soullier-Gruender-von-Valtus-8.png",600,338,false],"profile_24":["https:\/\/mf.ag\/wp-content\/uploads\/2024\/01\/\u201eValtus-gibt-aelteren-Fuehrungskraeften-ihren-Wert-zurueck.-Philippe-Soullier-Gruender-von-Valtus-8-24x24.png",24,24,true],"profile_48":["https:\/\/mf.ag\/wp-content\/uploads\/2024\/01\/\u201eValtus-gibt-aelteren-Fuehrungskraeften-ihren-Wert-zurueck.-Philippe-Soullier-Gruender-von-Valtus-8-48x48.png",48,48,true],"profile_96":["https:\/\/mf.ag\/wp-content\/uploads\/2024\/01\/\u201eValtus-gibt-aelteren-Fuehrungskraeften-ihren-Wert-zurueck.-Philippe-Soullier-Gruender-von-Valtus-8-96x96.png",96,96,true],"profile_150":["https:\/\/mf.ag\/wp-content\/uploads\/2024\/01\/\u201eValtus-gibt-aelteren-Fuehrungskraeften-ihren-Wert-zurueck.-Philippe-Soullier-Gruender-von-Valtus-8-150x150.png",150,150,true],"profile_300":["https:\/\/mf.ag\/wp-content\/uploads\/2024\/01\/\u201eValtus-gibt-aelteren-Fuehrungskraeften-ihren-Wert-zurueck.-Philippe-Soullier-Gruender-von-Valtus-8-300x300.png",300,300,true]},"post_excerpt_stackable_v2":"<p>Als Executive Interim Manager:innen m\u00fcssen wir regelm\u00e4\u00dfig entscheiden, wie viel Home Office wir gew\u00e4hren sollen. Wir m\u00fcssen das in den Firmen entscheiden, die uns anvertraut wurden, und auch f\u00fcr uns selber, ist es doch zunehmend \u00fcblich, dass auch Manager:innen nicht f\u00fcnf Tage vor Ort sind. Prof. Dr. Yasmin Wei\u00df, Professorin f\u00fcr Betriebswirtschaftslehre mit den Forschungsschwerpunkten Future Skills und Future of Work, fasste in einem Post vor kurzem zusammen, wann remotes Arbeiten suboptimal ist:\u201eEs lohnt sich, einen Blick darauf zu werfen, bei welchen konkreten T\u00e4tigkeiten die physische Zusammenarbeit einer virtuellen klar \u00fcberlegen ist: Immer dann,\u2026 1. Wenn Menschen Vertrauen zueinander aufbauen&hellip;<\/p>\n","category_list_v2":"<a href=\"https:\/\/mf.ag\/de\/category\/artikel\/\" rel=\"category tag\">Artikel<\/a>","author_info_v2":{"name":"VALTUS Management Factory","url":"https:\/\/mf.ag\/de\/author\/managementfactory\/"},"comments_num_v2":"0 comments","yoast_head":"<!-- This site is optimized with the Yoast SEO Premium plugin v25.8 (Yoast SEO v27.5) - https:\/\/yoast.com\/product\/yoast-seo-premium-wordpress\/ -->\n<title>Yasmin Weiss erl\u00e4utert, f\u00fcr welche f\u00fcnf T\u00e4tigkeiten es bei Wissensarbeitenden effektiver ist, gemeinsam im B\u00fcro zu arbeiten statt remote. &#187; Management Factory<\/title>\n<meta name=\"robots\" content=\"index, follow, max-snippet:-1, max-image-preview:large, max-video-preview:-1\" \/>\n<link rel=\"canonical\" href=\"https:\/\/mf.ag\/de\/artikel\/yasmin-weiss-erlaeutert-fuer-welche-fuenf-taetigkeiten-es-bei-wissensarbeitenden-effektiver-ist-gemeinsam-im-buero-zu-arbeiten-statt-remote\/\" \/>\n<meta property=\"og:locale\" content=\"de_DE\" \/>\n<meta property=\"og:type\" content=\"article\" \/>\n<meta property=\"og:title\" content=\"Yasmin Weiss erl\u00e4utert, f\u00fcr welche f\u00fcnf T\u00e4tigkeiten es bei Wissensarbeitenden effektiver ist, gemeinsam im B\u00fcro zu arbeiten statt remote.\" \/>\n<meta property=\"og:description\" content=\"Als Executive Interim Manager:innen m\u00fcssen wir regelm\u00e4\u00dfig entscheiden, wie viel Home Office wir gew\u00e4hren sollen. Wir m\u00fcssen das in den Firmen entscheiden, die uns anvertraut wurden, und auch f\u00fcr uns selber, ist es doch zunehmend \u00fcblich, dass auch Manager:innen nicht f\u00fcnf Tage vor Ort sind. Prof. Dr. Yasmin Wei\u00df, Professorin f\u00fcr Betriebswirtschaftslehre mit den Forschungsschwerpunkten [&hellip;]\" \/>\n<meta property=\"og:url\" content=\"https:\/\/mf.ag\/de\/artikel\/yasmin-weiss-erlaeutert-fuer-welche-fuenf-taetigkeiten-es-bei-wissensarbeitenden-effektiver-ist-gemeinsam-im-buero-zu-arbeiten-statt-remote\/\" \/>\n<meta property=\"og:site_name\" content=\"Management Factory\" \/>\n<meta property=\"article:published_time\" content=\"2024-01-04T13:08:14+00:00\" \/>\n<meta property=\"article:modified_time\" content=\"2025-03-03T14:04:34+00:00\" \/>\n<meta property=\"og:image\" content=\"https:\/\/mf.ag\/wp-content\/uploads\/2024\/01\/\u201eValtus-gibt-aelteren-Fuehrungskraeften-ihren-Wert-zurueck.-Philippe-Soullier-Gruender-von-Valtus-8.png\" \/>\n\t<meta property=\"og:image:width\" content=\"1920\" \/>\n\t<meta property=\"og:image:height\" content=\"1080\" \/>\n\t<meta property=\"og:image:type\" content=\"image\/png\" \/>\n<meta name=\"author\" content=\"VALTUS Management Factory\" \/>\n<meta name=\"twitter:card\" content=\"summary_large_image\" \/>\n<meta name=\"twitter:label1\" content=\"Verfasst von\" \/>\n\t<meta name=\"twitter:data1\" content=\"VALTUS Management Factory\" \/>\n\t<meta name=\"twitter:label2\" content=\"Gesch\u00e4tzte Lesezeit\" \/>\n\t<meta name=\"twitter:data2\" content=\"3\u00a0Minuten\" \/>\n<script type=\"application\/ld+json\" class=\"yoast-schema-graph\">{\"@context\":\"https:\\\/\\\/schema.org\",\"@graph\":[{\"@type\":\"Article\",\"@id\":\"https:\\\/\\\/mf.ag\\\/de\\\/artikel\\\/yasmin-weiss-erlaeutert-fuer-welche-fuenf-taetigkeiten-es-bei-wissensarbeitenden-effektiver-ist-gemeinsam-im-buero-zu-arbeiten-statt-remote\\\/#article\",\"isPartOf\":{\"@id\":\"https:\\\/\\\/mf.ag\\\/de\\\/artikel\\\/yasmin-weiss-erlaeutert-fuer-welche-fuenf-taetigkeiten-es-bei-wissensarbeitenden-effektiver-ist-gemeinsam-im-buero-zu-arbeiten-statt-remote\\\/\"},\"author\":{\"name\":\"VALTUS Management Factory\",\"@id\":\"https:\\\/\\\/mf.ag\\\/de\\\/#\\\/schema\\\/person\\\/1b1a766599b72b46cce17aecef0a2280\"},\"headline\":\"Yasmin Weiss erl\u00e4utert, f\u00fcr welche f\u00fcnf T\u00e4tigkeiten es bei Wissensarbeitenden effektiver ist, gemeinsam im B\u00fcro zu arbeiten statt remote.\",\"datePublished\":\"2024-01-04T13:08:14+00:00\",\"dateModified\":\"2025-03-03T14:04:34+00:00\",\"mainEntityOfPage\":{\"@id\":\"https:\\\/\\\/mf.ag\\\/de\\\/artikel\\\/yasmin-weiss-erlaeutert-fuer-welche-fuenf-taetigkeiten-es-bei-wissensarbeitenden-effektiver-ist-gemeinsam-im-buero-zu-arbeiten-statt-remote\\\/\"},\"wordCount\":449,\"publisher\":{\"@id\":\"https:\\\/\\\/mf.ag\\\/de\\\/#organization\"},\"image\":{\"@id\":\"https:\\\/\\\/mf.ag\\\/de\\\/artikel\\\/yasmin-weiss-erlaeutert-fuer-welche-fuenf-taetigkeiten-es-bei-wissensarbeitenden-effektiver-ist-gemeinsam-im-buero-zu-arbeiten-statt-remote\\\/#primaryimage\"},\"thumbnailUrl\":\"https:\\\/\\\/mf.ag\\\/wp-content\\\/uploads\\\/2024\\\/01\\\/\u201eValtus-gibt-aelteren-Fuehrungskraeften-ihren-Wert-zurueck.-Philippe-Soullier-Gruender-von-Valtus-8.png\",\"keywords\":[\"Future of work\",\"HomeOffice\",\"HR\",\"Interim Management\"],\"articleSection\":[\"Artikel\"],\"inLanguage\":\"de\"},{\"@type\":\"WebPage\",\"@id\":\"https:\\\/\\\/mf.ag\\\/de\\\/artikel\\\/yasmin-weiss-erlaeutert-fuer-welche-fuenf-taetigkeiten-es-bei-wissensarbeitenden-effektiver-ist-gemeinsam-im-buero-zu-arbeiten-statt-remote\\\/\",\"url\":\"https:\\\/\\\/mf.ag\\\/de\\\/artikel\\\/yasmin-weiss-erlaeutert-fuer-welche-fuenf-taetigkeiten-es-bei-wissensarbeitenden-effektiver-ist-gemeinsam-im-buero-zu-arbeiten-statt-remote\\\/\",\"name\":\"Yasmin Weiss erl\u00e4utert, f\u00fcr welche f\u00fcnf T\u00e4tigkeiten es bei Wissensarbeitenden effektiver ist, gemeinsam im B\u00fcro zu arbeiten statt remote. &#187; Management Factory\",\"isPartOf\":{\"@id\":\"https:\\\/\\\/mf.ag\\\/de\\\/#website\"},\"primaryImageOfPage\":{\"@id\":\"https:\\\/\\\/mf.ag\\\/de\\\/artikel\\\/yasmin-weiss-erlaeutert-fuer-welche-fuenf-taetigkeiten-es-bei-wissensarbeitenden-effektiver-ist-gemeinsam-im-buero-zu-arbeiten-statt-remote\\\/#primaryimage\"},\"image\":{\"@id\":\"https:\\\/\\\/mf.ag\\\/de\\\/artikel\\\/yasmin-weiss-erlaeutert-fuer-welche-fuenf-taetigkeiten-es-bei-wissensarbeitenden-effektiver-ist-gemeinsam-im-buero-zu-arbeiten-statt-remote\\\/#primaryimage\"},\"thumbnailUrl\":\"https:\\\/\\\/mf.ag\\\/wp-content\\\/uploads\\\/2024\\\/01\\\/\u201eValtus-gibt-aelteren-Fuehrungskraeften-ihren-Wert-zurueck.-Philippe-Soullier-Gruender-von-Valtus-8.png\",\"datePublished\":\"2024-01-04T13:08:14+00:00\",\"dateModified\":\"2025-03-03T14:04:34+00:00\",\"breadcrumb\":{\"@id\":\"https:\\\/\\\/mf.ag\\\/de\\\/artikel\\\/yasmin-weiss-erlaeutert-fuer-welche-fuenf-taetigkeiten-es-bei-wissensarbeitenden-effektiver-ist-gemeinsam-im-buero-zu-arbeiten-statt-remote\\\/#breadcrumb\"},\"inLanguage\":\"de\",\"potentialAction\":[{\"@type\":\"ReadAction\",\"target\":[\"https:\\\/\\\/mf.ag\\\/de\\\/artikel\\\/yasmin-weiss-erlaeutert-fuer-welche-fuenf-taetigkeiten-es-bei-wissensarbeitenden-effektiver-ist-gemeinsam-im-buero-zu-arbeiten-statt-remote\\\/\"]}]},{\"@type\":\"ImageObject\",\"inLanguage\":\"de\",\"@id\":\"https:\\\/\\\/mf.ag\\\/de\\\/artikel\\\/yasmin-weiss-erlaeutert-fuer-welche-fuenf-taetigkeiten-es-bei-wissensarbeitenden-effektiver-ist-gemeinsam-im-buero-zu-arbeiten-statt-remote\\\/#primaryimage\",\"url\":\"https:\\\/\\\/mf.ag\\\/wp-content\\\/uploads\\\/2024\\\/01\\\/\u201eValtus-gibt-aelteren-Fuehrungskraeften-ihren-Wert-zurueck.-Philippe-Soullier-Gruender-von-Valtus-8.png\",\"contentUrl\":\"https:\\\/\\\/mf.ag\\\/wp-content\\\/uploads\\\/2024\\\/01\\\/\u201eValtus-gibt-aelteren-Fuehrungskraeften-ihren-Wert-zurueck.-Philippe-Soullier-Gruender-von-Valtus-8.png\",\"width\":1920,\"height\":1080},{\"@type\":\"BreadcrumbList\",\"@id\":\"https:\\\/\\\/mf.ag\\\/de\\\/artikel\\\/yasmin-weiss-erlaeutert-fuer-welche-fuenf-taetigkeiten-es-bei-wissensarbeitenden-effektiver-ist-gemeinsam-im-buero-zu-arbeiten-statt-remote\\\/#breadcrumb\",\"itemListElement\":[{\"@type\":\"ListItem\",\"position\":1,\"name\":\"Home\",\"item\":\"https:\\\/\\\/mf.ag\\\/de\\\/\"},{\"@type\":\"ListItem\",\"position\":2,\"name\":\"Yasmin Weiss erl\u00e4utert, f\u00fcr welche f\u00fcnf T\u00e4tigkeiten es bei Wissensarbeitenden effektiver ist, gemeinsam im B\u00fcro zu arbeiten statt remote.\"}]},{\"@type\":\"WebSite\",\"@id\":\"https:\\\/\\\/mf.ag\\\/de\\\/#website\",\"url\":\"https:\\\/\\\/mf.ag\\\/de\\\/\",\"name\":\"Management Factory\",\"description\":\"Mit Executive Interim Management und Financial Advisory das Gesch\u00e4ft voranbringen\",\"publisher\":{\"@id\":\"https:\\\/\\\/mf.ag\\\/de\\\/#organization\"},\"potentialAction\":[{\"@type\":\"SearchAction\",\"target\":{\"@type\":\"EntryPoint\",\"urlTemplate\":\"https:\\\/\\\/mf.ag\\\/de\\\/?s={search_term_string}\"},\"query-input\":{\"@type\":\"PropertyValueSpecification\",\"valueRequired\":true,\"valueName\":\"search_term_string\"}}],\"inLanguage\":\"de\"},{\"@type\":\"Organization\",\"@id\":\"https:\\\/\\\/mf.ag\\\/de\\\/#organization\",\"name\":\"Management Factory\",\"url\":\"https:\\\/\\\/mf.ag\\\/de\\\/\",\"logo\":{\"@type\":\"ImageObject\",\"inLanguage\":\"de\",\"@id\":\"https:\\\/\\\/mf.ag\\\/de\\\/#\\\/schema\\\/logo\\\/image\\\/\",\"url\":\"\",\"contentUrl\":\"\",\"caption\":\"Management Factory\"},\"image\":{\"@id\":\"https:\\\/\\\/mf.ag\\\/de\\\/#\\\/schema\\\/logo\\\/image\\\/\"}},{\"@type\":\"Person\",\"@id\":\"https:\\\/\\\/mf.ag\\\/de\\\/#\\\/schema\\\/person\\\/1b1a766599b72b46cce17aecef0a2280\",\"name\":\"VALTUS Management Factory\",\"image\":{\"@type\":\"ImageObject\",\"inLanguage\":\"de\",\"@id\":\"https:\\\/\\\/secure.gravatar.com\\\/avatar\\\/2e920f1a23e073db8a64336053afe342ca0876d1bcaeba2cb8be10b4812cf9de?s=96&r=g\",\"url\":\"https:\\\/\\\/secure.gravatar.com\\\/avatar\\\/2e920f1a23e073db8a64336053afe342ca0876d1bcaeba2cb8be10b4812cf9de?s=96&r=g\",\"contentUrl\":\"https:\\\/\\\/secure.gravatar.com\\\/avatar\\\/2e920f1a23e073db8a64336053afe342ca0876d1bcaeba2cb8be10b4812cf9de?s=96&r=g\",\"caption\":\"VALTUS Management Factory\"},\"description\":\"VALTUS Management Factory ist ein f\u00fchrendes Unternehmen f\u00fcr Executive Interim Management, Financial Advisory und Restrukturierung in \u00d6sterreich und unterst\u00fctzt Organisationen in Transformations-, Wachstums- und Krisensituationen mit erfahrenen F\u00fchrungspers\u00f6nlichkeiten. Als Teil der internationalen Valtus Group verbindet das Unternehmen operative Umsetzungskompetenz mit globaler Management- und Restrukturierungsexpertise.\",\"url\":\"https:\\\/\\\/mf.ag\\\/de\\\/author\\\/managementfactory\\\/\"}]}<\/script>\n<!-- \/ Yoast SEO Premium plugin. -->","yoast_head_json":{"title":"Yasmin Weiss erl\u00e4utert, f\u00fcr welche f\u00fcnf T\u00e4tigkeiten es bei Wissensarbeitenden effektiver ist, gemeinsam im B\u00fcro zu arbeiten statt remote. &#187; Management Factory","robots":{"index":"index","follow":"follow","max-snippet":"max-snippet:-1","max-image-preview":"max-image-preview:large","max-video-preview":"max-video-preview:-1"},"canonical":"https:\/\/mf.ag\/de\/artikel\/yasmin-weiss-erlaeutert-fuer-welche-fuenf-taetigkeiten-es-bei-wissensarbeitenden-effektiver-ist-gemeinsam-im-buero-zu-arbeiten-statt-remote\/","og_locale":"de_DE","og_type":"article","og_title":"Yasmin Weiss erl\u00e4utert, f\u00fcr welche f\u00fcnf T\u00e4tigkeiten es bei Wissensarbeitenden effektiver ist, gemeinsam im B\u00fcro zu arbeiten statt remote.","og_description":"Als Executive Interim Manager:innen m\u00fcssen wir regelm\u00e4\u00dfig entscheiden, wie viel Home Office wir gew\u00e4hren sollen. Wir m\u00fcssen das in den Firmen entscheiden, die uns anvertraut wurden, und auch f\u00fcr uns selber, ist es doch zunehmend \u00fcblich, dass auch Manager:innen nicht f\u00fcnf Tage vor Ort sind. Prof. Dr. Yasmin Wei\u00df, Professorin f\u00fcr Betriebswirtschaftslehre mit den Forschungsschwerpunkten [&hellip;]","og_url":"https:\/\/mf.ag\/de\/artikel\/yasmin-weiss-erlaeutert-fuer-welche-fuenf-taetigkeiten-es-bei-wissensarbeitenden-effektiver-ist-gemeinsam-im-buero-zu-arbeiten-statt-remote\/","og_site_name":"Management Factory","article_published_time":"2024-01-04T13:08:14+00:00","article_modified_time":"2025-03-03T14:04:34+00:00","og_image":[{"width":1920,"height":1080,"url":"https:\/\/mf.ag\/wp-content\/uploads\/2024\/01\/\u201eValtus-gibt-aelteren-Fuehrungskraeften-ihren-Wert-zurueck.-Philippe-Soullier-Gruender-von-Valtus-8.png","type":"image\/png"}],"author":"VALTUS Management Factory","twitter_card":"summary_large_image","twitter_misc":{"Verfasst von":"VALTUS Management Factory","Gesch\u00e4tzte Lesezeit":"3\u00a0Minuten"},"schema":{"@context":"https:\/\/schema.org","@graph":[{"@type":"Article","@id":"https:\/\/mf.ag\/de\/artikel\/yasmin-weiss-erlaeutert-fuer-welche-fuenf-taetigkeiten-es-bei-wissensarbeitenden-effektiver-ist-gemeinsam-im-buero-zu-arbeiten-statt-remote\/#article","isPartOf":{"@id":"https:\/\/mf.ag\/de\/artikel\/yasmin-weiss-erlaeutert-fuer-welche-fuenf-taetigkeiten-es-bei-wissensarbeitenden-effektiver-ist-gemeinsam-im-buero-zu-arbeiten-statt-remote\/"},"author":{"name":"VALTUS Management Factory","@id":"https:\/\/mf.ag\/de\/#\/schema\/person\/1b1a766599b72b46cce17aecef0a2280"},"headline":"Yasmin Weiss erl\u00e4utert, f\u00fcr welche f\u00fcnf T\u00e4tigkeiten es bei Wissensarbeitenden effektiver ist, gemeinsam im B\u00fcro zu arbeiten statt remote.","datePublished":"2024-01-04T13:08:14+00:00","dateModified":"2025-03-03T14:04:34+00:00","mainEntityOfPage":{"@id":"https:\/\/mf.ag\/de\/artikel\/yasmin-weiss-erlaeutert-fuer-welche-fuenf-taetigkeiten-es-bei-wissensarbeitenden-effektiver-ist-gemeinsam-im-buero-zu-arbeiten-statt-remote\/"},"wordCount":449,"publisher":{"@id":"https:\/\/mf.ag\/de\/#organization"},"image":{"@id":"https:\/\/mf.ag\/de\/artikel\/yasmin-weiss-erlaeutert-fuer-welche-fuenf-taetigkeiten-es-bei-wissensarbeitenden-effektiver-ist-gemeinsam-im-buero-zu-arbeiten-statt-remote\/#primaryimage"},"thumbnailUrl":"https:\/\/mf.ag\/wp-content\/uploads\/2024\/01\/\u201eValtus-gibt-aelteren-Fuehrungskraeften-ihren-Wert-zurueck.-Philippe-Soullier-Gruender-von-Valtus-8.png","keywords":["Future of work","HomeOffice","HR","Interim Management"],"articleSection":["Artikel"],"inLanguage":"de"},{"@type":"WebPage","@id":"https:\/\/mf.ag\/de\/artikel\/yasmin-weiss-erlaeutert-fuer-welche-fuenf-taetigkeiten-es-bei-wissensarbeitenden-effektiver-ist-gemeinsam-im-buero-zu-arbeiten-statt-remote\/","url":"https:\/\/mf.ag\/de\/artikel\/yasmin-weiss-erlaeutert-fuer-welche-fuenf-taetigkeiten-es-bei-wissensarbeitenden-effektiver-ist-gemeinsam-im-buero-zu-arbeiten-statt-remote\/","name":"Yasmin Weiss erl\u00e4utert, f\u00fcr welche f\u00fcnf T\u00e4tigkeiten es bei Wissensarbeitenden effektiver ist, gemeinsam im B\u00fcro zu arbeiten statt remote. &#187; Management Factory","isPartOf":{"@id":"https:\/\/mf.ag\/de\/#website"},"primaryImageOfPage":{"@id":"https:\/\/mf.ag\/de\/artikel\/yasmin-weiss-erlaeutert-fuer-welche-fuenf-taetigkeiten-es-bei-wissensarbeitenden-effektiver-ist-gemeinsam-im-buero-zu-arbeiten-statt-remote\/#primaryimage"},"image":{"@id":"https:\/\/mf.ag\/de\/artikel\/yasmin-weiss-erlaeutert-fuer-welche-fuenf-taetigkeiten-es-bei-wissensarbeitenden-effektiver-ist-gemeinsam-im-buero-zu-arbeiten-statt-remote\/#primaryimage"},"thumbnailUrl":"https:\/\/mf.ag\/wp-content\/uploads\/2024\/01\/\u201eValtus-gibt-aelteren-Fuehrungskraeften-ihren-Wert-zurueck.-Philippe-Soullier-Gruender-von-Valtus-8.png","datePublished":"2024-01-04T13:08:14+00:00","dateModified":"2025-03-03T14:04:34+00:00","breadcrumb":{"@id":"https:\/\/mf.ag\/de\/artikel\/yasmin-weiss-erlaeutert-fuer-welche-fuenf-taetigkeiten-es-bei-wissensarbeitenden-effektiver-ist-gemeinsam-im-buero-zu-arbeiten-statt-remote\/#breadcrumb"},"inLanguage":"de","potentialAction":[{"@type":"ReadAction","target":["https:\/\/mf.ag\/de\/artikel\/yasmin-weiss-erlaeutert-fuer-welche-fuenf-taetigkeiten-es-bei-wissensarbeitenden-effektiver-ist-gemeinsam-im-buero-zu-arbeiten-statt-remote\/"]}]},{"@type":"ImageObject","inLanguage":"de","@id":"https:\/\/mf.ag\/de\/artikel\/yasmin-weiss-erlaeutert-fuer-welche-fuenf-taetigkeiten-es-bei-wissensarbeitenden-effektiver-ist-gemeinsam-im-buero-zu-arbeiten-statt-remote\/#primaryimage","url":"https:\/\/mf.ag\/wp-content\/uploads\/2024\/01\/\u201eValtus-gibt-aelteren-Fuehrungskraeften-ihren-Wert-zurueck.-Philippe-Soullier-Gruender-von-Valtus-8.png","contentUrl":"https:\/\/mf.ag\/wp-content\/uploads\/2024\/01\/\u201eValtus-gibt-aelteren-Fuehrungskraeften-ihren-Wert-zurueck.-Philippe-Soullier-Gruender-von-Valtus-8.png","width":1920,"height":1080},{"@type":"BreadcrumbList","@id":"https:\/\/mf.ag\/de\/artikel\/yasmin-weiss-erlaeutert-fuer-welche-fuenf-taetigkeiten-es-bei-wissensarbeitenden-effektiver-ist-gemeinsam-im-buero-zu-arbeiten-statt-remote\/#breadcrumb","itemListElement":[{"@type":"ListItem","position":1,"name":"Home","item":"https:\/\/mf.ag\/de\/"},{"@type":"ListItem","position":2,"name":"Yasmin Weiss erl\u00e4utert, f\u00fcr welche f\u00fcnf T\u00e4tigkeiten es bei Wissensarbeitenden effektiver ist, gemeinsam im B\u00fcro zu arbeiten statt remote."}]},{"@type":"WebSite","@id":"https:\/\/mf.ag\/de\/#website","url":"https:\/\/mf.ag\/de\/","name":"Management Factory","description":"Mit Executive Interim Management und Financial Advisory das Gesch\u00e4ft voranbringen","publisher":{"@id":"https:\/\/mf.ag\/de\/#organization"},"potentialAction":[{"@type":"SearchAction","target":{"@type":"EntryPoint","urlTemplate":"https:\/\/mf.ag\/de\/?s={search_term_string}"},"query-input":{"@type":"PropertyValueSpecification","valueRequired":true,"valueName":"search_term_string"}}],"inLanguage":"de"},{"@type":"Organization","@id":"https:\/\/mf.ag\/de\/#organization","name":"Management Factory","url":"https:\/\/mf.ag\/de\/","logo":{"@type":"ImageObject","inLanguage":"de","@id":"https:\/\/mf.ag\/de\/#\/schema\/logo\/image\/","url":"","contentUrl":"","caption":"Management Factory"},"image":{"@id":"https:\/\/mf.ag\/de\/#\/schema\/logo\/image\/"}},{"@type":"Person","@id":"https:\/\/mf.ag\/de\/#\/schema\/person\/1b1a766599b72b46cce17aecef0a2280","name":"VALTUS Management Factory","image":{"@type":"ImageObject","inLanguage":"de","@id":"https:\/\/secure.gravatar.com\/avatar\/2e920f1a23e073db8a64336053afe342ca0876d1bcaeba2cb8be10b4812cf9de?s=96&r=g","url":"https:\/\/secure.gravatar.com\/avatar\/2e920f1a23e073db8a64336053afe342ca0876d1bcaeba2cb8be10b4812cf9de?s=96&r=g","contentUrl":"https:\/\/secure.gravatar.com\/avatar\/2e920f1a23e073db8a64336053afe342ca0876d1bcaeba2cb8be10b4812cf9de?s=96&r=g","caption":"VALTUS Management Factory"},"description":"VALTUS Management Factory ist ein f\u00fchrendes Unternehmen f\u00fcr Executive Interim Management, Financial Advisory und Restrukturierung in \u00d6sterreich und unterst\u00fctzt Organisationen in Transformations-, Wachstums- und Krisensituationen mit erfahrenen F\u00fchrungspers\u00f6nlichkeiten. Als Teil der internationalen Valtus Group verbindet das Unternehmen operative Umsetzungskompetenz mit globaler Management- und Restrukturierungsexpertise.","url":"https:\/\/mf.ag\/de\/author\/managementfactory\/"}]}},"_links":{"self":[{"href":"https:\/\/mf.ag\/de\/wp-json\/wp\/v2\/posts\/55043","targetHints":{"allow":["GET"]}}],"collection":[{"href":"https:\/\/mf.ag\/de\/wp-json\/wp\/v2\/posts"}],"about":[{"href":"https:\/\/mf.ag\/de\/wp-json\/wp\/v2\/types\/post"}],"author":[{"embeddable":true,"href":"https:\/\/mf.ag\/de\/wp-json\/wp\/v2\/users\/32"}],"replies":[{"embeddable":true,"href":"https:\/\/mf.ag\/de\/wp-json\/wp\/v2\/comments?post=55043"}],"version-history":[{"count":3,"href":"https:\/\/mf.ag\/de\/wp-json\/wp\/v2\/posts\/55043\/revisions"}],"predecessor-version":[{"id":59928,"href":"https:\/\/mf.ag\/de\/wp-json\/wp\/v2\/posts\/55043\/revisions\/59928"}],"wp:featuredmedia":[{"embeddable":true,"href":"https:\/\/mf.ag\/de\/wp-json\/wp\/v2\/media\/55044"}],"wp:attachment":[{"href":"https:\/\/mf.ag\/de\/wp-json\/wp\/v2\/media?parent=55043"}],"wp:term":[{"taxonomy":"category","embeddable":true,"href":"https:\/\/mf.ag\/de\/wp-json\/wp\/v2\/categories?post=55043"},{"taxonomy":"post_tag","embeddable":true,"href":"https:\/\/mf.ag\/de\/wp-json\/wp\/v2\/tags?post=55043"}],"curies":[{"name":"wp","href":"https:\/\/api.w.org\/{rel}","templated":true}]}}