{"id":54169,"date":"2023-05-19T20:53:00","date_gmt":"2023-05-19T18:53:00","guid":{"rendered":"https:\/\/mf.ag\/?p=54169"},"modified":"2024-02-19T14:42:41","modified_gmt":"2024-02-19T13:42:41","slug":"bonusse-fuer-interim-managerinnen-selbstverstaendlich","status":"publish","type":"post","link":"https:\/\/mf.ag\/de\/artikel\/bonusse-fuer-interim-managerinnen-selbstverstaendlich\/","title":{"rendered":"Bonusse f\u00fcr Interim Manager:innen? Selbstverst\u00e4ndlich!"},"content":{"rendered":"\n<p class=\"has-medium-font-size\">In der aktuellen Umfrage des AIMP &#8211; Arbeitskreis Interim Management Provider wurde abgefragt, ob die Provider eine variable und erfolgsabh\u00e4ngige Komponente des Tagsatzes bei Interim Projekten als sinnvoll erachten.<em> <\/em><\/p>\n\n\n\n<p class=\"has-medium-font-size\">Ergebnis:<em> 79\u00a0%<\/em> der Provider sehen Boni als wenig bzw. \u00fcberhaupt nicht sinnvoll an. Dieses Ergebnis hat einen unserer Marktbegleiter sogar dazu veranlasst, folgendes auf LinkedIn zu posten: \u201eDas ist ein Dauerthema, meist von Seiten der Kunden und Unternehmen. Fast <em>80\u00a0%<\/em>, also die \u00fcberwiegende Mehrheit, sehen das wenig bis gar nicht sinnvoll. So wichtig eine variable Verg\u00fctung f\u00fcr fest angestellte Manager ist. F\u00fcr den Interim Management Einsatz ist es nur gering anwendbar.&#8220;<\/p>\n\n\n\n<p class=\"has-medium-font-size\">Wir bei der Management Factory sehen und praktizieren das seit Jahren anders, h\u00e4lt Gerhard W\u00fcest, Gr\u00fcndungspartner der Management Factory, fest. Variable und erfolgsabh\u00e4ngige Komponenten sind bei Executive Interim Manager:innen genauso sinnvoll wie bei fix angestellten F\u00fchrungskr\u00e4ften, geht es doch in beiden F\u00e4llen um die Sicherstellung sich deckender Ziele, also um die Sicherstellung von Alignment im klassischen Principle-Agent Problem. Konkret vereinbaren wir mit unseren Kund:innen und unseren Manager:innen seit vielen Jahren drei Arten von Pr\u00e4mien:<\/p>\n\n\n\n<p><strong>1) Bestehendes Pr\u00e4miensystem<\/strong><\/p>\n\n\n\n<p>Anwendung der im Unternehmen \u00fcblichen Bonusregelung im C-Level Bereich auch f\u00fcr Interim Manager:innen, d.h. wenn wir einen CEO, CFO oder COO stellen, dann \u00fcbernehmen wir die ohnehin existierende Bonuslogik des Unternehmens f\u00fcr ebendiese Positionen (meist EBITDA oder EBIT basierter Bonus).<\/p>\n\n\n\n<p><strong>2) Transaktionspr\u00e4mie<\/strong><\/p>\n\n\n\n<p>Mitunter greifen unsere Kunden f\u00fcr einen M&amp;A Deal auf Interim Manager:innen der Management Factory zur\u00fcck. Hier ist ein Split in einen Retainer (fixes Basisentgelt) und einen Transaction Bonus (erfolgsabh\u00e4ngige Tangente) \u00fcblich und sinnvoll.<\/p>\n\n\n\n<p><strong>3) Bonus f\u00fcr Projekte<\/strong><\/p>\n\n\n\n<p>Unsere Manager:innen werden von Unternehmer:innen engagiert, um konkrete Aufgabenstellungen zu l\u00f6sen (Restrukturierung, Transformation oder Umsetzung eines bestimmten Programms bzw. Projekts). Wenn die Ziele des Projekts klar definiert und gut quantifizierbar sind, dann spricht nichts gegen eine Pr\u00e4mienvereinbarung.<\/p>\n\n\n\n<p><\/p>\n\n\n\n<p>Das sehen unsere Kund:innen so und wir auch. Wenn herausfordernde Ziele erreicht werden, dann sollen beide Seiten etwas davon haben.<\/p>\n","protected":false},"excerpt":{"rendered":"<p>In der aktuellen Umfrage des AIMP &#8211; Arbeitskreis Interim Management Provider wurde abgefragt, ob die Provider eine variable und erfolgsabh\u00e4ngige Komponente des Tagsatzes bei Interim Projekten als sinnvoll erachten. Ergebnis: 79\u00a0% der Provider sehen Boni als wenig bzw. \u00fcberhaupt nicht sinnvoll an. Dieses Ergebnis hat einen unserer Marktbegleiter sogar dazu veranlasst, folgendes auf LinkedIn zu [&hellip;]<\/p>\n","protected":false},"author":28,"featured_media":54170,"comment_status":"closed","ping_status":"closed","sticky":false,"template":"","format":"standard","meta":{"inline_featured_image":false,"footnotes":""},"categories":[3268],"tags":[3663,3664,3372,3288,3660,3662],"class_list":["post-54169","post","type-post","status-publish","format-standard","has-post-thumbnail","hentry","category-artikel","tag-bonus","tag-insight","tag-interim-management-3","tag-ma-3","tag-praemie","tag-ziele-2"],"featured_image_urls_v2":{"full":["https:\/\/mf.ag\/wp-content\/uploads\/2023\/10\/Insights-Gerhard-Wueest-scaled.jpg",2560,1440,false],"thumbnail":["https:\/\/mf.ag\/wp-content\/uploads\/2023\/10\/Insights-Gerhard-Wueest-250x250.jpg",250,250,true],"medium":["https:\/\/mf.ag\/wp-content\/uploads\/2023\/10\/Insights-Gerhard-Wueest-300x169.jpg",300,169,true],"medium_large":["https:\/\/mf.ag\/wp-content\/uploads\/2023\/10\/Insights-Gerhard-Wueest-768x432.jpg",768,432,true],"large":["https:\/\/mf.ag\/wp-content\/uploads\/2023\/10\/Insights-Gerhard-Wueest-1024x576.jpg",1024,576,true],"1536x1536":["https:\/\/mf.ag\/wp-content\/uploads\/2023\/10\/Insights-Gerhard-Wueest-1536x864.jpg",1536,864,true],"2048x2048":["https:\/\/mf.ag\/wp-content\/uploads\/2023\/10\/Insights-Gerhard-Wueest-2048x1152.jpg",2048,1152,true],"gform-image-choice-sm":["https:\/\/mf.ag\/wp-content\/uploads\/2023\/10\/Insights-Gerhard-Wueest-scaled.jpg",300,169,false],"gform-image-choice-md":["https:\/\/mf.ag\/wp-content\/uploads\/2023\/10\/Insights-Gerhard-Wueest-scaled.jpg",400,225,false],"gform-image-choice-lg":["https:\/\/mf.ag\/wp-content\/uploads\/2023\/10\/Insights-Gerhard-Wueest-scaled.jpg",600,338,false],"profile_24":["https:\/\/mf.ag\/wp-content\/uploads\/2023\/10\/Insights-Gerhard-Wueest-24x24.jpg",24,24,true],"profile_48":["https:\/\/mf.ag\/wp-content\/uploads\/2023\/10\/Insights-Gerhard-Wueest-48x48.jpg",48,48,true],"profile_96":["https:\/\/mf.ag\/wp-content\/uploads\/2023\/10\/Insights-Gerhard-Wueest-96x96.jpg",96,96,true],"profile_150":["https:\/\/mf.ag\/wp-content\/uploads\/2023\/10\/Insights-Gerhard-Wueest-150x150.jpg",150,150,true],"profile_300":["https:\/\/mf.ag\/wp-content\/uploads\/2023\/10\/Insights-Gerhard-Wueest-300x300.jpg",300,300,true]},"post_excerpt_stackable_v2":"<p>In der aktuellen Umfrage des AIMP &#8211; Arbeitskreis Interim Management Provider wurde abgefragt, ob die Provider eine variable und erfolgsabh\u00e4ngige Komponente des Tagsatzes bei Interim Projekten als sinnvoll erachten. Ergebnis: 79\u00a0% der Provider sehen Boni als wenig bzw. \u00fcberhaupt nicht sinnvoll an. Dieses Ergebnis hat einen unserer Marktbegleiter sogar dazu veranlasst, folgendes auf LinkedIn zu posten: \u201eDas ist ein Dauerthema, meist von Seiten der Kunden und Unternehmen. Fast 80\u00a0%, also die \u00fcberwiegende Mehrheit, sehen das wenig bis gar nicht sinnvoll. So wichtig eine variable Verg\u00fctung f\u00fcr fest angestellte Manager ist. F\u00fcr den Interim Management Einsatz ist es nur gering anwendbar.&#8220;&hellip;<\/p>\n","category_list_v2":"<a href=\"https:\/\/mf.ag\/de\/category\/artikel\/\" rel=\"category tag\">Artikel<\/a>","author_info_v2":{"name":"Gerhard W\u00fcest","url":"https:\/\/mf.ag\/de\/author\/gerhard\/"},"comments_num_v2":"0 comments","yoast_head":"<!-- This site is optimized with the Yoast SEO Premium plugin v25.8 (Yoast SEO v27.5) - https:\/\/yoast.com\/product\/yoast-seo-premium-wordpress\/ -->\n<title>Bonusse f\u00fcr Interim Manager:innen? Selbstverst\u00e4ndlich! &#187; Management Factory<\/title>\n<meta name=\"robots\" content=\"index, follow, max-snippet:-1, max-image-preview:large, max-video-preview:-1\" \/>\n<link rel=\"canonical\" href=\"https:\/\/mf.ag\/de\/artikel\/bonusse-fuer-interim-managerinnen-selbstverstaendlich\/\" \/>\n<meta property=\"og:locale\" content=\"de_DE\" \/>\n<meta property=\"og:type\" content=\"article\" \/>\n<meta property=\"og:title\" content=\"Bonusse f\u00fcr Interim Manager:innen? Selbstverst\u00e4ndlich!\" \/>\n<meta property=\"og:description\" content=\"In der aktuellen Umfrage des AIMP &#8211; Arbeitskreis Interim Management Provider wurde abgefragt, ob die Provider eine variable und erfolgsabh\u00e4ngige Komponente des Tagsatzes bei Interim Projekten als sinnvoll erachten. Ergebnis: 79\u00a0% der Provider sehen Boni als wenig bzw. \u00fcberhaupt nicht sinnvoll an. Dieses Ergebnis hat einen unserer Marktbegleiter sogar dazu veranlasst, folgendes auf LinkedIn zu [&hellip;]\" \/>\n<meta property=\"og:url\" content=\"https:\/\/mf.ag\/de\/artikel\/bonusse-fuer-interim-managerinnen-selbstverstaendlich\/\" \/>\n<meta property=\"og:site_name\" content=\"Management Factory\" \/>\n<meta property=\"article:published_time\" content=\"2023-05-19T18:53:00+00:00\" \/>\n<meta property=\"article:modified_time\" content=\"2024-02-19T13:42:41+00:00\" \/>\n<meta property=\"og:image\" content=\"https:\/\/mf.ag\/wp-content\/uploads\/2023\/10\/Insights-Gerhard-Wueest-scaled.jpg\" \/>\n\t<meta property=\"og:image:width\" content=\"2560\" \/>\n\t<meta property=\"og:image:height\" content=\"1440\" \/>\n\t<meta property=\"og:image:type\" content=\"image\/jpeg\" \/>\n<meta name=\"author\" content=\"Gerhard W\u00fcest\" \/>\n<meta name=\"twitter:card\" content=\"summary_large_image\" \/>\n<meta name=\"twitter:label1\" content=\"Verfasst von\" \/>\n\t<meta name=\"twitter:data1\" content=\"Gerhard W\u00fcest\" \/>\n\t<meta name=\"twitter:label2\" content=\"Gesch\u00e4tzte Lesezeit\" \/>\n\t<meta name=\"twitter:data2\" content=\"2\u00a0Minuten\" \/>\n<script type=\"application\/ld+json\" class=\"yoast-schema-graph\">{\"@context\":\"https:\\\/\\\/schema.org\",\"@graph\":[{\"@type\":\"Article\",\"@id\":\"https:\\\/\\\/mf.ag\\\/de\\\/artikel\\\/bonusse-fuer-interim-managerinnen-selbstverstaendlich\\\/#article\",\"isPartOf\":{\"@id\":\"https:\\\/\\\/mf.ag\\\/de\\\/artikel\\\/bonusse-fuer-interim-managerinnen-selbstverstaendlich\\\/\"},\"author\":{\"name\":\"Gerhard W\u00fcest\",\"@id\":\"https:\\\/\\\/mf.ag\\\/de\\\/#\\\/schema\\\/person\\\/e0253f645b23ddf6b33642cd0d93dbcc\"},\"headline\":\"Bonusse f\u00fcr Interim Manager:innen? Selbstverst\u00e4ndlich!\",\"datePublished\":\"2023-05-19T18:53:00+00:00\",\"dateModified\":\"2024-02-19T13:42:41+00:00\",\"mainEntityOfPage\":{\"@id\":\"https:\\\/\\\/mf.ag\\\/de\\\/artikel\\\/bonusse-fuer-interim-managerinnen-selbstverstaendlich\\\/\"},\"wordCount\":349,\"publisher\":{\"@id\":\"https:\\\/\\\/mf.ag\\\/de\\\/#organization\"},\"image\":{\"@id\":\"https:\\\/\\\/mf.ag\\\/de\\\/artikel\\\/bonusse-fuer-interim-managerinnen-selbstverstaendlich\\\/#primaryimage\"},\"thumbnailUrl\":\"https:\\\/\\\/mf.ag\\\/wp-content\\\/uploads\\\/2023\\\/10\\\/Insights-Gerhard-Wueest-scaled.jpg\",\"keywords\":[\"Bonus\",\"Insight\",\"Interim Management\",\"M&amp;A\",\"Pr\u00e4mie\",\"ZIele\"],\"articleSection\":[\"Artikel\"],\"inLanguage\":\"de\"},{\"@type\":\"WebPage\",\"@id\":\"https:\\\/\\\/mf.ag\\\/de\\\/artikel\\\/bonusse-fuer-interim-managerinnen-selbstverstaendlich\\\/\",\"url\":\"https:\\\/\\\/mf.ag\\\/de\\\/artikel\\\/bonusse-fuer-interim-managerinnen-selbstverstaendlich\\\/\",\"name\":\"Bonusse f\u00fcr Interim Manager:innen? Selbstverst\u00e4ndlich! &#187; Management Factory\",\"isPartOf\":{\"@id\":\"https:\\\/\\\/mf.ag\\\/de\\\/#website\"},\"primaryImageOfPage\":{\"@id\":\"https:\\\/\\\/mf.ag\\\/de\\\/artikel\\\/bonusse-fuer-interim-managerinnen-selbstverstaendlich\\\/#primaryimage\"},\"image\":{\"@id\":\"https:\\\/\\\/mf.ag\\\/de\\\/artikel\\\/bonusse-fuer-interim-managerinnen-selbstverstaendlich\\\/#primaryimage\"},\"thumbnailUrl\":\"https:\\\/\\\/mf.ag\\\/wp-content\\\/uploads\\\/2023\\\/10\\\/Insights-Gerhard-Wueest-scaled.jpg\",\"datePublished\":\"2023-05-19T18:53:00+00:00\",\"dateModified\":\"2024-02-19T13:42:41+00:00\",\"breadcrumb\":{\"@id\":\"https:\\\/\\\/mf.ag\\\/de\\\/artikel\\\/bonusse-fuer-interim-managerinnen-selbstverstaendlich\\\/#breadcrumb\"},\"inLanguage\":\"de\",\"potentialAction\":[{\"@type\":\"ReadAction\",\"target\":[\"https:\\\/\\\/mf.ag\\\/de\\\/artikel\\\/bonusse-fuer-interim-managerinnen-selbstverstaendlich\\\/\"]}]},{\"@type\":\"ImageObject\",\"inLanguage\":\"de\",\"@id\":\"https:\\\/\\\/mf.ag\\\/de\\\/artikel\\\/bonusse-fuer-interim-managerinnen-selbstverstaendlich\\\/#primaryimage\",\"url\":\"https:\\\/\\\/mf.ag\\\/wp-content\\\/uploads\\\/2023\\\/10\\\/Insights-Gerhard-Wueest-scaled.jpg\",\"contentUrl\":\"https:\\\/\\\/mf.ag\\\/wp-content\\\/uploads\\\/2023\\\/10\\\/Insights-Gerhard-Wueest-scaled.jpg\",\"width\":2560,\"height\":1440},{\"@type\":\"BreadcrumbList\",\"@id\":\"https:\\\/\\\/mf.ag\\\/de\\\/artikel\\\/bonusse-fuer-interim-managerinnen-selbstverstaendlich\\\/#breadcrumb\",\"itemListElement\":[{\"@type\":\"ListItem\",\"position\":1,\"name\":\"Home\",\"item\":\"https:\\\/\\\/mf.ag\\\/de\\\/\"},{\"@type\":\"ListItem\",\"position\":2,\"name\":\"Bonusse f\u00fcr Interim Manager:innen? Selbstverst\u00e4ndlich!\"}]},{\"@type\":\"WebSite\",\"@id\":\"https:\\\/\\\/mf.ag\\\/de\\\/#website\",\"url\":\"https:\\\/\\\/mf.ag\\\/de\\\/\",\"name\":\"Management Factory\",\"description\":\"Mit Executive Interim Management und Financial Advisory das Gesch\u00e4ft voranbringen\",\"publisher\":{\"@id\":\"https:\\\/\\\/mf.ag\\\/de\\\/#organization\"},\"potentialAction\":[{\"@type\":\"SearchAction\",\"target\":{\"@type\":\"EntryPoint\",\"urlTemplate\":\"https:\\\/\\\/mf.ag\\\/de\\\/?s={search_term_string}\"},\"query-input\":{\"@type\":\"PropertyValueSpecification\",\"valueRequired\":true,\"valueName\":\"search_term_string\"}}],\"inLanguage\":\"de\"},{\"@type\":\"Organization\",\"@id\":\"https:\\\/\\\/mf.ag\\\/de\\\/#organization\",\"name\":\"Management Factory\",\"url\":\"https:\\\/\\\/mf.ag\\\/de\\\/\",\"logo\":{\"@type\":\"ImageObject\",\"inLanguage\":\"de\",\"@id\":\"https:\\\/\\\/mf.ag\\\/de\\\/#\\\/schema\\\/logo\\\/image\\\/\",\"url\":\"\",\"contentUrl\":\"\",\"caption\":\"Management Factory\"},\"image\":{\"@id\":\"https:\\\/\\\/mf.ag\\\/de\\\/#\\\/schema\\\/logo\\\/image\\\/\"}},{\"@type\":\"Person\",\"@id\":\"https:\\\/\\\/mf.ag\\\/de\\\/#\\\/schema\\\/person\\\/e0253f645b23ddf6b33642cd0d93dbcc\",\"name\":\"Gerhard W\u00fcest\",\"image\":{\"@type\":\"ImageObject\",\"inLanguage\":\"de\",\"@id\":\"https:\\\/\\\/mf.ag\\\/wp-content\\\/uploads\\\/2017\\\/09\\\/csm_IMG_0191_8d83a5e162-1-96x96.jpg\",\"url\":\"https:\\\/\\\/mf.ag\\\/wp-content\\\/uploads\\\/2017\\\/09\\\/csm_IMG_0191_8d83a5e162-1-96x96.jpg\",\"contentUrl\":\"https:\\\/\\\/mf.ag\\\/wp-content\\\/uploads\\\/2017\\\/09\\\/csm_IMG_0191_8d83a5e162-1-96x96.jpg\",\"caption\":\"Gerhard W\u00fcest\"},\"description\":\"Gerhard W\u00fcest ist Partner bei der VALTUS Management Factory Corporate Advisory GmbH. Er hat Betriebswirtschaftslehre an der Wirtschaftsuniversit\u00e4t Wien und der Universit\u00e4t Illinois studiert. Er war Projektleiter bei Contrast Management Consulting (4 Jahre) und Principal bei Cap Gemini Ernst &amp; Young (3 Jahre). Au\u00dferdem war er als Dozent t\u00e4tig, hatte Managementmandate und Vorstandsposten inne.\",\"sameAs\":[\"https:\\\/\\\/mf.ag\\\/de\\\/gerhard-wueest\\\/\",\"https:\\\/\\\/www.linkedin.com\\\/in\\\/gerhard-west\\\/\"],\"url\":\"https:\\\/\\\/mf.ag\\\/de\\\/author\\\/gerhard\\\/\"}]}<\/script>\n<!-- \/ Yoast SEO Premium plugin. -->","yoast_head_json":{"title":"Bonusse f\u00fcr Interim Manager:innen? Selbstverst\u00e4ndlich! &#187; Management Factory","robots":{"index":"index","follow":"follow","max-snippet":"max-snippet:-1","max-image-preview":"max-image-preview:large","max-video-preview":"max-video-preview:-1"},"canonical":"https:\/\/mf.ag\/de\/artikel\/bonusse-fuer-interim-managerinnen-selbstverstaendlich\/","og_locale":"de_DE","og_type":"article","og_title":"Bonusse f\u00fcr Interim Manager:innen? Selbstverst\u00e4ndlich!","og_description":"In der aktuellen Umfrage des AIMP &#8211; Arbeitskreis Interim Management Provider wurde abgefragt, ob die Provider eine variable und erfolgsabh\u00e4ngige Komponente des Tagsatzes bei Interim Projekten als sinnvoll erachten. Ergebnis: 79\u00a0% der Provider sehen Boni als wenig bzw. \u00fcberhaupt nicht sinnvoll an. Dieses Ergebnis hat einen unserer Marktbegleiter sogar dazu veranlasst, folgendes auf LinkedIn zu [&hellip;]","og_url":"https:\/\/mf.ag\/de\/artikel\/bonusse-fuer-interim-managerinnen-selbstverstaendlich\/","og_site_name":"Management Factory","article_published_time":"2023-05-19T18:53:00+00:00","article_modified_time":"2024-02-19T13:42:41+00:00","og_image":[{"width":2560,"height":1440,"url":"https:\/\/mf.ag\/wp-content\/uploads\/2023\/10\/Insights-Gerhard-Wueest-scaled.jpg","type":"image\/jpeg"}],"author":"Gerhard W\u00fcest","twitter_card":"summary_large_image","twitter_misc":{"Verfasst von":"Gerhard W\u00fcest","Gesch\u00e4tzte Lesezeit":"2\u00a0Minuten"},"schema":{"@context":"https:\/\/schema.org","@graph":[{"@type":"Article","@id":"https:\/\/mf.ag\/de\/artikel\/bonusse-fuer-interim-managerinnen-selbstverstaendlich\/#article","isPartOf":{"@id":"https:\/\/mf.ag\/de\/artikel\/bonusse-fuer-interim-managerinnen-selbstverstaendlich\/"},"author":{"name":"Gerhard W\u00fcest","@id":"https:\/\/mf.ag\/de\/#\/schema\/person\/e0253f645b23ddf6b33642cd0d93dbcc"},"headline":"Bonusse f\u00fcr Interim Manager:innen? Selbstverst\u00e4ndlich!","datePublished":"2023-05-19T18:53:00+00:00","dateModified":"2024-02-19T13:42:41+00:00","mainEntityOfPage":{"@id":"https:\/\/mf.ag\/de\/artikel\/bonusse-fuer-interim-managerinnen-selbstverstaendlich\/"},"wordCount":349,"publisher":{"@id":"https:\/\/mf.ag\/de\/#organization"},"image":{"@id":"https:\/\/mf.ag\/de\/artikel\/bonusse-fuer-interim-managerinnen-selbstverstaendlich\/#primaryimage"},"thumbnailUrl":"https:\/\/mf.ag\/wp-content\/uploads\/2023\/10\/Insights-Gerhard-Wueest-scaled.jpg","keywords":["Bonus","Insight","Interim Management","M&amp;A","Pr\u00e4mie","ZIele"],"articleSection":["Artikel"],"inLanguage":"de"},{"@type":"WebPage","@id":"https:\/\/mf.ag\/de\/artikel\/bonusse-fuer-interim-managerinnen-selbstverstaendlich\/","url":"https:\/\/mf.ag\/de\/artikel\/bonusse-fuer-interim-managerinnen-selbstverstaendlich\/","name":"Bonusse f\u00fcr Interim Manager:innen? Selbstverst\u00e4ndlich! &#187; Management Factory","isPartOf":{"@id":"https:\/\/mf.ag\/de\/#website"},"primaryImageOfPage":{"@id":"https:\/\/mf.ag\/de\/artikel\/bonusse-fuer-interim-managerinnen-selbstverstaendlich\/#primaryimage"},"image":{"@id":"https:\/\/mf.ag\/de\/artikel\/bonusse-fuer-interim-managerinnen-selbstverstaendlich\/#primaryimage"},"thumbnailUrl":"https:\/\/mf.ag\/wp-content\/uploads\/2023\/10\/Insights-Gerhard-Wueest-scaled.jpg","datePublished":"2023-05-19T18:53:00+00:00","dateModified":"2024-02-19T13:42:41+00:00","breadcrumb":{"@id":"https:\/\/mf.ag\/de\/artikel\/bonusse-fuer-interim-managerinnen-selbstverstaendlich\/#breadcrumb"},"inLanguage":"de","potentialAction":[{"@type":"ReadAction","target":["https:\/\/mf.ag\/de\/artikel\/bonusse-fuer-interim-managerinnen-selbstverstaendlich\/"]}]},{"@type":"ImageObject","inLanguage":"de","@id":"https:\/\/mf.ag\/de\/artikel\/bonusse-fuer-interim-managerinnen-selbstverstaendlich\/#primaryimage","url":"https:\/\/mf.ag\/wp-content\/uploads\/2023\/10\/Insights-Gerhard-Wueest-scaled.jpg","contentUrl":"https:\/\/mf.ag\/wp-content\/uploads\/2023\/10\/Insights-Gerhard-Wueest-scaled.jpg","width":2560,"height":1440},{"@type":"BreadcrumbList","@id":"https:\/\/mf.ag\/de\/artikel\/bonusse-fuer-interim-managerinnen-selbstverstaendlich\/#breadcrumb","itemListElement":[{"@type":"ListItem","position":1,"name":"Home","item":"https:\/\/mf.ag\/de\/"},{"@type":"ListItem","position":2,"name":"Bonusse f\u00fcr Interim Manager:innen? Selbstverst\u00e4ndlich!"}]},{"@type":"WebSite","@id":"https:\/\/mf.ag\/de\/#website","url":"https:\/\/mf.ag\/de\/","name":"Management Factory","description":"Mit Executive Interim Management und Financial Advisory das Gesch\u00e4ft voranbringen","publisher":{"@id":"https:\/\/mf.ag\/de\/#organization"},"potentialAction":[{"@type":"SearchAction","target":{"@type":"EntryPoint","urlTemplate":"https:\/\/mf.ag\/de\/?s={search_term_string}"},"query-input":{"@type":"PropertyValueSpecification","valueRequired":true,"valueName":"search_term_string"}}],"inLanguage":"de"},{"@type":"Organization","@id":"https:\/\/mf.ag\/de\/#organization","name":"Management Factory","url":"https:\/\/mf.ag\/de\/","logo":{"@type":"ImageObject","inLanguage":"de","@id":"https:\/\/mf.ag\/de\/#\/schema\/logo\/image\/","url":"","contentUrl":"","caption":"Management Factory"},"image":{"@id":"https:\/\/mf.ag\/de\/#\/schema\/logo\/image\/"}},{"@type":"Person","@id":"https:\/\/mf.ag\/de\/#\/schema\/person\/e0253f645b23ddf6b33642cd0d93dbcc","name":"Gerhard W\u00fcest","image":{"@type":"ImageObject","inLanguage":"de","@id":"https:\/\/mf.ag\/wp-content\/uploads\/2017\/09\/csm_IMG_0191_8d83a5e162-1-96x96.jpg","url":"https:\/\/mf.ag\/wp-content\/uploads\/2017\/09\/csm_IMG_0191_8d83a5e162-1-96x96.jpg","contentUrl":"https:\/\/mf.ag\/wp-content\/uploads\/2017\/09\/csm_IMG_0191_8d83a5e162-1-96x96.jpg","caption":"Gerhard W\u00fcest"},"description":"Gerhard W\u00fcest ist Partner bei der VALTUS Management Factory Corporate Advisory GmbH. Er hat Betriebswirtschaftslehre an der Wirtschaftsuniversit\u00e4t Wien und der Universit\u00e4t Illinois studiert. Er war Projektleiter bei Contrast Management Consulting (4 Jahre) und Principal bei Cap Gemini Ernst &amp; Young (3 Jahre). Au\u00dferdem war er als Dozent t\u00e4tig, hatte Managementmandate und Vorstandsposten inne.","sameAs":["https:\/\/mf.ag\/de\/gerhard-wueest\/","https:\/\/www.linkedin.com\/in\/gerhard-west\/"],"url":"https:\/\/mf.ag\/de\/author\/gerhard\/"}]}},"_links":{"self":[{"href":"https:\/\/mf.ag\/de\/wp-json\/wp\/v2\/posts\/54169","targetHints":{"allow":["GET"]}}],"collection":[{"href":"https:\/\/mf.ag\/de\/wp-json\/wp\/v2\/posts"}],"about":[{"href":"https:\/\/mf.ag\/de\/wp-json\/wp\/v2\/types\/post"}],"author":[{"embeddable":true,"href":"https:\/\/mf.ag\/de\/wp-json\/wp\/v2\/users\/28"}],"replies":[{"embeddable":true,"href":"https:\/\/mf.ag\/de\/wp-json\/wp\/v2\/comments?post=54169"}],"version-history":[{"count":9,"href":"https:\/\/mf.ag\/de\/wp-json\/wp\/v2\/posts\/54169\/revisions"}],"predecessor-version":[{"id":55489,"href":"https:\/\/mf.ag\/de\/wp-json\/wp\/v2\/posts\/54169\/revisions\/55489"}],"wp:featuredmedia":[{"embeddable":true,"href":"https:\/\/mf.ag\/de\/wp-json\/wp\/v2\/media\/54170"}],"wp:attachment":[{"href":"https:\/\/mf.ag\/de\/wp-json\/wp\/v2\/media?parent=54169"}],"wp:term":[{"taxonomy":"category","embeddable":true,"href":"https:\/\/mf.ag\/de\/wp-json\/wp\/v2\/categories?post=54169"},{"taxonomy":"post_tag","embeddable":true,"href":"https:\/\/mf.ag\/de\/wp-json\/wp\/v2\/tags?post=54169"}],"curies":[{"name":"wp","href":"https:\/\/api.w.org\/{rel}","templated":true}]}}