{"id":52700,"date":"2023-07-26T09:47:45","date_gmt":"2023-07-26T07:47:45","guid":{"rendered":"https:\/\/mf.ag\/?p=52700"},"modified":"2023-08-15T10:53:37","modified_gmt":"2023-08-15T08:53:37","slug":"interim-management-in-der-tschechischen-republik-und-in-der-slowakei","status":"publish","type":"post","link":"https:\/\/mf.ag\/de\/artikel\/interim-management-in-der-tschechischen-republik-und-in-der-slowakei\/","title":{"rendered":"Interim Management in der Tschechischen Republik und in der Slowakei"},"content":{"rendered":"\n<p><strong>Veronika Ka\u0161tovsk\u00e1, Partnerin bei AGIM &#8211; Accord Group Interim Management, verf\u00fcgt \u00fcber 25 Jahre Erfahrung in der Vermittlung von Manager:innen und Interim Manager:innen in Tschechien und in der Slowakei. AGIM ist Teil der Valtus Alliance und verf\u00fcgt \u00fcber B\u00fcros in Prag und Bratislava.<\/strong><\/p>\n\n\n\n<h4 class=\"wp-block-heading\" id=\"h-wie-hat-sich-der-markt-fur-interim-management-in-der-tschechischen-republik-und-der-slowakei-in-den-letzten-jahren-entwickelt\">Wie hat sich der Markt f\u00fcr Interim Management in der Tschechischen Republik und der Slowakei in den letzten Jahren entwickelt?<\/h4>\n\n\n\n<p>\u201eInterim Management ist bei uns noch kein reifer Markt. Oft m\u00fcssen wir Kund:innen das Konzept und den Nutzen von Interim Management erl\u00e4utern. Manchmal wird Interim Management auch als Synonym f\u00fcr Krisenmanagement verstanden, d.h. Unternehmen ohne Restrukturierungsbedarf suchen meist nicht aktiv nach Interim Manager:innen. Aber das Gesch\u00e4ft w\u00e4chst kontinuierlich und es gibt auch bei uns immer mehr professionelle Interim Manager:innen. Die meisten Manager:innen sind in den Bereichen Finance, HR, Plant Management und Produktion. Derzeit ist das &#8222;hei\u00dfe Thema&#8220; bei uns aber sicherlich Krisenmanagement.\u201c<\/p>\n\n\n\n<div class=\"wp-block-media-text alignwide has-media-on-the-right is-stacked-on-mobile is-style-tw-overlap has-custom-white-background-color has-background\"><div class=\"wp-block-media-text__content\">\n<blockquote class=\"wp-block-quote is-style-tw-icon is-layout-flow wp-block-quote-is-layout-flow\">\n<p>Interim Manager:innen k\u00f6nnen sich besser auf die Aufgaben konzentrieren und m\u00fcssen sich weniger um die interne Politik k\u00fcmmern.<\/p>\n<cite>Veronika Ka\u0161tovsk\u00e1<br>Partner, AGIM, the Czech Republic and Slovakia<\/cite><\/blockquote>\n<\/div><figure class=\"wp-block-media-text__media\"><img loading=\"lazy\" decoding=\"async\" width=\"450\" height=\"563\" src=\"https:\/\/mf.ag\/wp-content\/uploads\/2023\/07\/Veronika-Czech-Rep-450-px-4x5-1.jpg\" alt=\"\" class=\"wp-image-52735 size-full\" srcset=\"https:\/\/mf.ag\/wp-content\/uploads\/2023\/07\/Veronika-Czech-Rep-450-px-4x5-1.jpg 450w, https:\/\/mf.ag\/wp-content\/uploads\/2023\/07\/Veronika-Czech-Rep-450-px-4x5-1-240x300.jpg 240w\" sizes=\"auto, (max-width: 450px) 100vw, 450px\" \/><\/figure><\/div>\n\n\n\n<h4 class=\"wp-block-heading\">Was ist der Vorteil von Interim Management?<\/h4>\n\n\n\n<p>&#8222;Wir k\u00f6nnen unseren Kund:innen sehr rasch ausgesprochen erfahrene Manager:innen bereitstellen, die zum Beispiel Strukturen und Prozesse aufbauen k\u00f6nnen. Ein:e Interim Manager:in hat genau das Gleiche schon vielfach gemacht und verf\u00fcgt \u00fcber die notwendigen F\u00e4higkeiten und Erfahrungen. Au\u00dferdem ist er bzw. sie kosteng\u00fcnstig und bezogen auf den Output oft billiger als eine Festanstellung. Interim Manager:innen k\u00f6nnen sich besser auf die Aufgaben konzentrieren und m\u00fcssen sich weniger um die interne Politik k\u00fcmmern. Das macht es einfacher, schnelle und objektive Entscheidungen zu treffen.\u201c<\/p>\n\n\n\n<h4 class=\"wp-block-heading\">Was macht AGIM w\u00e4hrend eines Mandats?<\/h4>\n\n\n\n<p>\u201eW\u00e4hrend des Einsatzes sprechen wir alle zwei Wochen mit den Kund:innen und den Interim Manager:innen, um sicherzustellen, dass alles nach Plan l\u00e4uft. Wir spielen eine wichtige Rolle zwischen den beiden Parteien.\u201c<\/p>\n\n\n\n<p><a href=\"https:\/\/agim-ece.com\/en\/home\" target=\"_blank\" rel=\"noreferrer noopener\">Mehr \u00fcber AGIM finden Sie hier<\/a><\/p>\n","protected":false},"excerpt":{"rendered":"<p>Veronika Ka\u0161tovsk\u00e1, Partnerin bei AGIM &#8211; Accord Group Interim Management, verf\u00fcgt \u00fcber 25 Jahre Erfahrung in der Vermittlung von Manager:innen und Interim Manager:innen in Tschechien und in der Slowakei. AGIM ist Teil der Valtus Alliance und verf\u00fcgt \u00fcber B\u00fcros in Prag und Bratislava. Wie hat sich der Markt f\u00fcr Interim Management in der Tschechischen Republik [&hellip;]<\/p>\n","protected":false},"author":32,"featured_media":52701,"comment_status":"closed","ping_status":"closed","sticky":false,"template":"","format":"standard","meta":{"inline_featured_image":false,"footnotes":""},"categories":[3268],"tags":[3372,3396,3395,3394,3374],"class_list":["post-52700","post","type-post","status-publish","format-standard","has-post-thumbnail","hentry","category-artikel","tag-interim-management-3","tag-krise","tag-slowakei","tag-tschechien","tag-valtus-2"],"featured_image_urls_v2":{"full":["https:\/\/mf.ag\/wp-content\/uploads\/2023\/08\/Landerserie-TschechienSlowakei.png",2000,1050,false],"thumbnail":["https:\/\/mf.ag\/wp-content\/uploads\/2023\/08\/Landerserie-TschechienSlowakei-250x250.png",250,250,true],"medium":["https:\/\/mf.ag\/wp-content\/uploads\/2023\/08\/Landerserie-TschechienSlowakei-300x158.png",300,158,true],"medium_large":["https:\/\/mf.ag\/wp-content\/uploads\/2023\/08\/Landerserie-TschechienSlowakei-768x403.png",768,403,true],"large":["https:\/\/mf.ag\/wp-content\/uploads\/2023\/08\/Landerserie-TschechienSlowakei-1024x538.png",1024,538,true],"1536x1536":["https:\/\/mf.ag\/wp-content\/uploads\/2023\/08\/Landerserie-TschechienSlowakei-1536x806.png",1536,806,true],"2048x2048":["https:\/\/mf.ag\/wp-content\/uploads\/2023\/08\/Landerserie-TschechienSlowakei.png",2000,1050,false],"gform-image-choice-sm":["https:\/\/mf.ag\/wp-content\/uploads\/2023\/08\/Landerserie-TschechienSlowakei.png",300,158,false],"gform-image-choice-md":["https:\/\/mf.ag\/wp-content\/uploads\/2023\/08\/Landerserie-TschechienSlowakei.png",400,210,false],"gform-image-choice-lg":["https:\/\/mf.ag\/wp-content\/uploads\/2023\/08\/Landerserie-TschechienSlowakei.png",600,315,false],"profile_24":["https:\/\/mf.ag\/wp-content\/uploads\/2023\/08\/Landerserie-TschechienSlowakei-24x24.png",24,24,true],"profile_48":["https:\/\/mf.ag\/wp-content\/uploads\/2023\/08\/Landerserie-TschechienSlowakei-48x48.png",48,48,true],"profile_96":["https:\/\/mf.ag\/wp-content\/uploads\/2023\/08\/Landerserie-TschechienSlowakei-96x96.png",96,96,true],"profile_150":["https:\/\/mf.ag\/wp-content\/uploads\/2023\/08\/Landerserie-TschechienSlowakei-150x150.png",150,150,true],"profile_300":["https:\/\/mf.ag\/wp-content\/uploads\/2023\/08\/Landerserie-TschechienSlowakei-300x300.png",300,300,true]},"post_excerpt_stackable_v2":"<p>Veronika Ka\u0161tovsk\u00e1, Partnerin bei AGIM &#8211; Accord Group Interim Management, verf\u00fcgt \u00fcber 25 Jahre Erfahrung in der Vermittlung von Manager:innen und Interim Manager:innen in Tschechien und in der Slowakei. AGIM ist Teil der Valtus Alliance und verf\u00fcgt \u00fcber B\u00fcros in Prag und Bratislava. Wie hat sich der Markt f\u00fcr Interim Management in der Tschechischen Republik und der Slowakei in den letzten Jahren entwickelt? \u201eInterim Management ist bei uns noch kein reifer Markt. Oft m\u00fcssen wir Kund:innen das Konzept und den Nutzen von Interim Management erl\u00e4utern. Manchmal wird Interim Management auch als Synonym f\u00fcr Krisenmanagement verstanden, d.h. Unternehmen ohne Restrukturierungsbedarf suchen&hellip;<\/p>\n","category_list_v2":"<a href=\"https:\/\/mf.ag\/de\/category\/artikel\/\" rel=\"category tag\">Artikel<\/a>","author_info_v2":{"name":"VALTUS Management Factory","url":"https:\/\/mf.ag\/de\/author\/managementfactory\/"},"comments_num_v2":"0 comments","yoast_head":"<!-- This site is optimized with the Yoast SEO Premium plugin v25.8 (Yoast SEO v27.5) - https:\/\/yoast.com\/product\/yoast-seo-premium-wordpress\/ -->\n<title>Interim Management in der Tschechischen Republik und in der Slowakei &#187; Management Factory<\/title>\n<meta name=\"robots\" content=\"index, follow, max-snippet:-1, max-image-preview:large, max-video-preview:-1\" \/>\n<link rel=\"canonical\" href=\"https:\/\/mf.ag\/de\/artikel\/interim-management-in-der-tschechischen-republik-und-in-der-slowakei\/\" \/>\n<meta property=\"og:locale\" content=\"de_DE\" \/>\n<meta property=\"og:type\" content=\"article\" \/>\n<meta property=\"og:title\" content=\"Interim Management in der Tschechischen Republik und in der Slowakei\" \/>\n<meta property=\"og:description\" content=\"Veronika Ka\u0161tovsk\u00e1, Partnerin bei AGIM &#8211; Accord Group Interim Management, verf\u00fcgt \u00fcber 25 Jahre Erfahrung in der Vermittlung von Manager:innen und Interim Manager:innen in Tschechien und in der Slowakei. AGIM ist Teil der Valtus Alliance und verf\u00fcgt \u00fcber B\u00fcros in Prag und Bratislava. Wie hat sich der Markt f\u00fcr Interim Management in der Tschechischen Republik [&hellip;]\" \/>\n<meta property=\"og:url\" content=\"https:\/\/mf.ag\/de\/artikel\/interim-management-in-der-tschechischen-republik-und-in-der-slowakei\/\" \/>\n<meta property=\"og:site_name\" content=\"Management Factory\" \/>\n<meta property=\"article:published_time\" content=\"2023-07-26T07:47:45+00:00\" \/>\n<meta property=\"article:modified_time\" content=\"2023-08-15T08:53:37+00:00\" \/>\n<meta property=\"og:image\" content=\"https:\/\/mf.ag\/wp-content\/uploads\/2023\/08\/Landerserie-TschechienSlowakei.png\" \/>\n\t<meta property=\"og:image:width\" content=\"2000\" \/>\n\t<meta property=\"og:image:height\" content=\"1050\" \/>\n\t<meta property=\"og:image:type\" content=\"image\/png\" \/>\n<meta name=\"author\" content=\"VALTUS Management Factory\" \/>\n<meta name=\"twitter:card\" content=\"summary_large_image\" \/>\n<meta name=\"twitter:label1\" content=\"Verfasst von\" \/>\n\t<meta name=\"twitter:data1\" content=\"VALTUS Management Factory\" \/>\n\t<meta name=\"twitter:label2\" content=\"Gesch\u00e4tzte Lesezeit\" \/>\n\t<meta name=\"twitter:data2\" content=\"2\u00a0Minuten\" \/>\n<script type=\"application\/ld+json\" class=\"yoast-schema-graph\">{\"@context\":\"https:\\\/\\\/schema.org\",\"@graph\":[{\"@type\":\"Article\",\"@id\":\"https:\\\/\\\/mf.ag\\\/de\\\/artikel\\\/interim-management-in-der-tschechischen-republik-und-in-der-slowakei\\\/#article\",\"isPartOf\":{\"@id\":\"https:\\\/\\\/mf.ag\\\/de\\\/artikel\\\/interim-management-in-der-tschechischen-republik-und-in-der-slowakei\\\/\"},\"author\":{\"name\":\"VALTUS Management Factory\",\"@id\":\"https:\\\/\\\/mf.ag\\\/de\\\/#\\\/schema\\\/person\\\/1b1a766599b72b46cce17aecef0a2280\"},\"headline\":\"Interim Management in der Tschechischen Republik und in der Slowakei\",\"datePublished\":\"2023-07-26T07:47:45+00:00\",\"dateModified\":\"2023-08-15T08:53:37+00:00\",\"mainEntityOfPage\":{\"@id\":\"https:\\\/\\\/mf.ag\\\/de\\\/artikel\\\/interim-management-in-der-tschechischen-republik-und-in-der-slowakei\\\/\"},\"wordCount\":353,\"publisher\":{\"@id\":\"https:\\\/\\\/mf.ag\\\/de\\\/#organization\"},\"image\":{\"@id\":\"https:\\\/\\\/mf.ag\\\/de\\\/artikel\\\/interim-management-in-der-tschechischen-republik-und-in-der-slowakei\\\/#primaryimage\"},\"thumbnailUrl\":\"https:\\\/\\\/mf.ag\\\/wp-content\\\/uploads\\\/2023\\\/08\\\/Landerserie-TschechienSlowakei.png\",\"keywords\":[\"Interim Management\",\"Krise\",\"Slowakei\",\"Tschechien\",\"Valtus\"],\"articleSection\":[\"Artikel\"],\"inLanguage\":\"de\"},{\"@type\":\"WebPage\",\"@id\":\"https:\\\/\\\/mf.ag\\\/de\\\/artikel\\\/interim-management-in-der-tschechischen-republik-und-in-der-slowakei\\\/\",\"url\":\"https:\\\/\\\/mf.ag\\\/de\\\/artikel\\\/interim-management-in-der-tschechischen-republik-und-in-der-slowakei\\\/\",\"name\":\"Interim Management in der Tschechischen Republik und in der Slowakei &#187; Management Factory\",\"isPartOf\":{\"@id\":\"https:\\\/\\\/mf.ag\\\/de\\\/#website\"},\"primaryImageOfPage\":{\"@id\":\"https:\\\/\\\/mf.ag\\\/de\\\/artikel\\\/interim-management-in-der-tschechischen-republik-und-in-der-slowakei\\\/#primaryimage\"},\"image\":{\"@id\":\"https:\\\/\\\/mf.ag\\\/de\\\/artikel\\\/interim-management-in-der-tschechischen-republik-und-in-der-slowakei\\\/#primaryimage\"},\"thumbnailUrl\":\"https:\\\/\\\/mf.ag\\\/wp-content\\\/uploads\\\/2023\\\/08\\\/Landerserie-TschechienSlowakei.png\",\"datePublished\":\"2023-07-26T07:47:45+00:00\",\"dateModified\":\"2023-08-15T08:53:37+00:00\",\"breadcrumb\":{\"@id\":\"https:\\\/\\\/mf.ag\\\/de\\\/artikel\\\/interim-management-in-der-tschechischen-republik-und-in-der-slowakei\\\/#breadcrumb\"},\"inLanguage\":\"de\",\"potentialAction\":[{\"@type\":\"ReadAction\",\"target\":[\"https:\\\/\\\/mf.ag\\\/de\\\/artikel\\\/interim-management-in-der-tschechischen-republik-und-in-der-slowakei\\\/\"]}]},{\"@type\":\"ImageObject\",\"inLanguage\":\"de\",\"@id\":\"https:\\\/\\\/mf.ag\\\/de\\\/artikel\\\/interim-management-in-der-tschechischen-republik-und-in-der-slowakei\\\/#primaryimage\",\"url\":\"https:\\\/\\\/mf.ag\\\/wp-content\\\/uploads\\\/2023\\\/08\\\/Landerserie-TschechienSlowakei.png\",\"contentUrl\":\"https:\\\/\\\/mf.ag\\\/wp-content\\\/uploads\\\/2023\\\/08\\\/Landerserie-TschechienSlowakei.png\",\"width\":2000,\"height\":1050},{\"@type\":\"BreadcrumbList\",\"@id\":\"https:\\\/\\\/mf.ag\\\/de\\\/artikel\\\/interim-management-in-der-tschechischen-republik-und-in-der-slowakei\\\/#breadcrumb\",\"itemListElement\":[{\"@type\":\"ListItem\",\"position\":1,\"name\":\"Home\",\"item\":\"https:\\\/\\\/mf.ag\\\/de\\\/\"},{\"@type\":\"ListItem\",\"position\":2,\"name\":\"Interim Management in der Tschechischen Republik und in der Slowakei\"}]},{\"@type\":\"WebSite\",\"@id\":\"https:\\\/\\\/mf.ag\\\/de\\\/#website\",\"url\":\"https:\\\/\\\/mf.ag\\\/de\\\/\",\"name\":\"Management Factory\",\"description\":\"Mit Executive Interim Management und Financial Advisory das Gesch\u00e4ft voranbringen\",\"publisher\":{\"@id\":\"https:\\\/\\\/mf.ag\\\/de\\\/#organization\"},\"potentialAction\":[{\"@type\":\"SearchAction\",\"target\":{\"@type\":\"EntryPoint\",\"urlTemplate\":\"https:\\\/\\\/mf.ag\\\/de\\\/?s={search_term_string}\"},\"query-input\":{\"@type\":\"PropertyValueSpecification\",\"valueRequired\":true,\"valueName\":\"search_term_string\"}}],\"inLanguage\":\"de\"},{\"@type\":\"Organization\",\"@id\":\"https:\\\/\\\/mf.ag\\\/de\\\/#organization\",\"name\":\"Management Factory\",\"url\":\"https:\\\/\\\/mf.ag\\\/de\\\/\",\"logo\":{\"@type\":\"ImageObject\",\"inLanguage\":\"de\",\"@id\":\"https:\\\/\\\/mf.ag\\\/de\\\/#\\\/schema\\\/logo\\\/image\\\/\",\"url\":\"\",\"contentUrl\":\"\",\"caption\":\"Management Factory\"},\"image\":{\"@id\":\"https:\\\/\\\/mf.ag\\\/de\\\/#\\\/schema\\\/logo\\\/image\\\/\"}},{\"@type\":\"Person\",\"@id\":\"https:\\\/\\\/mf.ag\\\/de\\\/#\\\/schema\\\/person\\\/1b1a766599b72b46cce17aecef0a2280\",\"name\":\"VALTUS Management Factory\",\"image\":{\"@type\":\"ImageObject\",\"inLanguage\":\"de\",\"@id\":\"https:\\\/\\\/secure.gravatar.com\\\/avatar\\\/2e920f1a23e073db8a64336053afe342ca0876d1bcaeba2cb8be10b4812cf9de?s=96&r=g\",\"url\":\"https:\\\/\\\/secure.gravatar.com\\\/avatar\\\/2e920f1a23e073db8a64336053afe342ca0876d1bcaeba2cb8be10b4812cf9de?s=96&r=g\",\"contentUrl\":\"https:\\\/\\\/secure.gravatar.com\\\/avatar\\\/2e920f1a23e073db8a64336053afe342ca0876d1bcaeba2cb8be10b4812cf9de?s=96&r=g\",\"caption\":\"VALTUS Management Factory\"},\"description\":\"VALTUS Management Factory ist ein f\u00fchrendes Unternehmen f\u00fcr Executive Interim Management, Financial Advisory und Restrukturierung in \u00d6sterreich und unterst\u00fctzt Organisationen in Transformations-, Wachstums- und Krisensituationen mit erfahrenen F\u00fchrungspers\u00f6nlichkeiten. Als Teil der internationalen Valtus Group verbindet das Unternehmen operative Umsetzungskompetenz mit globaler Management- und Restrukturierungsexpertise.\",\"url\":\"https:\\\/\\\/mf.ag\\\/de\\\/author\\\/managementfactory\\\/\"}]}<\/script>\n<!-- \/ Yoast SEO Premium plugin. -->","yoast_head_json":{"title":"Interim Management in der Tschechischen Republik und in der Slowakei &#187; Management Factory","robots":{"index":"index","follow":"follow","max-snippet":"max-snippet:-1","max-image-preview":"max-image-preview:large","max-video-preview":"max-video-preview:-1"},"canonical":"https:\/\/mf.ag\/de\/artikel\/interim-management-in-der-tschechischen-republik-und-in-der-slowakei\/","og_locale":"de_DE","og_type":"article","og_title":"Interim Management in der Tschechischen Republik und in der Slowakei","og_description":"Veronika Ka\u0161tovsk\u00e1, Partnerin bei AGIM &#8211; Accord Group Interim Management, verf\u00fcgt \u00fcber 25 Jahre Erfahrung in der Vermittlung von Manager:innen und Interim Manager:innen in Tschechien und in der Slowakei. AGIM ist Teil der Valtus Alliance und verf\u00fcgt \u00fcber B\u00fcros in Prag und Bratislava. Wie hat sich der Markt f\u00fcr Interim Management in der Tschechischen Republik [&hellip;]","og_url":"https:\/\/mf.ag\/de\/artikel\/interim-management-in-der-tschechischen-republik-und-in-der-slowakei\/","og_site_name":"Management Factory","article_published_time":"2023-07-26T07:47:45+00:00","article_modified_time":"2023-08-15T08:53:37+00:00","og_image":[{"width":2000,"height":1050,"url":"https:\/\/mf.ag\/wp-content\/uploads\/2023\/08\/Landerserie-TschechienSlowakei.png","type":"image\/png"}],"author":"VALTUS Management Factory","twitter_card":"summary_large_image","twitter_misc":{"Verfasst von":"VALTUS Management Factory","Gesch\u00e4tzte Lesezeit":"2\u00a0Minuten"},"schema":{"@context":"https:\/\/schema.org","@graph":[{"@type":"Article","@id":"https:\/\/mf.ag\/de\/artikel\/interim-management-in-der-tschechischen-republik-und-in-der-slowakei\/#article","isPartOf":{"@id":"https:\/\/mf.ag\/de\/artikel\/interim-management-in-der-tschechischen-republik-und-in-der-slowakei\/"},"author":{"name":"VALTUS Management Factory","@id":"https:\/\/mf.ag\/de\/#\/schema\/person\/1b1a766599b72b46cce17aecef0a2280"},"headline":"Interim Management in der Tschechischen Republik und in der Slowakei","datePublished":"2023-07-26T07:47:45+00:00","dateModified":"2023-08-15T08:53:37+00:00","mainEntityOfPage":{"@id":"https:\/\/mf.ag\/de\/artikel\/interim-management-in-der-tschechischen-republik-und-in-der-slowakei\/"},"wordCount":353,"publisher":{"@id":"https:\/\/mf.ag\/de\/#organization"},"image":{"@id":"https:\/\/mf.ag\/de\/artikel\/interim-management-in-der-tschechischen-republik-und-in-der-slowakei\/#primaryimage"},"thumbnailUrl":"https:\/\/mf.ag\/wp-content\/uploads\/2023\/08\/Landerserie-TschechienSlowakei.png","keywords":["Interim Management","Krise","Slowakei","Tschechien","Valtus"],"articleSection":["Artikel"],"inLanguage":"de"},{"@type":"WebPage","@id":"https:\/\/mf.ag\/de\/artikel\/interim-management-in-der-tschechischen-republik-und-in-der-slowakei\/","url":"https:\/\/mf.ag\/de\/artikel\/interim-management-in-der-tschechischen-republik-und-in-der-slowakei\/","name":"Interim Management in der Tschechischen Republik und in der Slowakei &#187; Management Factory","isPartOf":{"@id":"https:\/\/mf.ag\/de\/#website"},"primaryImageOfPage":{"@id":"https:\/\/mf.ag\/de\/artikel\/interim-management-in-der-tschechischen-republik-und-in-der-slowakei\/#primaryimage"},"image":{"@id":"https:\/\/mf.ag\/de\/artikel\/interim-management-in-der-tschechischen-republik-und-in-der-slowakei\/#primaryimage"},"thumbnailUrl":"https:\/\/mf.ag\/wp-content\/uploads\/2023\/08\/Landerserie-TschechienSlowakei.png","datePublished":"2023-07-26T07:47:45+00:00","dateModified":"2023-08-15T08:53:37+00:00","breadcrumb":{"@id":"https:\/\/mf.ag\/de\/artikel\/interim-management-in-der-tschechischen-republik-und-in-der-slowakei\/#breadcrumb"},"inLanguage":"de","potentialAction":[{"@type":"ReadAction","target":["https:\/\/mf.ag\/de\/artikel\/interim-management-in-der-tschechischen-republik-und-in-der-slowakei\/"]}]},{"@type":"ImageObject","inLanguage":"de","@id":"https:\/\/mf.ag\/de\/artikel\/interim-management-in-der-tschechischen-republik-und-in-der-slowakei\/#primaryimage","url":"https:\/\/mf.ag\/wp-content\/uploads\/2023\/08\/Landerserie-TschechienSlowakei.png","contentUrl":"https:\/\/mf.ag\/wp-content\/uploads\/2023\/08\/Landerserie-TschechienSlowakei.png","width":2000,"height":1050},{"@type":"BreadcrumbList","@id":"https:\/\/mf.ag\/de\/artikel\/interim-management-in-der-tschechischen-republik-und-in-der-slowakei\/#breadcrumb","itemListElement":[{"@type":"ListItem","position":1,"name":"Home","item":"https:\/\/mf.ag\/de\/"},{"@type":"ListItem","position":2,"name":"Interim Management in der Tschechischen Republik und in der Slowakei"}]},{"@type":"WebSite","@id":"https:\/\/mf.ag\/de\/#website","url":"https:\/\/mf.ag\/de\/","name":"Management Factory","description":"Mit Executive Interim Management und Financial Advisory das Gesch\u00e4ft voranbringen","publisher":{"@id":"https:\/\/mf.ag\/de\/#organization"},"potentialAction":[{"@type":"SearchAction","target":{"@type":"EntryPoint","urlTemplate":"https:\/\/mf.ag\/de\/?s={search_term_string}"},"query-input":{"@type":"PropertyValueSpecification","valueRequired":true,"valueName":"search_term_string"}}],"inLanguage":"de"},{"@type":"Organization","@id":"https:\/\/mf.ag\/de\/#organization","name":"Management Factory","url":"https:\/\/mf.ag\/de\/","logo":{"@type":"ImageObject","inLanguage":"de","@id":"https:\/\/mf.ag\/de\/#\/schema\/logo\/image\/","url":"","contentUrl":"","caption":"Management Factory"},"image":{"@id":"https:\/\/mf.ag\/de\/#\/schema\/logo\/image\/"}},{"@type":"Person","@id":"https:\/\/mf.ag\/de\/#\/schema\/person\/1b1a766599b72b46cce17aecef0a2280","name":"VALTUS Management Factory","image":{"@type":"ImageObject","inLanguage":"de","@id":"https:\/\/secure.gravatar.com\/avatar\/2e920f1a23e073db8a64336053afe342ca0876d1bcaeba2cb8be10b4812cf9de?s=96&r=g","url":"https:\/\/secure.gravatar.com\/avatar\/2e920f1a23e073db8a64336053afe342ca0876d1bcaeba2cb8be10b4812cf9de?s=96&r=g","contentUrl":"https:\/\/secure.gravatar.com\/avatar\/2e920f1a23e073db8a64336053afe342ca0876d1bcaeba2cb8be10b4812cf9de?s=96&r=g","caption":"VALTUS Management Factory"},"description":"VALTUS Management Factory ist ein f\u00fchrendes Unternehmen f\u00fcr Executive Interim Management, Financial Advisory und Restrukturierung in \u00d6sterreich und unterst\u00fctzt Organisationen in Transformations-, Wachstums- und Krisensituationen mit erfahrenen F\u00fchrungspers\u00f6nlichkeiten. Als Teil der internationalen Valtus Group verbindet das Unternehmen operative Umsetzungskompetenz mit globaler Management- und Restrukturierungsexpertise.","url":"https:\/\/mf.ag\/de\/author\/managementfactory\/"}]}},"_links":{"self":[{"href":"https:\/\/mf.ag\/de\/wp-json\/wp\/v2\/posts\/52700","targetHints":{"allow":["GET"]}}],"collection":[{"href":"https:\/\/mf.ag\/de\/wp-json\/wp\/v2\/posts"}],"about":[{"href":"https:\/\/mf.ag\/de\/wp-json\/wp\/v2\/types\/post"}],"author":[{"embeddable":true,"href":"https:\/\/mf.ag\/de\/wp-json\/wp\/v2\/users\/32"}],"replies":[{"embeddable":true,"href":"https:\/\/mf.ag\/de\/wp-json\/wp\/v2\/comments?post=52700"}],"version-history":[{"count":2,"href":"https:\/\/mf.ag\/de\/wp-json\/wp\/v2\/posts\/52700\/revisions"}],"predecessor-version":[{"id":52736,"href":"https:\/\/mf.ag\/de\/wp-json\/wp\/v2\/posts\/52700\/revisions\/52736"}],"wp:featuredmedia":[{"embeddable":true,"href":"https:\/\/mf.ag\/de\/wp-json\/wp\/v2\/media\/52701"}],"wp:attachment":[{"href":"https:\/\/mf.ag\/de\/wp-json\/wp\/v2\/media?parent=52700"}],"wp:term":[{"taxonomy":"category","embeddable":true,"href":"https:\/\/mf.ag\/de\/wp-json\/wp\/v2\/categories?post=52700"},{"taxonomy":"post_tag","embeddable":true,"href":"https:\/\/mf.ag\/de\/wp-json\/wp\/v2\/tags?post=52700"}],"curies":[{"name":"wp","href":"https:\/\/api.w.org\/{rel}","templated":true}]}}