{"id":51177,"date":"2021-09-24T16:55:33","date_gmt":"2021-09-24T14:55:33","guid":{"rendered":"https:\/\/mf.ag\/de\/?p=51177"},"modified":"2023-08-22T10:41:59","modified_gmt":"2023-08-22T08:41:59","slug":"gemeinsam-mit-unserem-kunden-binder-co-auf-erfolgskurs","status":"publish","type":"post","link":"https:\/\/mf.ag\/de\/artikel\/gemeinsam-mit-unserem-kunden-binder-co-auf-erfolgskurs\/","title":{"rendered":"Gemeinsam mit unserem Kunden Binder &#038; Co auf Erfolgskurs"},"content":{"rendered":"\n<p>Nach einem herausfordernden Jahr 2020, f\u00fchrten Nachholeffekt, F\u00f6rderprogramm aber auch eine \u00e4u\u00dferst starke Nachfrage f\u00fcr die Binder+Co Gruppe mit Sitz in Gleisdorf im ersten Halbjahr zu einer deutlichen Umsatz- und Ergebnisverbesserung. Dass der Markt f\u00fcr Umwelttechnik &#8211; Stichwort &#8222;Green Deal&#8220; &#8211; w\u00e4chst, ist ein weiterer Grund f\u00fcr den Aufschwung der Unternehmensgruppe.<a href=\"http:\/\/archive.mf.ag\/fileadmin\/storage\/Presse\/E-Paper_-_Kleine_Zeitung_Binder_u.Co.pdf\" target=\"_blank\" rel=\"noreferrer noopener\"><\/a><\/p>\n\n\n\n<div class=\"wp-block-file\"><a id=\"wp-block-file--media-62e4bb8c-ca38-4383-9f07-108dd7ce45ca\" href=\"https:\/\/mf.ag\/wp-content\/uploads\/2023\/06\/E-Paper_-_Kleine_Zeitung_Binder_u.Co_.pdf\">E-Paper_-_Kleine_Zeitung_Binder_u.Co_<\/a><a href=\"https:\/\/mf.ag\/wp-content\/uploads\/2023\/06\/E-Paper_-_Kleine_Zeitung_Binder_u.Co_.pdf\" class=\"wp-block-file__button wp-element-button\" download aria-describedby=\"wp-block-file--media-62e4bb8c-ca38-4383-9f07-108dd7ce45ca\">Download<\/a><\/div>\n","protected":false},"excerpt":{"rendered":"<p>Nach einem herausfordernden Jahr 2020, f\u00fchrten Nachholeffekt, F\u00f6rderprogramm aber auch eine \u00e4u\u00dferst starke Nachfrage f\u00fcr die Binder+Co Gruppe mit Sitz in Gleisdorf im ersten Halbjahr zu einer deutlichen Umsatz- und Ergebnisverbesserung. Dass der Markt f\u00fcr Umwelttechnik &#8211; Stichwort &#8222;Green Deal&#8220; &#8211; w\u00e4chst, ist ein weiterer Grund f\u00fcr den Aufschwung der Unternehmensgruppe.<\/p>\n","protected":false},"author":34,"featured_media":52049,"comment_status":"closed","ping_status":"closed","sticky":false,"template":"","format":"standard","meta":{"inline_featured_image":false,"footnotes":""},"categories":[3268],"tags":[3290,3407,3292,3425,3291,3352],"class_list":["post-51177","post","type-post","status-publish","format-standard","has-post-thumbnail","hentry","category-artikel","tag-ceo-2","tag-presse","tag-recycling","tag-umwelttechnik","tag-vorstand","tag-wachstum"],"featured_image_urls_v2":{"full":["https:\/\/mf.ag\/wp-content\/uploads\/2023\/06\/binderco-1.png",800,450,false],"thumbnail":["https:\/\/mf.ag\/wp-content\/uploads\/2023\/06\/binderco-1-250x250.png",250,250,true],"medium":["https:\/\/mf.ag\/wp-content\/uploads\/2023\/06\/binderco-1-300x169.png",300,169,true],"medium_large":["https:\/\/mf.ag\/wp-content\/uploads\/2023\/06\/binderco-1-768x432.png",768,432,true],"large":["https:\/\/mf.ag\/wp-content\/uploads\/2023\/06\/binderco-1.png",800,450,false],"1536x1536":["https:\/\/mf.ag\/wp-content\/uploads\/2023\/06\/binderco-1.png",800,450,false],"2048x2048":["https:\/\/mf.ag\/wp-content\/uploads\/2023\/06\/binderco-1.png",800,450,false],"gform-image-choice-sm":["https:\/\/mf.ag\/wp-content\/uploads\/2023\/06\/binderco-1.png",300,169,false],"gform-image-choice-md":["https:\/\/mf.ag\/wp-content\/uploads\/2023\/06\/binderco-1.png",400,225,false],"gform-image-choice-lg":["https:\/\/mf.ag\/wp-content\/uploads\/2023\/06\/binderco-1.png",600,338,false],"profile_24":["https:\/\/mf.ag\/wp-content\/uploads\/2023\/06\/binderco-1-24x24.png",24,24,true],"profile_48":["https:\/\/mf.ag\/wp-content\/uploads\/2023\/06\/binderco-1-48x48.png",48,48,true],"profile_96":["https:\/\/mf.ag\/wp-content\/uploads\/2023\/06\/binderco-1-96x96.png",96,96,true],"profile_150":["https:\/\/mf.ag\/wp-content\/uploads\/2023\/06\/binderco-1-150x150.png",150,150,true],"profile_300":["https:\/\/mf.ag\/wp-content\/uploads\/2023\/06\/binderco-1-300x300.png",300,300,true]},"post_excerpt_stackable_v2":"<p>Nach einem herausfordernden Jahr 2020, f\u00fchrten Nachholeffekt, F\u00f6rderprogramm aber auch eine \u00e4u\u00dferst starke Nachfrage f\u00fcr die Binder+Co Gruppe mit Sitz in Gleisdorf im ersten Halbjahr zu einer deutlichen Umsatz- und Ergebnisverbesserung. Dass der Markt f\u00fcr Umwelttechnik &#8211; Stichwort &#8222;Green Deal&#8220; &#8211; w\u00e4chst, ist ein weiterer Grund f\u00fcr den Aufschwung der Unternehmensgruppe. E-Paper_-_Kleine_Zeitung_Binder_u.Co_Download<\/p>\n","category_list_v2":"<a href=\"https:\/\/mf.ag\/de\/category\/artikel\/\" rel=\"category tag\">Artikel<\/a>","author_info_v2":{"name":"Martin Pfeffer","url":"https:\/\/mf.ag\/de\/author\/martinpfeffer\/"},"comments_num_v2":"0 comments","yoast_head":"<!-- This site is optimized with the Yoast SEO Premium plugin v25.8 (Yoast SEO v27.5) - https:\/\/yoast.com\/product\/yoast-seo-premium-wordpress\/ -->\n<title>Gemeinsam mit unserem Kunden Binder &amp; Co auf Erfolgskurs &#187; Management Factory<\/title>\n<meta name=\"robots\" content=\"index, follow, max-snippet:-1, max-image-preview:large, max-video-preview:-1\" \/>\n<link rel=\"canonical\" href=\"https:\/\/mf.ag\/de\/artikel\/gemeinsam-mit-unserem-kunden-binder-co-auf-erfolgskurs\/\" \/>\n<meta property=\"og:locale\" content=\"de_DE\" \/>\n<meta property=\"og:type\" content=\"article\" \/>\n<meta property=\"og:title\" content=\"Gemeinsam mit unserem Kunden Binder &amp; Co auf Erfolgskurs\" \/>\n<meta property=\"og:description\" content=\"Nach einem herausfordernden Jahr 2020, f\u00fchrten Nachholeffekt, F\u00f6rderprogramm aber auch eine \u00e4u\u00dferst starke Nachfrage f\u00fcr die Binder+Co Gruppe mit Sitz in Gleisdorf im ersten Halbjahr zu einer deutlichen Umsatz- und Ergebnisverbesserung. Dass der Markt f\u00fcr Umwelttechnik &#8211; Stichwort &#8222;Green Deal&#8220; &#8211; w\u00e4chst, ist ein weiterer Grund f\u00fcr den Aufschwung der Unternehmensgruppe.\" \/>\n<meta property=\"og:url\" content=\"https:\/\/mf.ag\/de\/artikel\/gemeinsam-mit-unserem-kunden-binder-co-auf-erfolgskurs\/\" \/>\n<meta property=\"og:site_name\" content=\"Management Factory\" \/>\n<meta property=\"article:published_time\" content=\"2021-09-24T14:55:33+00:00\" \/>\n<meta property=\"article:modified_time\" content=\"2023-08-22T08:41:59+00:00\" \/>\n<meta property=\"og:image\" content=\"https:\/\/mf.ag\/wp-content\/uploads\/2023\/06\/binderco-1.png\" \/>\n\t<meta property=\"og:image:width\" content=\"800\" \/>\n\t<meta property=\"og:image:height\" content=\"450\" \/>\n\t<meta property=\"og:image:type\" content=\"image\/png\" \/>\n<meta name=\"author\" content=\"Martin Pfeffer\" \/>\n<meta name=\"twitter:card\" content=\"summary_large_image\" \/>\n<meta name=\"twitter:label1\" content=\"Verfasst von\" \/>\n\t<meta name=\"twitter:data1\" content=\"Martin Pfeffer\" \/>\n\t<meta name=\"twitter:label2\" content=\"Gesch\u00e4tzte Lesezeit\" \/>\n\t<meta name=\"twitter:data2\" content=\"1\u00a0Minute\" \/>\n<script type=\"application\/ld+json\" class=\"yoast-schema-graph\">{\"@context\":\"https:\\\/\\\/schema.org\",\"@graph\":[{\"@type\":\"Article\",\"@id\":\"https:\\\/\\\/mf.ag\\\/de\\\/artikel\\\/gemeinsam-mit-unserem-kunden-binder-co-auf-erfolgskurs\\\/#article\",\"isPartOf\":{\"@id\":\"https:\\\/\\\/mf.ag\\\/de\\\/artikel\\\/gemeinsam-mit-unserem-kunden-binder-co-auf-erfolgskurs\\\/\"},\"author\":{\"name\":\"Martin Pfeffer\",\"@id\":\"https:\\\/\\\/mf.ag\\\/de\\\/#\\\/schema\\\/person\\\/54787adb1e0641a5dcc9aa9141f69ea8\"},\"headline\":\"Gemeinsam mit unserem Kunden Binder &#038; Co auf Erfolgskurs\",\"datePublished\":\"2021-09-24T14:55:33+00:00\",\"dateModified\":\"2023-08-22T08:41:59+00:00\",\"mainEntityOfPage\":{\"@id\":\"https:\\\/\\\/mf.ag\\\/de\\\/artikel\\\/gemeinsam-mit-unserem-kunden-binder-co-auf-erfolgskurs\\\/\"},\"wordCount\":74,\"publisher\":{\"@id\":\"https:\\\/\\\/mf.ag\\\/de\\\/#organization\"},\"image\":{\"@id\":\"https:\\\/\\\/mf.ag\\\/de\\\/artikel\\\/gemeinsam-mit-unserem-kunden-binder-co-auf-erfolgskurs\\\/#primaryimage\"},\"thumbnailUrl\":\"https:\\\/\\\/mf.ag\\\/wp-content\\\/uploads\\\/2023\\\/06\\\/binderco-1.png\",\"keywords\":[\"CEO\",\"Presse\",\"Recycling\",\"Umwelttechnik\",\"Vorstand\",\"Wachstum\"],\"articleSection\":[\"Artikel\"],\"inLanguage\":\"de\"},{\"@type\":\"WebPage\",\"@id\":\"https:\\\/\\\/mf.ag\\\/de\\\/artikel\\\/gemeinsam-mit-unserem-kunden-binder-co-auf-erfolgskurs\\\/\",\"url\":\"https:\\\/\\\/mf.ag\\\/de\\\/artikel\\\/gemeinsam-mit-unserem-kunden-binder-co-auf-erfolgskurs\\\/\",\"name\":\"Gemeinsam mit unserem Kunden Binder & Co auf Erfolgskurs &#187; Management Factory\",\"isPartOf\":{\"@id\":\"https:\\\/\\\/mf.ag\\\/de\\\/#website\"},\"primaryImageOfPage\":{\"@id\":\"https:\\\/\\\/mf.ag\\\/de\\\/artikel\\\/gemeinsam-mit-unserem-kunden-binder-co-auf-erfolgskurs\\\/#primaryimage\"},\"image\":{\"@id\":\"https:\\\/\\\/mf.ag\\\/de\\\/artikel\\\/gemeinsam-mit-unserem-kunden-binder-co-auf-erfolgskurs\\\/#primaryimage\"},\"thumbnailUrl\":\"https:\\\/\\\/mf.ag\\\/wp-content\\\/uploads\\\/2023\\\/06\\\/binderco-1.png\",\"datePublished\":\"2021-09-24T14:55:33+00:00\",\"dateModified\":\"2023-08-22T08:41:59+00:00\",\"breadcrumb\":{\"@id\":\"https:\\\/\\\/mf.ag\\\/de\\\/artikel\\\/gemeinsam-mit-unserem-kunden-binder-co-auf-erfolgskurs\\\/#breadcrumb\"},\"inLanguage\":\"de\",\"potentialAction\":[{\"@type\":\"ReadAction\",\"target\":[\"https:\\\/\\\/mf.ag\\\/de\\\/artikel\\\/gemeinsam-mit-unserem-kunden-binder-co-auf-erfolgskurs\\\/\"]}]},{\"@type\":\"ImageObject\",\"inLanguage\":\"de\",\"@id\":\"https:\\\/\\\/mf.ag\\\/de\\\/artikel\\\/gemeinsam-mit-unserem-kunden-binder-co-auf-erfolgskurs\\\/#primaryimage\",\"url\":\"https:\\\/\\\/mf.ag\\\/wp-content\\\/uploads\\\/2023\\\/06\\\/binderco-1.png\",\"contentUrl\":\"https:\\\/\\\/mf.ag\\\/wp-content\\\/uploads\\\/2023\\\/06\\\/binderco-1.png\",\"width\":800,\"height\":450},{\"@type\":\"BreadcrumbList\",\"@id\":\"https:\\\/\\\/mf.ag\\\/de\\\/artikel\\\/gemeinsam-mit-unserem-kunden-binder-co-auf-erfolgskurs\\\/#breadcrumb\",\"itemListElement\":[{\"@type\":\"ListItem\",\"position\":1,\"name\":\"Home\",\"item\":\"https:\\\/\\\/mf.ag\\\/de\\\/\"},{\"@type\":\"ListItem\",\"position\":2,\"name\":\"Gemeinsam mit unserem Kunden Binder &#038; Co auf Erfolgskurs\"}]},{\"@type\":\"WebSite\",\"@id\":\"https:\\\/\\\/mf.ag\\\/de\\\/#website\",\"url\":\"https:\\\/\\\/mf.ag\\\/de\\\/\",\"name\":\"Management Factory\",\"description\":\"Mit Executive Interim Management und Financial Advisory das Gesch\u00e4ft voranbringen\",\"publisher\":{\"@id\":\"https:\\\/\\\/mf.ag\\\/de\\\/#organization\"},\"potentialAction\":[{\"@type\":\"SearchAction\",\"target\":{\"@type\":\"EntryPoint\",\"urlTemplate\":\"https:\\\/\\\/mf.ag\\\/de\\\/?s={search_term_string}\"},\"query-input\":{\"@type\":\"PropertyValueSpecification\",\"valueRequired\":true,\"valueName\":\"search_term_string\"}}],\"inLanguage\":\"de\"},{\"@type\":\"Organization\",\"@id\":\"https:\\\/\\\/mf.ag\\\/de\\\/#organization\",\"name\":\"Management Factory\",\"url\":\"https:\\\/\\\/mf.ag\\\/de\\\/\",\"logo\":{\"@type\":\"ImageObject\",\"inLanguage\":\"de\",\"@id\":\"https:\\\/\\\/mf.ag\\\/de\\\/#\\\/schema\\\/logo\\\/image\\\/\",\"url\":\"\",\"contentUrl\":\"\",\"caption\":\"Management Factory\"},\"image\":{\"@id\":\"https:\\\/\\\/mf.ag\\\/de\\\/#\\\/schema\\\/logo\\\/image\\\/\"}},{\"@type\":\"Person\",\"@id\":\"https:\\\/\\\/mf.ag\\\/de\\\/#\\\/schema\\\/person\\\/54787adb1e0641a5dcc9aa9141f69ea8\",\"name\":\"Martin Pfeffer\",\"image\":{\"@type\":\"ImageObject\",\"inLanguage\":\"de\",\"@id\":\"https:\\\/\\\/secure.gravatar.com\\\/avatar\\\/98852af5c2fbe73129e347ac74aebd514416cbe13481c68ecfda0840e73651c6?s=96&r=g\",\"url\":\"https:\\\/\\\/secure.gravatar.com\\\/avatar\\\/98852af5c2fbe73129e347ac74aebd514416cbe13481c68ecfda0840e73651c6?s=96&r=g\",\"contentUrl\":\"https:\\\/\\\/secure.gravatar.com\\\/avatar\\\/98852af5c2fbe73129e347ac74aebd514416cbe13481c68ecfda0840e73651c6?s=96&r=g\",\"caption\":\"Martin Pfeffer\"},\"description\":\"Dr. Martin Pfeffer ist seit \u00fcber zwanzig Jahren Teil der VALTUS Management Factory und z\u00e4hlt zu den f\u00fchrenden Experten f\u00fcr Finanzen, Restrukturierung und Interim Management. Zu seinen bedeutendsten Mandaten z\u00e4hlt die erfolgreiche Sanierung der Binder+Co AG, in der er als CFO und sp\u00e4ter CEO entscheidende operative und strategische Verbesserungen umsetzte. F\u00fcr dieses Projekt wurde er von der D\u00d6IM mit dem \u201eBesten Interim Management Projekt des Jahres 2025\u201c ausgezeichnet. Diese Auszeichnung unterstreicht seine au\u00dfergew\u00f6hnliche Wirksamkeit in anspruchsvollen Transformationssituationen.\",\"sameAs\":[\"https:\\\/\\\/mf.ag\\\/de\\\/martin-pfeffer\\\/\",\"https:\\\/\\\/www.linkedin.com\\\/in\\\/martin-pfeffer\\\/\"],\"url\":\"https:\\\/\\\/mf.ag\\\/de\\\/author\\\/martinpfeffer\\\/\"}]}<\/script>\n<!-- \/ Yoast SEO Premium plugin. -->","yoast_head_json":{"title":"Gemeinsam mit unserem Kunden Binder & Co auf Erfolgskurs &#187; Management Factory","robots":{"index":"index","follow":"follow","max-snippet":"max-snippet:-1","max-image-preview":"max-image-preview:large","max-video-preview":"max-video-preview:-1"},"canonical":"https:\/\/mf.ag\/de\/artikel\/gemeinsam-mit-unserem-kunden-binder-co-auf-erfolgskurs\/","og_locale":"de_DE","og_type":"article","og_title":"Gemeinsam mit unserem Kunden Binder & Co auf Erfolgskurs","og_description":"Nach einem herausfordernden Jahr 2020, f\u00fchrten Nachholeffekt, F\u00f6rderprogramm aber auch eine \u00e4u\u00dferst starke Nachfrage f\u00fcr die Binder+Co Gruppe mit Sitz in Gleisdorf im ersten Halbjahr zu einer deutlichen Umsatz- und Ergebnisverbesserung. Dass der Markt f\u00fcr Umwelttechnik &#8211; Stichwort &#8222;Green Deal&#8220; &#8211; w\u00e4chst, ist ein weiterer Grund f\u00fcr den Aufschwung der Unternehmensgruppe.","og_url":"https:\/\/mf.ag\/de\/artikel\/gemeinsam-mit-unserem-kunden-binder-co-auf-erfolgskurs\/","og_site_name":"Management Factory","article_published_time":"2021-09-24T14:55:33+00:00","article_modified_time":"2023-08-22T08:41:59+00:00","og_image":[{"width":800,"height":450,"url":"https:\/\/mf.ag\/wp-content\/uploads\/2023\/06\/binderco-1.png","type":"image\/png"}],"author":"Martin Pfeffer","twitter_card":"summary_large_image","twitter_misc":{"Verfasst von":"Martin Pfeffer","Gesch\u00e4tzte Lesezeit":"1\u00a0Minute"},"schema":{"@context":"https:\/\/schema.org","@graph":[{"@type":"Article","@id":"https:\/\/mf.ag\/de\/artikel\/gemeinsam-mit-unserem-kunden-binder-co-auf-erfolgskurs\/#article","isPartOf":{"@id":"https:\/\/mf.ag\/de\/artikel\/gemeinsam-mit-unserem-kunden-binder-co-auf-erfolgskurs\/"},"author":{"name":"Martin Pfeffer","@id":"https:\/\/mf.ag\/de\/#\/schema\/person\/54787adb1e0641a5dcc9aa9141f69ea8"},"headline":"Gemeinsam mit unserem Kunden Binder &#038; Co auf Erfolgskurs","datePublished":"2021-09-24T14:55:33+00:00","dateModified":"2023-08-22T08:41:59+00:00","mainEntityOfPage":{"@id":"https:\/\/mf.ag\/de\/artikel\/gemeinsam-mit-unserem-kunden-binder-co-auf-erfolgskurs\/"},"wordCount":74,"publisher":{"@id":"https:\/\/mf.ag\/de\/#organization"},"image":{"@id":"https:\/\/mf.ag\/de\/artikel\/gemeinsam-mit-unserem-kunden-binder-co-auf-erfolgskurs\/#primaryimage"},"thumbnailUrl":"https:\/\/mf.ag\/wp-content\/uploads\/2023\/06\/binderco-1.png","keywords":["CEO","Presse","Recycling","Umwelttechnik","Vorstand","Wachstum"],"articleSection":["Artikel"],"inLanguage":"de"},{"@type":"WebPage","@id":"https:\/\/mf.ag\/de\/artikel\/gemeinsam-mit-unserem-kunden-binder-co-auf-erfolgskurs\/","url":"https:\/\/mf.ag\/de\/artikel\/gemeinsam-mit-unserem-kunden-binder-co-auf-erfolgskurs\/","name":"Gemeinsam mit unserem Kunden Binder & Co auf Erfolgskurs &#187; Management Factory","isPartOf":{"@id":"https:\/\/mf.ag\/de\/#website"},"primaryImageOfPage":{"@id":"https:\/\/mf.ag\/de\/artikel\/gemeinsam-mit-unserem-kunden-binder-co-auf-erfolgskurs\/#primaryimage"},"image":{"@id":"https:\/\/mf.ag\/de\/artikel\/gemeinsam-mit-unserem-kunden-binder-co-auf-erfolgskurs\/#primaryimage"},"thumbnailUrl":"https:\/\/mf.ag\/wp-content\/uploads\/2023\/06\/binderco-1.png","datePublished":"2021-09-24T14:55:33+00:00","dateModified":"2023-08-22T08:41:59+00:00","breadcrumb":{"@id":"https:\/\/mf.ag\/de\/artikel\/gemeinsam-mit-unserem-kunden-binder-co-auf-erfolgskurs\/#breadcrumb"},"inLanguage":"de","potentialAction":[{"@type":"ReadAction","target":["https:\/\/mf.ag\/de\/artikel\/gemeinsam-mit-unserem-kunden-binder-co-auf-erfolgskurs\/"]}]},{"@type":"ImageObject","inLanguage":"de","@id":"https:\/\/mf.ag\/de\/artikel\/gemeinsam-mit-unserem-kunden-binder-co-auf-erfolgskurs\/#primaryimage","url":"https:\/\/mf.ag\/wp-content\/uploads\/2023\/06\/binderco-1.png","contentUrl":"https:\/\/mf.ag\/wp-content\/uploads\/2023\/06\/binderco-1.png","width":800,"height":450},{"@type":"BreadcrumbList","@id":"https:\/\/mf.ag\/de\/artikel\/gemeinsam-mit-unserem-kunden-binder-co-auf-erfolgskurs\/#breadcrumb","itemListElement":[{"@type":"ListItem","position":1,"name":"Home","item":"https:\/\/mf.ag\/de\/"},{"@type":"ListItem","position":2,"name":"Gemeinsam mit unserem Kunden Binder &#038; Co auf Erfolgskurs"}]},{"@type":"WebSite","@id":"https:\/\/mf.ag\/de\/#website","url":"https:\/\/mf.ag\/de\/","name":"Management Factory","description":"Mit Executive Interim Management und Financial Advisory das Gesch\u00e4ft voranbringen","publisher":{"@id":"https:\/\/mf.ag\/de\/#organization"},"potentialAction":[{"@type":"SearchAction","target":{"@type":"EntryPoint","urlTemplate":"https:\/\/mf.ag\/de\/?s={search_term_string}"},"query-input":{"@type":"PropertyValueSpecification","valueRequired":true,"valueName":"search_term_string"}}],"inLanguage":"de"},{"@type":"Organization","@id":"https:\/\/mf.ag\/de\/#organization","name":"Management Factory","url":"https:\/\/mf.ag\/de\/","logo":{"@type":"ImageObject","inLanguage":"de","@id":"https:\/\/mf.ag\/de\/#\/schema\/logo\/image\/","url":"","contentUrl":"","caption":"Management Factory"},"image":{"@id":"https:\/\/mf.ag\/de\/#\/schema\/logo\/image\/"}},{"@type":"Person","@id":"https:\/\/mf.ag\/de\/#\/schema\/person\/54787adb1e0641a5dcc9aa9141f69ea8","name":"Martin Pfeffer","image":{"@type":"ImageObject","inLanguage":"de","@id":"https:\/\/secure.gravatar.com\/avatar\/98852af5c2fbe73129e347ac74aebd514416cbe13481c68ecfda0840e73651c6?s=96&r=g","url":"https:\/\/secure.gravatar.com\/avatar\/98852af5c2fbe73129e347ac74aebd514416cbe13481c68ecfda0840e73651c6?s=96&r=g","contentUrl":"https:\/\/secure.gravatar.com\/avatar\/98852af5c2fbe73129e347ac74aebd514416cbe13481c68ecfda0840e73651c6?s=96&r=g","caption":"Martin Pfeffer"},"description":"Dr. Martin Pfeffer ist seit \u00fcber zwanzig Jahren Teil der VALTUS Management Factory und z\u00e4hlt zu den f\u00fchrenden Experten f\u00fcr Finanzen, Restrukturierung und Interim Management. Zu seinen bedeutendsten Mandaten z\u00e4hlt die erfolgreiche Sanierung der Binder+Co AG, in der er als CFO und sp\u00e4ter CEO entscheidende operative und strategische Verbesserungen umsetzte. F\u00fcr dieses Projekt wurde er von der D\u00d6IM mit dem \u201eBesten Interim Management Projekt des Jahres 2025\u201c ausgezeichnet. Diese Auszeichnung unterstreicht seine au\u00dfergew\u00f6hnliche Wirksamkeit in anspruchsvollen Transformationssituationen.","sameAs":["https:\/\/mf.ag\/de\/martin-pfeffer\/","https:\/\/www.linkedin.com\/in\/martin-pfeffer\/"],"url":"https:\/\/mf.ag\/de\/author\/martinpfeffer\/"}]}},"_links":{"self":[{"href":"https:\/\/mf.ag\/de\/wp-json\/wp\/v2\/posts\/51177","targetHints":{"allow":["GET"]}}],"collection":[{"href":"https:\/\/mf.ag\/de\/wp-json\/wp\/v2\/posts"}],"about":[{"href":"https:\/\/mf.ag\/de\/wp-json\/wp\/v2\/types\/post"}],"author":[{"embeddable":true,"href":"https:\/\/mf.ag\/de\/wp-json\/wp\/v2\/users\/34"}],"replies":[{"embeddable":true,"href":"https:\/\/mf.ag\/de\/wp-json\/wp\/v2\/comments?post=51177"}],"version-history":[{"count":2,"href":"https:\/\/mf.ag\/de\/wp-json\/wp\/v2\/posts\/51177\/revisions"}],"predecessor-version":[{"id":51444,"href":"https:\/\/mf.ag\/de\/wp-json\/wp\/v2\/posts\/51177\/revisions\/51444"}],"wp:featuredmedia":[{"embeddable":true,"href":"https:\/\/mf.ag\/de\/wp-json\/wp\/v2\/media\/52049"}],"wp:attachment":[{"href":"https:\/\/mf.ag\/de\/wp-json\/wp\/v2\/media?parent=51177"}],"wp:term":[{"taxonomy":"category","embeddable":true,"href":"https:\/\/mf.ag\/de\/wp-json\/wp\/v2\/categories?post=51177"},{"taxonomy":"post_tag","embeddable":true,"href":"https:\/\/mf.ag\/de\/wp-json\/wp\/v2\/tags?post=51177"}],"curies":[{"name":"wp","href":"https:\/\/api.w.org\/{rel}","templated":true}]}}